{"id":967,"date":"2012-03-14T06:00:09","date_gmt":"2012-03-14T05:00:09","guid":{"rendered":"http:\/\/spvgg-goldkronach.com\/1946\/?p=967"},"modified":"2012-03-08T01:52:41","modified_gmt":"2012-03-08T00:52:41","slug":"all-over-the-world-urlaubsgruse-aus-frankreich","status":"publish","type":"post","link":"https:\/\/spvgg-goldkronach.com\/1946\/2012\/03\/all-over-the-world-urlaubsgruse-aus-frankreich\/","title":{"rendered":"All over the world: Urlaubsgr\u00fc\u00dfe aus Frankreich"},"content":{"rendered":"<div id=\"attachment_1055\" style=\"width: 510px\" class=\"wp-caption alignleft\"><img loading=\"lazy\" decoding=\"async\" aria-describedby=\"caption-attachment-1055\" class=\"size-full wp-image-1055\" title=\"Hurra, hurra, die Gronicher sind da\" src=\"https:\/\/spvgg-goldkronach.com\/1946\/wp-content\/uploads\/2012\/03\/lyon_aufkleber500px.jpg\" alt=\"Hurra, hurra, die Gronicher sind da\" width=\"500\" height=\"300\" srcset=\"https:\/\/spvgg-goldkronach.com\/1946\/wp-content\/uploads\/2012\/03\/lyon_aufkleber500px.jpg 500w, https:\/\/spvgg-goldkronach.com\/1946\/wp-content\/uploads\/2012\/03\/lyon_aufkleber500px-300x180.jpg 300w\" sizes=\"auto, (max-width: 500px) 100vw, 500px\" \/><p id=\"caption-attachment-1055\" class=\"wp-caption-text\">SpVgg-Sticker vor der Basilika Notre Dame de Fourvi\u00e8re<\/p><\/div>\n<div id=\"attachment_1053\" style=\"width: 510px\" class=\"wp-caption alignleft\"><img loading=\"lazy\" decoding=\"async\" aria-describedby=\"caption-attachment-1053\" class=\"size-full wp-image-1053\" title=\"Lyon\" src=\"https:\/\/spvgg-goldkronach.com\/1946\/wp-content\/uploads\/2012\/03\/lyon_stadt.jpg\" alt=\"Lyon\" width=\"500\" height=\"180\" srcset=\"https:\/\/spvgg-goldkronach.com\/1946\/wp-content\/uploads\/2012\/03\/lyon_stadt.jpg 500w, https:\/\/spvgg-goldkronach.com\/1946\/wp-content\/uploads\/2012\/03\/lyon_stadt-300x108.jpg 300w\" sizes=\"auto, (max-width: 500px) 100vw, 500px\" \/><p id=\"caption-attachment-1053\" class=\"wp-caption-text\">Stadtansicht von Lyon<\/p><\/div>\n<p>Wir sind wieder einmal reichlich sp\u00e4t dran, doch erreichte uns erst jetzt spektakul\u00e4res Bildmaterial aus dem Dezember des Jahres 2011. Zur &#8222;F\u00eate des lumi\u00e8res&#8220; verschlug es Goldkronacher Touristen nach Frankreich, genauer gesagt ins sch\u00f6ne Lyon, wo der Ex-Viertligist ebenfalls Anh\u00e4nger zu haben scheint. Wie sonst lie\u00dfe sich der Sticker mit Vereinslogo erkl\u00e4ren, der an einem Laternenpfahl gleich gegen\u00fcber der Basilique Notre Dame de Fourvi\u00e8re hoch \u00fcber dem Ufer der Sa\u00f4ne zu finden war? spvgg-goldkronach.com hat die Fotos &#8211; und nat\u00fcrlich auch eine Landkarte mit dem Fundort. Alle SpVgg-Urlaubsgr\u00fc\u00dfe aus ganz Europa findet ihr <a title=\"Galerie: All over the world...\" href=\"https:\/\/picasaweb.google.com\/sportverein.vorwaerts\/AllOverTheWorld\" target=\"_blank\">hier in unserer Galerie &#8222;All over the world&#8220;<\/a>!<\/p>\n<p><iframe loading=\"lazy\" src=\"http:\/\/maps.google.de\/maps?f=q&amp;source=s_q&amp;hl=de&amp;geocode=&amp;q=1-2+Place+de+Fourvi%C3%A8re+69005+Lyon,+Frankreich&amp;sll=51.151786,10.415039&amp;sspn=14.741016,39.506836&amp;ie=UTF8&amp;hq=&amp;hnear=2+Place+de+Fourvi%C3%A8re,+69005+Lyon,+Rh%C3%B4ne,+Rh%C3%B4ne-Alpes,+Frankreich&amp;t=h&amp;ll=45.760098,4.821711&amp;spn=0.022455,0.04283&amp;z=14&amp;output=embed\" frameborder=\"0\" marginwidth=\"0\" marginheight=\"0\" scrolling=\"no\" width=\"500\" height=\"375\"><\/iframe><br \/>\n<small><a style=\"color: #0000ff; text-align: left;\" href=\"http:\/\/maps.google.de\/maps?f=q&amp;source=embed&amp;hl=de&amp;geocode=&amp;q=1-2+Place+de+Fourvi%C3%A8re+69005+Lyon,+Frankreich&amp;sll=51.151786,10.415039&amp;sspn=14.741016,39.506836&amp;ie=UTF8&amp;hq=&amp;hnear=2+Place+de+Fourvi%C3%A8re,+69005+Lyon,+Rh%C3%B4ne,+Rh%C3%B4ne-Alpes,+Frankreich&amp;t=h&amp;ll=45.760098,4.821711&amp;spn=0.022455,0.04283&amp;z=14\">Gr\u00f6\u00dfere Kartenansicht<\/a><\/small><\/p>\n","protected":false},"excerpt":{"rendered":"<p>Wir sind wieder einmal reichlich sp\u00e4t dran, doch erreichte uns erst jetzt spektakul\u00e4res Bildmaterial aus dem Dezember des Jahres 2011. Zur &#8222;F\u00eate des lumi\u00e8res&#8220; verschlug es Goldkronacher Touristen nach Frankreich, genauer gesagt ins sch\u00f6ne Lyon, wo der Ex-Viertligist ebenfalls Anh\u00e4nger zu haben scheint. Wie sonst lie\u00dfe sich der Sticker mit Vereinslogo erkl\u00e4ren, der an einem [&hellip;]<\/p>\n","protected":false},"author":1,"featured_media":1054,"comment_status":"open","ping_status":"closed","sticky":false,"template":"","format":"standard","meta":{"footnotes":""},"categories":[1],"tags":[220,219,221],"class_list":["post-967","post","type-post","status-publish","format-standard","has-post-thumbnail","hentry","category-verein","tag-all-over-the-world","tag-lyon","tag-sticker"],"_links":{"self":[{"href":"https:\/\/spvgg-goldkronach.com\/1946\/wp-json\/wp\/v2\/posts\/967","targetHints":{"allow":["GET"]}}],"collection":[{"href":"https:\/\/spvgg-goldkronach.com\/1946\/wp-json\/wp\/v2\/posts"}],"about":[{"href":"https:\/\/spvgg-goldkronach.com\/1946\/wp-json\/wp\/v2\/types\/post"}],"author":[{"embeddable":true,"href":"https:\/\/spvgg-goldkronach.com\/1946\/wp-json\/wp\/v2\/users\/1"}],"replies":[{"embeddable":true,"href":"https:\/\/spvgg-goldkronach.com\/1946\/wp-json\/wp\/v2\/comments?post=967"}],"version-history":[{"count":11,"href":"https:\/\/spvgg-goldkronach.com\/1946\/wp-json\/wp\/v2\/posts\/967\/revisions"}],"predecessor-version":[{"id":1034,"href":"https:\/\/spvgg-goldkronach.com\/1946\/wp-json\/wp\/v2\/posts\/967\/revisions\/1034"}],"wp:featuredmedia":[{"embeddable":true,"href":"https:\/\/spvgg-goldkronach.com\/1946\/wp-json\/wp\/v2\/media\/1054"}],"wp:attachment":[{"href":"https:\/\/spvgg-goldkronach.com\/1946\/wp-json\/wp\/v2\/media?parent=967"}],"wp:term":[{"taxonomy":"category","embeddable":true,"href":"https:\/\/spvgg-goldkronach.com\/1946\/wp-json\/wp\/v2\/categories?post=967"},{"taxonomy":"post_tag","embeddable":true,"href":"https:\/\/spvgg-goldkronach.com\/1946\/wp-json\/wp\/v2\/tags?post=967"}],"curies":[{"name":"wp","href":"https:\/\/api.w.org\/{rel}","templated":true}]}}