{"id":8199,"date":"2025-11-23T19:50:52","date_gmt":"2025-11-23T18:50:52","guid":{"rendered":"http:\/\/spvgg-goldkronach.com\/1946\/?p=8199"},"modified":"2025-11-23T19:52:36","modified_gmt":"2025-11-23T18:52:36","slug":"goldkronacher-weihnachtsmarkt-am-ersten-advent","status":"publish","type":"post","link":"https:\/\/spvgg-goldkronach.com\/1946\/2025\/11\/goldkronacher-weihnachtsmarkt-am-ersten-advent\/","title":{"rendered":"Goldkronacher Weihnachtsmarkt am ersten Advent"},"content":{"rendered":"<p><strong>Vor ein paar Tagen hat es im Fichtelgebirge erstmals geschneit. Am kommenden Sonntag, 30. November, stimmt der Goldkronacher Weihnachtsmarkt auf die Adventszeit ein. Am Stand unseres<\/strong><strong> F\u00f6rdervereins kann man sich bei einem hei\u00dfen Getr\u00e4nk aufw\u00e4rmen.<\/strong><\/p>\n<p>Am ersten Advents-Sonntag, dem 30. November 2025, erwartet die Besucher am Stand des F\u00f6rdervereins der SpVgg Goldkronach wieder eine Auswahl vorweihnachtlicher Gen\u00fcsse. Unter anderem gibt es hei\u00dfen Gl\u00fchwein, \u201eWinterapfel\u201c (mit Amaretto oder alkoholfrei), Jagertee oder Bombardino mit Sahne.<\/p>\n<p>Von 14 Uhr bis 19 Uhr ist der Goldkronacher Weihnachtsmarkt ge\u00f6ffnet. Der Markt beginnt mit dem Prolog des Christkinds, au\u00dferdem hat der Nikolaus seinen Besuch angek\u00fcndigt. Um 16 Uhr findet in der Stadtkirche am Marktplatz ein Gottesdienst statt.<\/p>\n","protected":false},"excerpt":{"rendered":"<p>Vor ein paar Tagen hat es im Fichtelgebirge erstmals geschneit. Am kommenden Sonntag, 30. November, stimmt der Goldkronacher Weihnachtsmarkt auf die Adventszeit ein. Am Stand unseres F\u00f6rdervereins kann man sich bei einem hei\u00dfen Getr\u00e4nk aufw\u00e4rmen. Am ersten Advents-Sonntag, dem 30. November 2025, erwartet die Besucher am Stand des F\u00f6rdervereins der SpVgg Goldkronach wieder eine Auswahl [&hellip;]<\/p>\n","protected":false},"author":1,"featured_media":6578,"comment_status":"closed","ping_status":"closed","sticky":false,"template":"","format":"standard","meta":{"footnotes":""},"categories":[810,12],"tags":[546,849],"class_list":["post-8199","post","type-post","status-publish","format-standard","has-post-thumbnail","hentry","category-foerderverein","category-veranstaltungen","tag-advent","tag-weihnachtsmarkt"],"_links":{"self":[{"href":"https:\/\/spvgg-goldkronach.com\/1946\/wp-json\/wp\/v2\/posts\/8199","targetHints":{"allow":["GET"]}}],"collection":[{"href":"https:\/\/spvgg-goldkronach.com\/1946\/wp-json\/wp\/v2\/posts"}],"about":[{"href":"https:\/\/spvgg-goldkronach.com\/1946\/wp-json\/wp\/v2\/types\/post"}],"author":[{"embeddable":true,"href":"https:\/\/spvgg-goldkronach.com\/1946\/wp-json\/wp\/v2\/users\/1"}],"replies":[{"embeddable":true,"href":"https:\/\/spvgg-goldkronach.com\/1946\/wp-json\/wp\/v2\/comments?post=8199"}],"version-history":[{"count":3,"href":"https:\/\/spvgg-goldkronach.com\/1946\/wp-json\/wp\/v2\/posts\/8199\/revisions"}],"predecessor-version":[{"id":8202,"href":"https:\/\/spvgg-goldkronach.com\/1946\/wp-json\/wp\/v2\/posts\/8199\/revisions\/8202"}],"wp:featuredmedia":[{"embeddable":true,"href":"https:\/\/spvgg-goldkronach.com\/1946\/wp-json\/wp\/v2\/media\/6578"}],"wp:attachment":[{"href":"https:\/\/spvgg-goldkronach.com\/1946\/wp-json\/wp\/v2\/media?parent=8199"}],"wp:term":[{"taxonomy":"category","embeddable":true,"href":"https:\/\/spvgg-goldkronach.com\/1946\/wp-json\/wp\/v2\/categories?post=8199"},{"taxonomy":"post_tag","embeddable":true,"href":"https:\/\/spvgg-goldkronach.com\/1946\/wp-json\/wp\/v2\/tags?post=8199"}],"curies":[{"name":"wp","href":"https:\/\/api.w.org\/{rel}","templated":true}]}}