{"id":8120,"date":"2024-11-23T23:57:06","date_gmt":"2024-11-23T22:57:06","guid":{"rendered":"http:\/\/spvgg-goldkronach.com\/1946\/?p=8120"},"modified":"2024-11-23T23:57:06","modified_gmt":"2024-11-23T22:57:06","slug":"dan-pruefung-zwei-goldkronacher-karatekas-duerfen-jetzt-schwarzen-guertel-tragen","status":"publish","type":"post","link":"https:\/\/spvgg-goldkronach.com\/1946\/2024\/11\/dan-pruefung-zwei-goldkronacher-karatekas-duerfen-jetzt-schwarzen-guertel-tragen\/","title":{"rendered":"Dan-Pr\u00fcfung: Zwei Goldkronacher Karatekas d\u00fcrfen jetzt schwarzen G\u00fcrtel tragen"},"content":{"rendered":"<div id=\"attachment_8121\" style=\"width: 2010px\" class=\"wp-caption aligncenter\"><img loading=\"lazy\" decoding=\"async\" aria-describedby=\"caption-attachment-8121\" class=\"wp-image-8121 size-full\" src=\"https:\/\/spvgg-goldkronach.com\/1946\/wp-content\/uploads\/2024\/11\/2024-11-Teaser-Karate.jpg\" alt=\"\" width=\"2000\" height=\"1500\" srcset=\"https:\/\/spvgg-goldkronach.com\/1946\/wp-content\/uploads\/2024\/11\/2024-11-Teaser-Karate.jpg 2000w, https:\/\/spvgg-goldkronach.com\/1946\/wp-content\/uploads\/2024\/11\/2024-11-Teaser-Karate-300x225.jpg 300w, https:\/\/spvgg-goldkronach.com\/1946\/wp-content\/uploads\/2024\/11\/2024-11-Teaser-Karate-1024x768.jpg 1024w, https:\/\/spvgg-goldkronach.com\/1946\/wp-content\/uploads\/2024\/11\/2024-11-Teaser-Karate-768x576.jpg 768w, https:\/\/spvgg-goldkronach.com\/1946\/wp-content\/uploads\/2024\/11\/2024-11-Teaser-Karate-1536x1152.jpg 1536w, https:\/\/spvgg-goldkronach.com\/1946\/wp-content\/uploads\/2024\/11\/2024-11-Teaser-Karate-100x75.jpg 100w, https:\/\/spvgg-goldkronach.com\/1946\/wp-content\/uploads\/2024\/11\/2024-11-Teaser-Karate-160x120.jpg 160w, https:\/\/spvgg-goldkronach.com\/1946\/wp-content\/uploads\/2024\/11\/2024-11-Teaser-Karate-280x210.jpg 280w, https:\/\/spvgg-goldkronach.com\/1946\/wp-content\/uploads\/2024\/11\/2024-11-Teaser-Karate-400x300.jpg 400w, https:\/\/spvgg-goldkronach.com\/1946\/wp-content\/uploads\/2024\/11\/2024-11-Teaser-Karate-800x600.jpg 800w\" sizes=\"auto, (max-width: 2000px) 100vw, 2000px\" \/><p id=\"caption-attachment-8121\" class=\"wp-caption-text\">Die erfolgreichen Goldkronacher Karatekas Stefan Schwarzbeck und Thorsten Kreutzer.<\/p><\/div>\n<p><strong>Thorsten Kreutzer und Stefan Schwarzbeck aus der Karate-Abteilung der SpVgg Goldkronach haben am 19. Oktober 2024 jeweils ihre Pr\u00fcfung zum 1. Dan bestanden.<\/strong><\/p>\n<p>Die Dan-Pr\u00fcfung markiert im Karate den \u00dcbergang vom &#8222;Sch\u00fcler&#8220; zum &#8222;Meister&#8220;. Wer Inhaber eines der insgesamt zehn Dan-Grade ist, darf auch den schwarzen G\u00fcrtel tragen \u2013 so wie Thorsten Kreutzer und Stefan Schwarzbeck aus unserer Karate-Abteilung, denen wir zu diesem Erfolg bei der Pr\u00fcfung im Oktober ganz herzlich gratulieren.<\/p>\n","protected":false},"excerpt":{"rendered":"<p>Thorsten Kreutzer und Stefan Schwarzbeck aus der Karate-Abteilung der SpVgg Goldkronach haben am 19. Oktober 2024 jeweils ihre Pr\u00fcfung zum 1. Dan bestanden. Die Dan-Pr\u00fcfung markiert im Karate den \u00dcbergang vom &#8222;Sch\u00fcler&#8220; zum &#8222;Meister&#8220;. Wer Inhaber eines der insgesamt zehn Dan-Grade ist, darf auch den schwarzen G\u00fcrtel tragen \u2013 so wie Thorsten Kreutzer und Stefan [&hellip;]<\/p>\n","protected":false},"author":1,"featured_media":8121,"comment_status":"closed","ping_status":"closed","sticky":false,"template":"","format":"standard","meta":{"footnotes":""},"categories":[10],"tags":[672,348],"class_list":["post-8120","post","type-post","status-publish","format-standard","has-post-thumbnail","hentry","category-karate","tag-karate","tag-prufung"],"_links":{"self":[{"href":"https:\/\/spvgg-goldkronach.com\/1946\/wp-json\/wp\/v2\/posts\/8120","targetHints":{"allow":["GET"]}}],"collection":[{"href":"https:\/\/spvgg-goldkronach.com\/1946\/wp-json\/wp\/v2\/posts"}],"about":[{"href":"https:\/\/spvgg-goldkronach.com\/1946\/wp-json\/wp\/v2\/types\/post"}],"author":[{"embeddable":true,"href":"https:\/\/spvgg-goldkronach.com\/1946\/wp-json\/wp\/v2\/users\/1"}],"replies":[{"embeddable":true,"href":"https:\/\/spvgg-goldkronach.com\/1946\/wp-json\/wp\/v2\/comments?post=8120"}],"version-history":[{"count":1,"href":"https:\/\/spvgg-goldkronach.com\/1946\/wp-json\/wp\/v2\/posts\/8120\/revisions"}],"predecessor-version":[{"id":8122,"href":"https:\/\/spvgg-goldkronach.com\/1946\/wp-json\/wp\/v2\/posts\/8120\/revisions\/8122"}],"wp:featuredmedia":[{"embeddable":true,"href":"https:\/\/spvgg-goldkronach.com\/1946\/wp-json\/wp\/v2\/media\/8121"}],"wp:attachment":[{"href":"https:\/\/spvgg-goldkronach.com\/1946\/wp-json\/wp\/v2\/media?parent=8120"}],"wp:term":[{"taxonomy":"category","embeddable":true,"href":"https:\/\/spvgg-goldkronach.com\/1946\/wp-json\/wp\/v2\/categories?post=8120"},{"taxonomy":"post_tag","embeddable":true,"href":"https:\/\/spvgg-goldkronach.com\/1946\/wp-json\/wp\/v2\/tags?post=8120"}],"curies":[{"name":"wp","href":"https:\/\/api.w.org\/{rel}","templated":true}]}}