{"id":8093,"date":"2024-10-12T17:50:21","date_gmt":"2024-10-12T15:50:21","guid":{"rendered":"http:\/\/spvgg-goldkronach.com\/1946\/?p=8093"},"modified":"2024-10-12T17:54:50","modified_gmt":"2024-10-12T15:54:50","slug":"die-letzten-liga-duelle-gegen-selb-wie-die-gronicher-1961-die-dreizehner-niederkaempften","status":"publish","type":"post","link":"https:\/\/spvgg-goldkronach.com\/1946\/2024\/10\/die-letzten-liga-duelle-gegen-selb-wie-die-gronicher-1961-die-dreizehner-niederkaempften\/","title":{"rendered":"Die letzten Liga-Duelle gegen Selb: Wie die Gronicher 1961 die &#8222;Dreizehner&#8220; niederk\u00e4mpften"},"content":{"rendered":"<p><strong>Wenn am Sonntag der SV Union Selb an die Kronach reist, stellt sich erstmals seit 1961 wieder eine Mannschaft aus Selb in einem Ligaspiel in Goldkronach vor. F\u00fcr den einheimischen FC Fichtelgebirge geht es um wichtige Punkte f\u00fcr den Klassenerhalt. Gut zu wissen, dass es die Teams aus Selb in der Goldbergbaustadt schon in der Saison 1960\/61 schwer hatten: Die SpVgg Goldkronach nahm damals dem FK 09 Selb und der SpVgg 1913 Selb, beides Vorg\u00e4nger-Klubs der Union, in zwei Heimspielen insgesamt vier Punkte ab.<br \/>\n<\/strong><\/p>\n<p>F\u00fcr die frisch in die Zweite Amateurliga aufgestiegenen Goldkronacher ging es 1960\/61 ausschlie\u00dflich um den Klassenerhalt. Die arrivierten Vereine aus der Porzellanstadt, der FK 09 und die SpVgg Selb, hatten da schon andere Ziele. Das kam bereits in der Karikatur zum Ausdruck, die die <em>Fr\u00e4nkische Presse<\/em> am 5. November 1960 abdruckte. Die Vorg\u00e4ngerin des <em>Nordbayerischen Kuriers<\/em> illustrierte jeden Samstag ihre Vorberichte zu den Spielen der h\u00f6heren Amateurligen mit solchen Zeichnungen. Die SpVgg Goldkronach wurde durch den &#8222;Goldschmied&#8220; verk\u00f6rpert. Dieser sollte nun, so der Karikaturist, den Pokal des FK 09 Selb vergolden.<\/p>\n<div id=\"attachment_8097\" style=\"width: 265px\" class=\"wp-caption aligncenter\"><img loading=\"lazy\" decoding=\"async\" aria-describedby=\"caption-attachment-8097\" class=\"wp-image-8097 size-medium\" src=\"https:\/\/spvgg-goldkronach.com\/1946\/wp-content\/uploads\/2024\/10\/1960-11-05-FP-Selb-255x300.jpg\" alt=\"\" width=\"255\" height=\"300\" srcset=\"https:\/\/spvgg-goldkronach.com\/1946\/wp-content\/uploads\/2024\/10\/1960-11-05-FP-Selb-255x300.jpg 255w, https:\/\/spvgg-goldkronach.com\/1946\/wp-content\/uploads\/2024\/10\/1960-11-05-FP-Selb.jpg 593w\" sizes=\"auto, (max-width: 255px) 100vw, 255px\" \/><p id=\"caption-attachment-8097\" class=\"wp-caption-text\">Karikatur aus der &#8222;Fr\u00e4nkischen Presse&#8220; vom 5. November 1960.<\/p><\/div>\n<p>Beim FK oder FC Selb handelte es sich um den 1909 gegr\u00fcndeten 1. Fu\u00dfball-Klub Selb. Der FK 09 war einst eine feste Gr\u00f6\u00dfe im h\u00f6herklassigen Amateurfu\u00dfball der Region, spielte in den 1970er Jahren lange in der Landesliga. Anfang der 2000er Jahre fusionierte der FK 09 Selb mit dem TSV 06 Selb und dem FC S\u00fcdring Selb zum FK 06-S\u00fcdring Selb. Mit diesem Verein kreuzten die Goldkronacher Jugendmannschaften gelegentlich bei Hallenturnieren die Klingen, aber im Ligafu\u00dfball gab es keine Duelle mehr \u2013 schon gar nicht bei den Erwachsenen. 2010 benannte sich der Fusionsklub in FC Selb um, ehe er ab 2015 in den Kickers Selb aufging.<\/p>\n<div id=\"attachment_8095\" style=\"width: 288px\" class=\"wp-caption aligncenter\"><img loading=\"lazy\" decoding=\"async\" aria-describedby=\"caption-attachment-8095\" class=\" wp-image-8095\" src=\"https:\/\/spvgg-goldkronach.com\/1946\/wp-content\/uploads\/2024\/10\/Selb-FK-09-300x300.jpg\" alt=\"\" width=\"278\" height=\"278\" srcset=\"https:\/\/spvgg-goldkronach.com\/1946\/wp-content\/uploads\/2024\/10\/Selb-FK-09-300x300.jpg 300w, https:\/\/spvgg-goldkronach.com\/1946\/wp-content\/uploads\/2024\/10\/Selb-FK-09-150x150.jpg 150w, https:\/\/spvgg-goldkronach.com\/1946\/wp-content\/uploads\/2024\/10\/Selb-FK-09.jpg 600w\" sizes=\"auto, (max-width: 278px) 100vw, 278px\" \/><p id=\"caption-attachment-8095\" class=\"wp-caption-text\">Schon lange nicht mehr selbstst\u00e4ndig: Der FK (oder auch FC) Selb von 1909.<\/p><\/div>\n<p>W\u00e4hrend also die Vorzeichen am 6. November 1960 nicht gerade g\u00fcnstig f\u00fcr die Gronicher standen, so zeigte sich der Underdog gegen\u00fcber dem FK 09 Selb doch keineswegs mutlos. Zwar gingen die Selber einige Minuten vor der Halbzeit in F\u00fchrung und spielten insgesamt keine schlechte Partie. Doch der Spielbericht in der <em>Fr\u00e4nkischen Presse<\/em> lobte auch Goldkronach f\u00fcr &#8222;sch\u00f6ne Spielz\u00fcge&#8220;, so dass Blechschmidt in der 76. Minute zum 1:1 ausgleichen konnte. Im Goldkronacher Tor gl\u00e4nzte Erich Drescher durch seine Strafraumbeherrschung. Und am Ende hatte der FK 09 sogar Gl\u00fcck, dass sich sein Linksverteidiger Busse zwei Minuten vor Schluss gerade noch in einen Abschluss der Gastgeber warf. Die Gronicher kn\u00f6pften dem Favoriten hochverdient einen Punkt ab.<\/p>\n<div id=\"attachment_8098\" style=\"width: 716px\" class=\"wp-caption aligncenter\"><img loading=\"lazy\" decoding=\"async\" aria-describedby=\"caption-attachment-8098\" class=\"wp-image-8098\" src=\"https:\/\/spvgg-goldkronach.com\/1946\/wp-content\/uploads\/2024\/10\/1960-11-07-FP-Selb-1024x361.jpg\" alt=\"\" width=\"706\" height=\"249\" srcset=\"https:\/\/spvgg-goldkronach.com\/1946\/wp-content\/uploads\/2024\/10\/1960-11-07-FP-Selb-1024x361.jpg 1024w, https:\/\/spvgg-goldkronach.com\/1946\/wp-content\/uploads\/2024\/10\/1960-11-07-FP-Selb-300x106.jpg 300w, https:\/\/spvgg-goldkronach.com\/1946\/wp-content\/uploads\/2024\/10\/1960-11-07-FP-Selb-768x271.jpg 768w, https:\/\/spvgg-goldkronach.com\/1946\/wp-content\/uploads\/2024\/10\/1960-11-07-FP-Selb.jpg 1251w\" sizes=\"auto, (max-width: 706px) 100vw, 706px\" \/><p id=\"caption-attachment-8098\" class=\"wp-caption-text\">Die Schlagzeile der &#8222;Fr\u00e4nkischen Presse&#8220; am 7. November 1960.<\/p><\/div>\n<p>Es gibt aber noch einen gro\u00dfen Traditionsklub in Selb, n\u00e4mlich die SpVgg Selb von 1913 \u2013 und auch diese spielte 1960\/61 mit der SpVgg Goldkronach in der Zweiten Amateurliga. Die &#8222;Dreizehner&#8220;, so gerufen nach ihrem Gr\u00fcndungsjahr, waren meist in der Kreis- oder Bezirksliga zu finden. Im Fr\u00fchling 2023 trafen die Vereinsmitglieder die Entscheidung, mit Kickers Selb zum SV Union Selb zu fusionieren.<\/p>\n<div id=\"attachment_8096\" style=\"width: 259px\" class=\"wp-caption aligncenter\"><img loading=\"lazy\" decoding=\"async\" aria-describedby=\"caption-attachment-8096\" class=\" wp-image-8096\" src=\"https:\/\/spvgg-goldkronach.com\/1946\/wp-content\/uploads\/2024\/10\/Selb-SpVgg-300x300.jpg\" alt=\"\" width=\"249\" height=\"249\" srcset=\"https:\/\/spvgg-goldkronach.com\/1946\/wp-content\/uploads\/2024\/10\/Selb-SpVgg-300x300.jpg 300w, https:\/\/spvgg-goldkronach.com\/1946\/wp-content\/uploads\/2024\/10\/Selb-SpVgg-150x150.jpg 150w, https:\/\/spvgg-goldkronach.com\/1946\/wp-content\/uploads\/2024\/10\/Selb-SpVgg.jpg 600w\" sizes=\"auto, (max-width: 249px) 100vw, 249px\" \/><p id=\"caption-attachment-8096\" class=\"wp-caption-text\">Heute ebenfalls Teil von Union Selb: Die SpVgg Selb von 1913.<\/p><\/div>\n<p>Ein paar Jahrzehnte zuvor, im Fr\u00fchjahr 1961, schickte sich die SpVgg Selb gerade an, den Lokalrivalen FK 09 zu \u00fcberfl\u00fcgeln. Hinter Wacker Marktredwitz und der SpVgg Hof \u2013 zwei ebenfalls nicht mehr (selbstst\u00e4ndig) im Spielbetrieb stehenden Klubs \u2013 lagen die &#8222;Dreizehner&#8220; auf dem dritten Rang der Zweiten Amateurliga. &#8222;Goldkronach wird sich daheim gegen SpVgg Selb hart tun&#8220;, prophezeite die <em>Fr\u00e4nkische Presse<\/em> am 25. Februar 1961, denn die Gronicher waren zwischenzeitlich wieder auf den letzten Platz zur\u00fcckgefallen. &#8222;Vielleicht vermag der Goldkronacher Sturm das Eisen aus dem Feuer zu rei\u00dfen?&#8220;, verbreitete das Blatt zumindest Zweckoptimismus.<\/p>\n<div id=\"attachment_8099\" style=\"width: 743px\" class=\"wp-caption aligncenter\"><img loading=\"lazy\" decoding=\"async\" aria-describedby=\"caption-attachment-8099\" class=\" wp-image-8099\" src=\"https:\/\/spvgg-goldkronach.com\/1946\/wp-content\/uploads\/2024\/10\/1961-02-27-FP-Selb.jpg\" alt=\"\" width=\"733\" height=\"189\" srcset=\"https:\/\/spvgg-goldkronach.com\/1946\/wp-content\/uploads\/2024\/10\/1961-02-27-FP-Selb.jpg 826w, https:\/\/spvgg-goldkronach.com\/1946\/wp-content\/uploads\/2024\/10\/1961-02-27-FP-Selb-300x77.jpg 300w, https:\/\/spvgg-goldkronach.com\/1946\/wp-content\/uploads\/2024\/10\/1961-02-27-FP-Selb-768x198.jpg 768w\" sizes=\"auto, (max-width: 733px) 100vw, 733px\" \/><p id=\"caption-attachment-8099\" class=\"wp-caption-text\">Die &#8222;Fr\u00e4nkische Presse&#8220; am 27. Februar 1961.<\/p><\/div>\n<p>Tats\u00e4chlich sahen die 200 Zuschauer zun\u00e4chst eine Partie mit Chancen auf beiden Seiten, wobei die Goldkronacher schon leicht im Vorteil waren. Sie scheiterten aber am starken Selber Torh\u00fcter Sie\u00dflack und machten es sich selbst schwer, weil sie &#8222;\u00fcbertrieben kombinierten&#8220;, befand der Berichterstatter. Erst in der 80. Minute fiel das erl\u00f6sende 1:0 f\u00fcr den Abstiegskandidaten durch Spielertrainer Rudi Blechschmidt. Nach gro\u00dfem Kampf bezwangen die Gronicher das Spitzenteam aus Selb.<\/p>\n<div id=\"attachment_7554\" style=\"width: 780px\" class=\"wp-caption aligncenter\"><img loading=\"lazy\" decoding=\"async\" aria-describedby=\"caption-attachment-7554\" class=\"wp-image-7554\" src=\"https:\/\/spvgg-goldkronach.com\/1946\/wp-content\/uploads\/2023\/07\/1960-08-22-FP-Foto-Wunsiedel-als-Teaser-1024x617.jpg\" alt=\"\" width=\"770\" height=\"464\" srcset=\"https:\/\/spvgg-goldkronach.com\/1946\/wp-content\/uploads\/2023\/07\/1960-08-22-FP-Foto-Wunsiedel-als-Teaser-1024x617.jpg 1024w, https:\/\/spvgg-goldkronach.com\/1946\/wp-content\/uploads\/2023\/07\/1960-08-22-FP-Foto-Wunsiedel-als-Teaser-300x181.jpg 300w, https:\/\/spvgg-goldkronach.com\/1946\/wp-content\/uploads\/2023\/07\/1960-08-22-FP-Foto-Wunsiedel-als-Teaser-768x463.jpg 768w, https:\/\/spvgg-goldkronach.com\/1946\/wp-content\/uploads\/2023\/07\/1960-08-22-FP-Foto-Wunsiedel-als-Teaser-1536x926.jpg 1536w, https:\/\/spvgg-goldkronach.com\/1946\/wp-content\/uploads\/2023\/07\/1960-08-22-FP-Foto-Wunsiedel-als-Teaser.jpg 2000w\" sizes=\"auto, (max-width: 770px) 100vw, 770px\" \/><p id=\"caption-attachment-7554\" class=\"wp-caption-text\">Das goldene Tor f\u00fcr die Gronicher gegen die SpVgg Selb schoss Rudi Blechschmidt. Hier trifft er im August 1960 gegen Wunsiedel.<\/p><\/div>\n<p>&#8222;Ausschlaggebend f\u00fcr den Goldkronacher Sieg waren in diesem temporeichen Spiel die gute Kondition und der Einsatz&#8220;, erkl\u00e4rte die <em>Fr\u00e4nkische Presse<\/em> tags darauf ihren Lesern. Durch den \u00fcberraschenden Sieg gegen die SpVgg Selb r\u00fcckten die Gronicher wieder bis auf zwei Punkte an das rettende Ufer heran. Am Ende sollte es trotzdem nicht ganz reichen \u2013 im Sommer 1961 musste die SpVgg Goldkronach aus der Zweiten Amateurliga absteigen. Die Heimbilanz gegen Mannschaften aus Selb ist allerdings seit nunmehr 63 Jahren positiv&#8230;<\/p>\n<div id=\"attachment_8101\" style=\"width: 575px\" class=\"wp-caption aligncenter\"><img loading=\"lazy\" decoding=\"async\" aria-describedby=\"caption-attachment-8101\" class=\"wp-image-8101\" src=\"https:\/\/spvgg-goldkronach.com\/1946\/wp-content\/uploads\/2024\/10\/1961-02-27-FP-Tabelle.jpg\" alt=\"\" width=\"565\" height=\"375\" srcset=\"https:\/\/spvgg-goldkronach.com\/1946\/wp-content\/uploads\/2024\/10\/1961-02-27-FP-Tabelle.jpg 827w, https:\/\/spvgg-goldkronach.com\/1946\/wp-content\/uploads\/2024\/10\/1961-02-27-FP-Tabelle-300x199.jpg 300w, https:\/\/spvgg-goldkronach.com\/1946\/wp-content\/uploads\/2024\/10\/1961-02-27-FP-Tabelle-768x509.jpg 768w\" sizes=\"auto, (max-width: 565px) 100vw, 565px\" \/><p id=\"caption-attachment-8101\" class=\"wp-caption-text\">Die Tabelle der 2. Amateurliga nach dem Goldkronacher Sieg gegen die SpVgg Selb.<\/p><\/div>\n","protected":false},"excerpt":{"rendered":"<p>Wenn am Sonntag der SV Union Selb an die Kronach reist, stellt sich erstmals seit 1961 wieder eine Mannschaft aus Selb in einem Ligaspiel in Goldkronach vor. F\u00fcr den einheimischen FC Fichtelgebirge geht es um wichtige Punkte f\u00fcr den Klassenerhalt. Gut zu wissen, dass es die Teams aus Selb in der Goldbergbaustadt schon in der [&hellip;]<\/p>\n","protected":false},"author":1,"featured_media":8100,"comment_status":"closed","ping_status":"closed","sticky":false,"template":"","format":"standard","meta":{"footnotes":""},"categories":[498],"tags":[445,935,934,905],"class_list":["post-8093","post","type-post","status-publish","format-standard","has-post-thumbnail","hentry","category-tradition","tag-blechschmidt","tag-fk-09-selb","tag-spvgg-selb","tag-zweite-amateurliga"],"_links":{"self":[{"href":"https:\/\/spvgg-goldkronach.com\/1946\/wp-json\/wp\/v2\/posts\/8093","targetHints":{"allow":["GET"]}}],"collection":[{"href":"https:\/\/spvgg-goldkronach.com\/1946\/wp-json\/wp\/v2\/posts"}],"about":[{"href":"https:\/\/spvgg-goldkronach.com\/1946\/wp-json\/wp\/v2\/types\/post"}],"author":[{"embeddable":true,"href":"https:\/\/spvgg-goldkronach.com\/1946\/wp-json\/wp\/v2\/users\/1"}],"replies":[{"embeddable":true,"href":"https:\/\/spvgg-goldkronach.com\/1946\/wp-json\/wp\/v2\/comments?post=8093"}],"version-history":[{"count":11,"href":"https:\/\/spvgg-goldkronach.com\/1946\/wp-json\/wp\/v2\/posts\/8093\/revisions"}],"predecessor-version":[{"id":8112,"href":"https:\/\/spvgg-goldkronach.com\/1946\/wp-json\/wp\/v2\/posts\/8093\/revisions\/8112"}],"wp:featuredmedia":[{"embeddable":true,"href":"https:\/\/spvgg-goldkronach.com\/1946\/wp-json\/wp\/v2\/media\/8100"}],"wp:attachment":[{"href":"https:\/\/spvgg-goldkronach.com\/1946\/wp-json\/wp\/v2\/media?parent=8093"}],"wp:term":[{"taxonomy":"category","embeddable":true,"href":"https:\/\/spvgg-goldkronach.com\/1946\/wp-json\/wp\/v2\/categories?post=8093"},{"taxonomy":"post_tag","embeddable":true,"href":"https:\/\/spvgg-goldkronach.com\/1946\/wp-json\/wp\/v2\/tags?post=8093"}],"curies":[{"name":"wp","href":"https:\/\/api.w.org\/{rel}","templated":true}]}}