{"id":8009,"date":"2024-07-05T16:00:07","date_gmt":"2024-07-05T14:00:07","guid":{"rendered":"http:\/\/spvgg-goldkronach.com\/1946\/?p=8009"},"modified":"2024-07-05T16:59:41","modified_gmt":"2024-07-05T14:59:41","slug":"fc-fichtelgebirge-fanfest-und-start-des-dauerkartenverkaufs-am-sonntag-7-juli","status":"publish","type":"post","link":"https:\/\/spvgg-goldkronach.com\/1946\/2024\/07\/fc-fichtelgebirge-fanfest-und-start-des-dauerkartenverkaufs-am-sonntag-7-juli\/","title":{"rendered":"FC Fichtelgebirge: Fan-Fest und Start des Dauerkartenverkaufs am Sonntag, 7. Juli"},"content":{"rendered":"<div id=\"attachment_8048\" style=\"width: 2010px\" class=\"wp-caption aligncenter\"><img loading=\"lazy\" decoding=\"async\" aria-describedby=\"caption-attachment-8048\" class=\"wp-image-8048 size-full\" src=\"https:\/\/spvgg-goldkronach.com\/1946\/wp-content\/uploads\/2024\/07\/Teaser-Infohaus-2018.jpg\" alt=\"\" width=\"2000\" height=\"1500\" srcset=\"https:\/\/spvgg-goldkronach.com\/1946\/wp-content\/uploads\/2024\/07\/Teaser-Infohaus-2018.jpg 2000w, https:\/\/spvgg-goldkronach.com\/1946\/wp-content\/uploads\/2024\/07\/Teaser-Infohaus-2018-300x225.jpg 300w, https:\/\/spvgg-goldkronach.com\/1946\/wp-content\/uploads\/2024\/07\/Teaser-Infohaus-2018-1024x768.jpg 1024w, https:\/\/spvgg-goldkronach.com\/1946\/wp-content\/uploads\/2024\/07\/Teaser-Infohaus-2018-768x576.jpg 768w, https:\/\/spvgg-goldkronach.com\/1946\/wp-content\/uploads\/2024\/07\/Teaser-Infohaus-2018-1536x1152.jpg 1536w, https:\/\/spvgg-goldkronach.com\/1946\/wp-content\/uploads\/2024\/07\/Teaser-Infohaus-2018-100x75.jpg 100w, https:\/\/spvgg-goldkronach.com\/1946\/wp-content\/uploads\/2024\/07\/Teaser-Infohaus-2018-160x120.jpg 160w, https:\/\/spvgg-goldkronach.com\/1946\/wp-content\/uploads\/2024\/07\/Teaser-Infohaus-2018-280x210.jpg 280w, https:\/\/spvgg-goldkronach.com\/1946\/wp-content\/uploads\/2024\/07\/Teaser-Infohaus-2018-400x300.jpg 400w, https:\/\/spvgg-goldkronach.com\/1946\/wp-content\/uploads\/2024\/07\/Teaser-Infohaus-2018-800x600.jpg 800w\" sizes=\"auto, (max-width: 2000px) 100vw, 2000px\" \/><p id=\"caption-attachment-8048\" class=\"wp-caption-text\">Am Infohaus auf dem Goldberg findet am Sonntag das Fan-Fest des FC Fichtelgebirge statt.<\/p><\/div>\n<p><strong>Bald beginnt die neue Saison \u2013 der neu gegr\u00fcndete FC Fichtelgebirge l\u00e4dt alle Fans schon vor dem ersten Spieltag zu einem Highlight ein: Am Sonntag, 7. Juli, wollen wir gemeinsam in das Spieljahr 2024\/25 starten! Das gro\u00dfe Fan-Fest findet ab 16 Uhr am Infohaus auf dem Goldberg statt.<br \/>\n<\/strong><\/p>\n<p>Dort gibt es alles, was es f\u00fcr einen angenehmen Abend braucht: Die Mannschaft grillt f\u00fcr die Fans, es gibt k\u00fchle Getr\u00e4nke und Cocktails. Auf dem Programm steht die Vorstellung der Mannschaften des FC Fichtelgebirge, f\u00fcr Kinder gibt es eine Schnuppereinfahrt in die Besucherbergwerke, au\u00dferdem legt DJ Mack auf.<\/p>\n<p><strong>Dauerkarte f\u00fcr alle Spiele ab 59 Euro<\/strong><\/p>\n<p>Zum Fan-Fest sind alle herzlich eingeladen! Dort wird es auch die M\u00f6glichkeit geben, die neue Dauerkarte f\u00fcr alle Heimspiele des FC Fichtelgebirge in der Saison 2024\/25 zu erwerben. Die Karte gibt es ab dem unschlagbaren Preis von 59 Euro (f\u00fcr Mitglieder des FC Fichtelgebirge\/70 Euro f\u00fcr Mitglieder der SpVgg Goldkronach).<\/p>\n","protected":false},"excerpt":{"rendered":"<p>Bald beginnt die neue Saison \u2013 der neu gegr\u00fcndete FC Fichtelgebirge l\u00e4dt alle Fans schon vor dem ersten Spieltag zu einem Highlight ein: Am Sonntag, 7. Juli, wollen wir gemeinsam in das Spieljahr 2024\/25 starten! Das gro\u00dfe Fan-Fest findet ab 16 Uhr am Infohaus auf dem Goldberg statt. Dort gibt es alles, was es f\u00fcr [&hellip;]<\/p>\n","protected":false},"author":1,"featured_media":8048,"comment_status":"closed","ping_status":"closed","sticky":false,"template":"","format":"standard","meta":{"footnotes":""},"categories":[930],"tags":[931,932,916],"class_list":["post-8009","post","type-post","status-publish","format-standard","has-post-thumbnail","hentry","category-fc-fichtelgebirge","tag-dauerkarte","tag-fanfest","tag-fc-fichtelgebirge"],"_links":{"self":[{"href":"https:\/\/spvgg-goldkronach.com\/1946\/wp-json\/wp\/v2\/posts\/8009","targetHints":{"allow":["GET"]}}],"collection":[{"href":"https:\/\/spvgg-goldkronach.com\/1946\/wp-json\/wp\/v2\/posts"}],"about":[{"href":"https:\/\/spvgg-goldkronach.com\/1946\/wp-json\/wp\/v2\/types\/post"}],"author":[{"embeddable":true,"href":"https:\/\/spvgg-goldkronach.com\/1946\/wp-json\/wp\/v2\/users\/1"}],"replies":[{"embeddable":true,"href":"https:\/\/spvgg-goldkronach.com\/1946\/wp-json\/wp\/v2\/comments?post=8009"}],"version-history":[{"count":8,"href":"https:\/\/spvgg-goldkronach.com\/1946\/wp-json\/wp\/v2\/posts\/8009\/revisions"}],"predecessor-version":[{"id":8050,"href":"https:\/\/spvgg-goldkronach.com\/1946\/wp-json\/wp\/v2\/posts\/8009\/revisions\/8050"}],"wp:featuredmedia":[{"embeddable":true,"href":"https:\/\/spvgg-goldkronach.com\/1946\/wp-json\/wp\/v2\/media\/8048"}],"wp:attachment":[{"href":"https:\/\/spvgg-goldkronach.com\/1946\/wp-json\/wp\/v2\/media?parent=8009"}],"wp:term":[{"taxonomy":"category","embeddable":true,"href":"https:\/\/spvgg-goldkronach.com\/1946\/wp-json\/wp\/v2\/categories?post=8009"},{"taxonomy":"post_tag","embeddable":true,"href":"https:\/\/spvgg-goldkronach.com\/1946\/wp-json\/wp\/v2\/tags?post=8009"}],"curies":[{"name":"wp","href":"https:\/\/api.w.org\/{rel}","templated":true}]}}