{"id":7937,"date":"2024-04-30T14:13:53","date_gmt":"2024-04-30T12:13:53","guid":{"rendered":"http:\/\/spvgg-goldkronach.com\/1946\/?p=7937"},"modified":"2024-05-16T14:14:18","modified_gmt":"2024-05-16T12:14:18","slug":"stolz-auf-das-was-wir-geschafft-haben-mitgliederversammlung-blickt-auf-erfolgreiches-jahr","status":"publish","type":"post","link":"https:\/\/spvgg-goldkronach.com\/1946\/2024\/04\/stolz-auf-das-was-wir-geschafft-haben-mitgliederversammlung-blickt-auf-erfolgreiches-jahr\/","title":{"rendered":"&#8222;Stolz auf das, was wir geschafft haben&#8220;: Mitgliederversammlung blickt auf erfolgreiches Jahr"},"content":{"rendered":"<div id=\"attachment_7950\" style=\"width: 2010px\" class=\"wp-caption aligncenter\"><img loading=\"lazy\" decoding=\"async\" aria-describedby=\"caption-attachment-7950\" class=\"size-full wp-image-7950\" src=\"https:\/\/spvgg-goldkronach.com\/1946\/wp-content\/uploads\/2024\/04\/Teaser-JHV-2024.jpg\" alt=\"SpVgg Goldkronach: Jahreshauptversammlung\" width=\"2000\" height=\"1206\" srcset=\"https:\/\/spvgg-goldkronach.com\/1946\/wp-content\/uploads\/2024\/04\/Teaser-JHV-2024.jpg 2000w, https:\/\/spvgg-goldkronach.com\/1946\/wp-content\/uploads\/2024\/04\/Teaser-JHV-2024-300x181.jpg 300w, https:\/\/spvgg-goldkronach.com\/1946\/wp-content\/uploads\/2024\/04\/Teaser-JHV-2024-1024x617.jpg 1024w, https:\/\/spvgg-goldkronach.com\/1946\/wp-content\/uploads\/2024\/04\/Teaser-JHV-2024-768x463.jpg 768w, https:\/\/spvgg-goldkronach.com\/1946\/wp-content\/uploads\/2024\/04\/Teaser-JHV-2024-1536x926.jpg 1536w\" sizes=\"auto, (max-width: 2000px) 100vw, 2000px\" \/><p id=\"caption-attachment-7950\" class=\"wp-caption-text\">Ehrungen anl\u00e4sslich der Mitgliederversammlung, von links nach rechts: Vorsitzender Manfred Hautsch, Uwe Kierzkowski (geehrt f\u00fcr 70 Jahre Mitgliedschaft), Daniel Bauer (25 Jahre), stv. Vorsitzender Fabian Blechschmidt, B\u00fcrgermeister Holger B\u00e4r.<\/p><\/div>\n<p><strong>Die Mitgliederversammlung der SpVgg Goldkronach blickte auf ein erfolgreiches Jahr zur\u00fcck. Zwar sucht der Verein weitere Ehrenamtliche. Doch die Mitgliederzahl steigt, sportliche Erfolge sind zu feiern und das Sportheim wurde aufgestockt.<\/strong><\/p>\n<p>Eine wichtige Kennzahl nannte der Vorsitzende Manfred Hautsch gleich zu Beginn: Der Verein hatte zu Jahresbeginn 451 Mitglieder (30 mehr als im Vorjahr) und w\u00e4chst seither weiter. Dazu tr\u00e4gt insbesondere das Kinderturnen bei, das unter den Leiterinnen Manja Sp\u00f6rl und Tamara Kober einen Ansturm erlebt. H\u00e4nderingend gesucht wird jedoch eine Betreuung f\u00fcr Grundschulkinder.<\/p>\n<p><strong>Fu\u00dfballer feiern Aufstieg in die Bezirksliga<br \/>\n<\/strong><\/p>\n<p>Die Angebote f\u00fcr Damengymnastik, Karate und Dart werden ebenfalls gut angenommen. Die Fu\u00dfball-Abteilung feierte mit dem Aufstieg in die Bezirksliga einen gro\u00dfen Erfolg. Sie schl\u00e4gt sich dort wacker, hat aber mit einer d\u00fcnnen Personaldecke zu k\u00e4mpfen, die verh\u00e4ngnisvoll auf die Reservemannschaften durchschl\u00e4gt. Mit Sorge blickt der Vorsitzende auf die wenigen \u00e4lteren Jugendspieler ab 12 Jahren in A- bis D-Jugend. Dagegen tummeln sich sehr viele Kinder in der E- bis G-Jugend.<\/p>\n<p>Veranstaltungen wie Johannisfeuer, Marktplatzfest oder Weinfest bereicherten nicht nur das Vereinsleben, sondern bescherten auch wichtige Einnahmen. Das gilt auch f\u00fcr das Sportheim, dessen Bewirtschaftung in neuer Hand liegt und dessen Umsatz durch gut besuchte Fu\u00dfballspiele und Dart-Veranstaltungen steigt.<\/p>\n<p><strong>120.000 Euro Investition, 2.500 Stunden Eigenleistung<br \/>\n<\/strong><\/p>\n<p>Dennoch verk\u00fcndete Kassier Detlef Vogel ein dickes Minus von rund 10.000 Euro, mit dem aber alle Mitglieder einverstanden waren: Im abgelaufenen Vereinsjahr entfielen schlie\u00dflich knapp 120.000 Euro der insgesamt ausgegebenen 195.000 Euro auf den Ausbau des Sportheims. Mit der Auszahlung der beantragten F\u00f6rdergelder wird das Vereinskonto wieder ausgeglichen sein.<\/p>\n<div id=\"attachment_7682\" style=\"width: 2010px\" class=\"wp-caption aligncenter\"><img loading=\"lazy\" decoding=\"async\" aria-describedby=\"caption-attachment-7682\" class=\"wp-image-7682 size-full\" src=\"https:\/\/spvgg-goldkronach.com\/1946\/wp-content\/uploads\/2023\/09\/0213.jpg\" alt=\"SpVgg Goldkronach \u2013 VfB Arzberg\" width=\"2000\" height=\"1500\" srcset=\"https:\/\/spvgg-goldkronach.com\/1946\/wp-content\/uploads\/2023\/09\/0213.jpg 2000w, https:\/\/spvgg-goldkronach.com\/1946\/wp-content\/uploads\/2023\/09\/0213-300x225.jpg 300w, https:\/\/spvgg-goldkronach.com\/1946\/wp-content\/uploads\/2023\/09\/0213-1024x768.jpg 1024w, https:\/\/spvgg-goldkronach.com\/1946\/wp-content\/uploads\/2023\/09\/0213-768x576.jpg 768w, https:\/\/spvgg-goldkronach.com\/1946\/wp-content\/uploads\/2023\/09\/0213-1536x1152.jpg 1536w, https:\/\/spvgg-goldkronach.com\/1946\/wp-content\/uploads\/2023\/09\/0213-100x75.jpg 100w, https:\/\/spvgg-goldkronach.com\/1946\/wp-content\/uploads\/2023\/09\/0213-160x120.jpg 160w, https:\/\/spvgg-goldkronach.com\/1946\/wp-content\/uploads\/2023\/09\/0213-280x210.jpg 280w, https:\/\/spvgg-goldkronach.com\/1946\/wp-content\/uploads\/2023\/09\/0213-400x300.jpg 400w, https:\/\/spvgg-goldkronach.com\/1946\/wp-content\/uploads\/2023\/09\/0213-800x600.jpg 800w\" sizes=\"auto, (max-width: 2000px) 100vw, 2000px\" \/><p id=\"caption-attachment-7682\" class=\"wp-caption-text\">Bezirksliga-Fu\u00dfball vor dem aufgestockten Sportheim \u2013 im Jahr 2024 war die SpVgg Goldkronach erfolgreich wie lange nicht.<\/p><\/div>\n<p>Neben den Finanzmitteln investierten die Mitglieder rund 2.500 Stunden Eigenleistung in den Ausbau. Neben R\u00e4umen f\u00fcr Schiedsrichter, Gymnastik und Duschen erhielten die Fu\u00dfballer eine neue Umkleidekabine. &#8222;So eine Kabine hat mancher Profiklub nicht vorzuweisen&#8220;, schmunzelte Hautsch, der den vielen Helfern dankte. Zus\u00e4tzlich erhielt das Sportgel\u00e4nde eine elektronische Anzeigetafel \u2013 ein Projekt des F\u00f6rdervereins, dessen gro\u00dfz\u00fcgige Hilfe Hautsch ebenfalls hervorhob.<\/p>\n<p><strong>Hans W\u00f6lfel zum Ehrenvorsitzenden ernannt<br \/>\n<\/strong><\/p>\n<p>Unter zahlreichen Ehrungen verdienter Mitglieder und Fu\u00dfballspieler ragten drei besonders heraus: Ernst Schmidt und Uwe Kierzkowski erhielten Urkunde und Ehrennadel f\u00fcr ihre 70-j\u00e4hrige Treue zum Verein. Hans W\u00f6lfel wurde von der Versammlung zum Ehrenvorsitzenden gew\u00e4hlt.<\/p>\n<p>Neuwahlen finden erst bei der kommenden Mitgliederversammlung im Jahr 2025 statt. Dann w\u00fcnscht sich Hautsch einen Nachfolger \u2013 und insgesamt mehr Ehrenamtliche. Das Fazit des Vereinsjahres stand f\u00fcr den Vorstand aber vor allem unter dem Eindruck des abgeschlossenen Bauprojekts und des Aufstiegs in die Bezirksliga: &#8222;Ich kann mich nicht an ein so erfolgreiches Jahr erinnern. Wir k\u00f6nnen stolz darauf sein, was wir geschafft haben!&#8220;<\/p>\n","protected":false},"excerpt":{"rendered":"<p>Die Mitgliederversammlung der SpVgg Goldkronach blickte auf ein erfolgreiches Jahr zur\u00fcck. Zwar sucht der Verein weitere Ehrenamtliche. Doch die Mitgliederzahl steigt, sportliche Erfolge sind zu feiern und das Sportheim wurde aufgestockt. Eine wichtige Kennzahl nannte der Vorsitzende Manfred Hautsch gleich zu Beginn: Der Verein hatte zu Jahresbeginn 451 Mitglieder (30 mehr als im Vorjahr) und [&hellip;]<\/p>\n","protected":false},"author":1,"featured_media":7950,"comment_status":"closed","ping_status":"closed","sticky":false,"template":"","format":"standard","meta":{"footnotes":""},"categories":[1],"tags":[374,184,231,874,499,399,928],"class_list":["post-7937","post","type-post","status-publish","format-standard","has-post-thumbnail","hentry","category-verein","tag-ehrungen","tag-hautsch","tag-jahreshauptversammlung","tag-kierzkowski","tag-schmidt","tag-vogel","tag-woelfel"],"_links":{"self":[{"href":"https:\/\/spvgg-goldkronach.com\/1946\/wp-json\/wp\/v2\/posts\/7937","targetHints":{"allow":["GET"]}}],"collection":[{"href":"https:\/\/spvgg-goldkronach.com\/1946\/wp-json\/wp\/v2\/posts"}],"about":[{"href":"https:\/\/spvgg-goldkronach.com\/1946\/wp-json\/wp\/v2\/types\/post"}],"author":[{"embeddable":true,"href":"https:\/\/spvgg-goldkronach.com\/1946\/wp-json\/wp\/v2\/users\/1"}],"replies":[{"embeddable":true,"href":"https:\/\/spvgg-goldkronach.com\/1946\/wp-json\/wp\/v2\/comments?post=7937"}],"version-history":[{"count":13,"href":"https:\/\/spvgg-goldkronach.com\/1946\/wp-json\/wp\/v2\/posts\/7937\/revisions"}],"predecessor-version":[{"id":7951,"href":"https:\/\/spvgg-goldkronach.com\/1946\/wp-json\/wp\/v2\/posts\/7937\/revisions\/7951"}],"wp:featuredmedia":[{"embeddable":true,"href":"https:\/\/spvgg-goldkronach.com\/1946\/wp-json\/wp\/v2\/media\/7950"}],"wp:attachment":[{"href":"https:\/\/spvgg-goldkronach.com\/1946\/wp-json\/wp\/v2\/media?parent=7937"}],"wp:term":[{"taxonomy":"category","embeddable":true,"href":"https:\/\/spvgg-goldkronach.com\/1946\/wp-json\/wp\/v2\/categories?post=7937"},{"taxonomy":"post_tag","embeddable":true,"href":"https:\/\/spvgg-goldkronach.com\/1946\/wp-json\/wp\/v2\/tags?post=7937"}],"curies":[{"name":"wp","href":"https:\/\/api.w.org\/{rel}","templated":true}]}}