{"id":7891,"date":"2024-03-20T21:38:01","date_gmt":"2024-03-20T20:38:01","guid":{"rendered":"http:\/\/spvgg-goldkronach.com\/1946\/?p=7891"},"modified":"2024-03-20T21:38:01","modified_gmt":"2024-03-20T20:38:01","slug":"neue-aufgabe-fuer-matthias-ehl-zur-neuen-saison","status":"publish","type":"post","link":"https:\/\/spvgg-goldkronach.com\/1946\/2024\/03\/neue-aufgabe-fuer-matthias-ehl-zur-neuen-saison\/","title":{"rendered":"Neue Aufgabe f\u00fcr Matthias Ehl zur neuen Saison"},"content":{"rendered":"<div id=\"attachment_6505\" style=\"width: 2010px\" class=\"wp-caption aligncenter\"><img loading=\"lazy\" decoding=\"async\" aria-describedby=\"caption-attachment-6505\" class=\"size-full wp-image-6505\" src=\"https:\/\/spvgg-goldkronach.com\/1946\/wp-content\/uploads\/2019\/08\/w092.jpg\" alt=\"\" width=\"2000\" height=\"1500\" srcset=\"https:\/\/spvgg-goldkronach.com\/1946\/wp-content\/uploads\/2019\/08\/w092.jpg 2000w, https:\/\/spvgg-goldkronach.com\/1946\/wp-content\/uploads\/2019\/08\/w092-300x225.jpg 300w, https:\/\/spvgg-goldkronach.com\/1946\/wp-content\/uploads\/2019\/08\/w092-768x576.jpg 768w, https:\/\/spvgg-goldkronach.com\/1946\/wp-content\/uploads\/2019\/08\/w092-1024x768.jpg 1024w, https:\/\/spvgg-goldkronach.com\/1946\/wp-content\/uploads\/2019\/08\/w092-100x75.jpg 100w, https:\/\/spvgg-goldkronach.com\/1946\/wp-content\/uploads\/2019\/08\/w092-160x120.jpg 160w, https:\/\/spvgg-goldkronach.com\/1946\/wp-content\/uploads\/2019\/08\/w092-280x210.jpg 280w, https:\/\/spvgg-goldkronach.com\/1946\/wp-content\/uploads\/2019\/08\/w092-400x300.jpg 400w, https:\/\/spvgg-goldkronach.com\/1946\/wp-content\/uploads\/2019\/08\/w092-800x600.jpg 800w\" sizes=\"auto, (max-width: 2000px) 100vw, 2000px\" \/><p id=\"caption-attachment-6505\" class=\"wp-caption-text\">Engagierte Ansprache: Matthias Ehl in der Halbzeitpause der Partie SpVgg Goldkronach \u2013 SG Trockau am 25. August 2019.<\/p><\/div>\n<p><strong>Matthias Ehl wird zum Ende der Saison 2023\/24 das Traineramt bei der SpVgg Goldkronach abgeben. Der Erfolgstrainer wird dem Goldkronacher Fu\u00dfball jedoch in neuer Funktion erhalten bleiben.<br \/>\n<\/strong><\/p>\n<p>Nach f\u00fcnf Jahren als Trainer der ersten Mannschaft \u00fcbernimmt er ab der Saison 2024\/25 eine sportliche Leitungsfunktion. &#8222;Matthias wird k\u00fcnftig als Abteilungsleiter Fu\u00dfball und gemeinsam mit Horst Str\u00f6ber als Spielleiter fungieren&#8220;, erkl\u00e4rt Vorsitzender Manfred Hautsch. Ehl war nach seiner Spielerkarriere im Trikot der SpVgg vor ann\u00e4hernd 20 Jahren als Jugendtrainer eingestiegen und blidete zahlreiche heutige Seniorenspieler aus. Die U19 der JFG Fichtelgebirge f\u00fchrte er bis in die Relegation zur Landesliga.<\/p>\n<p>Im Jahr 2019 folgte er auf Andr\u00e9 Riedel als Trainer der ersten Mannschaft, mit der er von der Kreisliga bis in die Bezirksliga aufstieg \u2013 der gr\u00f6\u00dfte Erfolg einer Goldkronacher Fu\u00dfballmannschaft seit Jahrzehnten. &#8222;Das war eine unvergleichliche Leistung&#8220;, so Hautsch. &#8222;Matthias hat hier wirklich etwas aufgebaut, kennt den Verein und ist die ideale Besetzung f\u00fcr diesen Posten.&#8220; Nun gilt zun\u00e4chst alle Konzentration dem Klassenerhalt in der Bezirksliga. Wer die erste Mannschaft in der Saison 2024\/25 als Trainer anleiten wird, wird zeitnah bekannt gegeben.<\/p>\n","protected":false},"excerpt":{"rendered":"<p>Matthias Ehl wird zum Ende der Saison 2023\/24 das Traineramt bei der SpVgg Goldkronach abgeben. Der Erfolgstrainer wird dem Goldkronacher Fu\u00dfball jedoch in neuer Funktion erhalten bleiben. Nach f\u00fcnf Jahren als Trainer der ersten Mannschaft \u00fcbernimmt er ab der Saison 2024\/25 eine sportliche Leitungsfunktion. &#8222;Matthias wird k\u00fcnftig als Abteilungsleiter Fu\u00dfball und gemeinsam mit Horst Str\u00f6ber [&hellip;]<\/p>\n","protected":false},"author":1,"featured_media":6505,"comment_status":"closed","ping_status":"closed","sticky":false,"template":"","format":"standard","meta":{"footnotes":""},"categories":[5,6],"tags":[283,684],"class_list":["post-7891","post","type-post","status-publish","format-standard","has-post-thumbnail","hentry","category-1-mannschaft","category-2-mannschaft","tag-bezirksliga","tag-ehl"],"_links":{"self":[{"href":"https:\/\/spvgg-goldkronach.com\/1946\/wp-json\/wp\/v2\/posts\/7891","targetHints":{"allow":["GET"]}}],"collection":[{"href":"https:\/\/spvgg-goldkronach.com\/1946\/wp-json\/wp\/v2\/posts"}],"about":[{"href":"https:\/\/spvgg-goldkronach.com\/1946\/wp-json\/wp\/v2\/types\/post"}],"author":[{"embeddable":true,"href":"https:\/\/spvgg-goldkronach.com\/1946\/wp-json\/wp\/v2\/users\/1"}],"replies":[{"embeddable":true,"href":"https:\/\/spvgg-goldkronach.com\/1946\/wp-json\/wp\/v2\/comments?post=7891"}],"version-history":[{"count":3,"href":"https:\/\/spvgg-goldkronach.com\/1946\/wp-json\/wp\/v2\/posts\/7891\/revisions"}],"predecessor-version":[{"id":7894,"href":"https:\/\/spvgg-goldkronach.com\/1946\/wp-json\/wp\/v2\/posts\/7891\/revisions\/7894"}],"wp:featuredmedia":[{"embeddable":true,"href":"https:\/\/spvgg-goldkronach.com\/1946\/wp-json\/wp\/v2\/media\/6505"}],"wp:attachment":[{"href":"https:\/\/spvgg-goldkronach.com\/1946\/wp-json\/wp\/v2\/media?parent=7891"}],"wp:term":[{"taxonomy":"category","embeddable":true,"href":"https:\/\/spvgg-goldkronach.com\/1946\/wp-json\/wp\/v2\/categories?post=7891"},{"taxonomy":"post_tag","embeddable":true,"href":"https:\/\/spvgg-goldkronach.com\/1946\/wp-json\/wp\/v2\/tags?post=7891"}],"curies":[{"name":"wp","href":"https:\/\/api.w.org\/{rel}","templated":true}]}}