{"id":7698,"date":"2023-10-03T18:19:47","date_gmt":"2023-10-03T16:19:47","guid":{"rendered":"http:\/\/spvgg-goldkronach.com\/1946\/?p=7698"},"modified":"2023-10-03T18:20:19","modified_gmt":"2023-10-03T16:20:19","slug":"spvgg-unterliegt-dem-bsc-saas","status":"publish","type":"post","link":"https:\/\/spvgg-goldkronach.com\/1946\/2023\/10\/spvgg-unterliegt-dem-bsc-saas\/","title":{"rendered":"SpVgg unterliegt dem BSC Saas"},"content":{"rendered":"<p><strong>Mit 1:4 (1:1) musste sich die SpVgg Goldkronach am Sonntag dem BSC Saas Bayreuth geschlagen geben. Die Gronicher gingen gegen den Tabellenzweiten sogar in F\u00fchrung. Nach einer harten roten Karte tat sich die SpVgg aber schwer gegen die Bayreuther, die am Ende verdient gewannen.<\/strong><\/p>\n<p>Die Goldkronacher Verletzungsmisere nimmt kein Ende. Neben den bisherigen Langzeitausf\u00e4llen wird Max Eicherm\u00fcller bis zum Saisonende fehlen. Nicolai Pittroff war nach dem Foul in Kasendorf ebenfalls noch nicht einsatzbereit. Jonas Sommerer musste kurz vor dem Anpfiff passen. Danny G\u00f6hring fehlte aus privaten Gr\u00fcnden.<\/p>\n<p>Die SpVgg versuchte es unter diesen Vorzeichen aus einer gesicherten Abwehr heraus. Die G\u00e4ste hatten zu Beginn der Partie ein optisches \u00dcbergewicht, ohne sich M\u00f6glichkeiten zu erspielen. Unsere Elf setzte auf schnelle Konter, und als Tobias Neukam an der Mittellinie den Ball eroberte und Ehl steil schickte, erzielte der Trainersohn die F\u00fchrung.<\/p>\n<p><strong>Strafsto\u00df und Rot \u2013 eine harte Entscheidung<\/strong><\/p>\n<p>Nach einem Chipball \u00fcber unsere Abwehr kreuzte Rausch vor Nick Mertins. Nick ber\u00fchrte den Ex-Nemmersdorfer leicht an der Schulter und Rausch fiel. Ob er noch eine Chance auf den Ball hatte? Schiedsrichter Sch\u00e4fer (Rehau) entschied auf Strafsto\u00df und Gelb. Auf Intervention eines Linienrichters erhielt Mertins Rot, eine \u00e4u\u00dferst harte Entscheidung. Den Strafsto\u00df verwandelte D\u00f6rfler gewohnt sicher. Mit dem 1:1 ging es in die Pause.<\/p>\n<p>Zu Beginn des zweiten Abschnitts schlug K\u00fcfner einen Flankenball in den Strafraum. Der weite Schlag wurde zu einem gef\u00e4hrlichen Geschoss, das Goldkronachs Torh\u00fcter Hans Riedl \u00fcberraschte und im Tor einschlug \u2013 ein Sonntagsschuss am Samstagnachmittag. Mit einem Mann mehr diktierten die Saaser nun das Geschehen, ohne offensiv zu \u00fcberzeugen. Nennenswerte Gelegenheiten gab es keine. Unsere Bem\u00fchungen nach vorne versandeten allerdings auch fr\u00fchzeitig.<\/p>\n<p><strong>Der Tabellenzweite gewinnt eine chancenarme Partie<\/strong><\/p>\n<p>Just in dem Moment, als wir die Abwehr auf Dreierkette umgestellt hatten, fiel die Vorentscheidung zugunsten des BSC: Ex-Goldkronacher Rabenstein flankte auf Torj\u00e4ger Walter, der per Kopf zum 1:3 vollendete. Der vierte Treffer, ebenfalls von Walter hatte dann nur noch statistische Bedeutung.<\/p>\n<p>Unsere Jungs lieferten trotz der Niederlage eine durchaus gute Partie und h\u00e4tten mit elf Mann wohl die Chance auf einen Punkt gegen den gro\u00dfen Aufstiegsfavoriten behalten. So siegte der Tabellenzweite in einer umk\u00e4mpften und chancenarmen Partie verdient, allerdings um ein bis zwei Treffer zu hoch.<\/p>\n<p><strong>Tore:<\/strong> 1:0 Ehl (18. Minute), 1:1 D\u00f6rfler (33.\/Foulelfmeter), 1:2 K\u00fcfner (51.), 1:3 und 1:4 Walter (82.\/89.).<\/p>\n","protected":false},"excerpt":{"rendered":"<p>Mit 1:4 (1:1) musste sich die SpVgg Goldkronach am Sonntag dem BSC Saas Bayreuth geschlagen geben. Die Gronicher gingen gegen den Tabellenzweiten sogar in F\u00fchrung. Nach einer harten roten Karte tat sich die SpVgg aber schwer gegen die Bayreuther, die am Ende verdient gewannen. Die Goldkronacher Verletzungsmisere nimmt kein Ende. Neben den bisherigen Langzeitausf\u00e4llen wird [&hellip;]<\/p>\n","protected":false},"author":2,"featured_media":7682,"comment_status":"closed","ping_status":"closed","sticky":false,"template":"","format":"standard","meta":{"footnotes":""},"categories":[5],"tags":[283,684,119],"class_list":["post-7698","post","type-post","status-publish","format-standard","has-post-thumbnail","hentry","category-1-mannschaft","tag-bezirksliga","tag-ehl","tag-saas"],"_links":{"self":[{"href":"https:\/\/spvgg-goldkronach.com\/1946\/wp-json\/wp\/v2\/posts\/7698","targetHints":{"allow":["GET"]}}],"collection":[{"href":"https:\/\/spvgg-goldkronach.com\/1946\/wp-json\/wp\/v2\/posts"}],"about":[{"href":"https:\/\/spvgg-goldkronach.com\/1946\/wp-json\/wp\/v2\/types\/post"}],"author":[{"embeddable":true,"href":"https:\/\/spvgg-goldkronach.com\/1946\/wp-json\/wp\/v2\/users\/2"}],"replies":[{"embeddable":true,"href":"https:\/\/spvgg-goldkronach.com\/1946\/wp-json\/wp\/v2\/comments?post=7698"}],"version-history":[{"count":1,"href":"https:\/\/spvgg-goldkronach.com\/1946\/wp-json\/wp\/v2\/posts\/7698\/revisions"}],"predecessor-version":[{"id":7699,"href":"https:\/\/spvgg-goldkronach.com\/1946\/wp-json\/wp\/v2\/posts\/7698\/revisions\/7699"}],"wp:featuredmedia":[{"embeddable":true,"href":"https:\/\/spvgg-goldkronach.com\/1946\/wp-json\/wp\/v2\/media\/7682"}],"wp:attachment":[{"href":"https:\/\/spvgg-goldkronach.com\/1946\/wp-json\/wp\/v2\/media?parent=7698"}],"wp:term":[{"taxonomy":"category","embeddable":true,"href":"https:\/\/spvgg-goldkronach.com\/1946\/wp-json\/wp\/v2\/categories?post=7698"},{"taxonomy":"post_tag","embeddable":true,"href":"https:\/\/spvgg-goldkronach.com\/1946\/wp-json\/wp\/v2\/tags?post=7698"}],"curies":[{"name":"wp","href":"https:\/\/api.w.org\/{rel}","templated":true}]}}