{"id":7413,"date":"2023-01-17T14:57:39","date_gmt":"2023-01-17T13:57:39","guid":{"rendered":"http:\/\/spvgg-goldkronach.com\/1946\/?p=7413"},"modified":"2023-01-28T14:59:31","modified_gmt":"2023-01-28T13:59:31","slug":"premiere-gelungen-berneck-schnappt-sich-den-gronicher-hallencup","status":"publish","type":"post","link":"https:\/\/spvgg-goldkronach.com\/1946\/2023\/01\/premiere-gelungen-berneck-schnappt-sich-den-gronicher-hallencup\/","title":{"rendered":"Premiere gelungen: Berneck schnappt sich den Gronicher Hallencup"},"content":{"rendered":"<div id=\"attachment_7405\" style=\"width: 1034px\" class=\"wp-caption aligncenter\"><img loading=\"lazy\" decoding=\"async\" aria-describedby=\"caption-attachment-7405\" class=\"size-large wp-image-7405\" src=\"https:\/\/spvgg-goldkronach.com\/1946\/wp-content\/uploads\/2023\/01\/2023-01-14-Hallencup-Foto-1024x768.jpg\" alt=\"SpVgg Goldkronach: Gronicher Hallencup 2023\" width=\"1024\" height=\"768\" srcset=\"https:\/\/spvgg-goldkronach.com\/1946\/wp-content\/uploads\/2023\/01\/2023-01-14-Hallencup-Foto-1024x768.jpg 1024w, https:\/\/spvgg-goldkronach.com\/1946\/wp-content\/uploads\/2023\/01\/2023-01-14-Hallencup-Foto-300x225.jpg 300w, https:\/\/spvgg-goldkronach.com\/1946\/wp-content\/uploads\/2023\/01\/2023-01-14-Hallencup-Foto-768x576.jpg 768w, https:\/\/spvgg-goldkronach.com\/1946\/wp-content\/uploads\/2023\/01\/2023-01-14-Hallencup-Foto-1536x1152.jpg 1536w, https:\/\/spvgg-goldkronach.com\/1946\/wp-content\/uploads\/2023\/01\/2023-01-14-Hallencup-Foto-100x75.jpg 100w, https:\/\/spvgg-goldkronach.com\/1946\/wp-content\/uploads\/2023\/01\/2023-01-14-Hallencup-Foto-160x120.jpg 160w, https:\/\/spvgg-goldkronach.com\/1946\/wp-content\/uploads\/2023\/01\/2023-01-14-Hallencup-Foto-280x210.jpg 280w, https:\/\/spvgg-goldkronach.com\/1946\/wp-content\/uploads\/2023\/01\/2023-01-14-Hallencup-Foto-400x300.jpg 400w, https:\/\/spvgg-goldkronach.com\/1946\/wp-content\/uploads\/2023\/01\/2023-01-14-Hallencup-Foto-800x600.jpg 800w, https:\/\/spvgg-goldkronach.com\/1946\/wp-content\/uploads\/2023\/01\/2023-01-14-Hallencup-Foto.jpg 2000w\" sizes=\"auto, (max-width: 1024px) 100vw, 1024px\" \/><p id=\"caption-attachment-7405\" class=\"wp-caption-text\">Szene aus dem Vorrundenspiel der SpVgg Goldkronach gegen den VFC Kirchenlamitz. Foto: Alex Seyferth.<\/p><\/div>\n<p><strong>Eine gelungene Turnierpremiere und sportlich ein zufriedestellender Auftritt: Den ersten <em>Gronicher Hallencup<\/em> in der Bad Bernecker Dreifachsporthalle konnten die Verantwortlichen der SpVgg und des F\u00f6rdervereins als Erfolg verbuchen. Den Pokal holte sich der Kreisliga-Rivale TSV Bad Berneck.<\/strong><\/p>\n<p>Im Finale behielten die Bernecker mit 3:0 gegen die SG Nemmersdorf\/Goldkronach II die Oberhand. Zuvor hatte die Goldkronacher Kreisklassen-Vertretung in ihrem Halbfinale mit 5:4 die Kreisliga-Elf \u00fcberfl\u00fcgelt. &#8222;So macht&#8217;s ein guter Gastgeber&#8220;, konnte Spielleiter Horst Str\u00f6ber gut mit Rang zwei und drei leben.<\/p>\n<p>Aber auch sonst bekamen die Zuschauer guten Hallenfu\u00dfball zu sehen. &#8222;Berneck war ein verdienter Sieger&#8220;, kommentierte Stadionsprecher Sven Herrmann im Anschluss. Der TSV hatte sich seinerseits im Halbfinale mit 3:2 gegen Eintracht Bayreuth durchgesetzt. &#8222;Die Eintracht ist eine Hallenmannschaft mit lauter guten Fu\u00dfballern, das hat man gesehen&#8220;, war Herrmann auch von den Orange-Schwarzen angetan.<\/p>\n<p>Das wichtugste aber: Keine schweren Verletzungen, gute Organisation \u2013 der Gronicher Hallencup empfahl sich am Samstag f\u00fcr mindestens eine weitere Auflage.<\/p>\n<p><a href=\"https:\/\/spvgg-goldkronach.com\/1946\/wp-content\/uploads\/2023\/01\/2023-01-14_Gronicher_Hallencup_Ergebnisse.pdf\">Und hier gibt es alle Ergebnisse des Gronicher Hallencups 2023 als pdf-Datei!<\/a><\/p>\n","protected":false},"excerpt":{"rendered":"<p>Eine gelungene Turnierpremiere und sportlich ein zufriedestellender Auftritt: Den ersten Gronicher Hallencup in der Bad Bernecker Dreifachsporthalle konnten die Verantwortlichen der SpVgg und des F\u00f6rdervereins als Erfolg verbuchen. Den Pokal holte sich der Kreisliga-Rivale TSV Bad Berneck. Im Finale behielten die Bernecker mit 3:0 gegen die SG Nemmersdorf\/Goldkronach II die Oberhand. Zuvor hatte die Goldkronacher [&hellip;]<\/p>\n","protected":false},"author":1,"featured_media":7405,"comment_status":"closed","ping_status":"closed","sticky":false,"template":"","format":"standard","meta":{"footnotes":""},"categories":[810],"tags":[143,470],"class_list":["post-7413","post","type-post","status-publish","format-standard","has-post-thumbnail","hentry","category-foerderverein","tag-bad-berneck","tag-hallenturnier"],"_links":{"self":[{"href":"https:\/\/spvgg-goldkronach.com\/1946\/wp-json\/wp\/v2\/posts\/7413","targetHints":{"allow":["GET"]}}],"collection":[{"href":"https:\/\/spvgg-goldkronach.com\/1946\/wp-json\/wp\/v2\/posts"}],"about":[{"href":"https:\/\/spvgg-goldkronach.com\/1946\/wp-json\/wp\/v2\/types\/post"}],"author":[{"embeddable":true,"href":"https:\/\/spvgg-goldkronach.com\/1946\/wp-json\/wp\/v2\/users\/1"}],"replies":[{"embeddable":true,"href":"https:\/\/spvgg-goldkronach.com\/1946\/wp-json\/wp\/v2\/comments?post=7413"}],"version-history":[{"count":2,"href":"https:\/\/spvgg-goldkronach.com\/1946\/wp-json\/wp\/v2\/posts\/7413\/revisions"}],"predecessor-version":[{"id":7416,"href":"https:\/\/spvgg-goldkronach.com\/1946\/wp-json\/wp\/v2\/posts\/7413\/revisions\/7416"}],"wp:featuredmedia":[{"embeddable":true,"href":"https:\/\/spvgg-goldkronach.com\/1946\/wp-json\/wp\/v2\/media\/7405"}],"wp:attachment":[{"href":"https:\/\/spvgg-goldkronach.com\/1946\/wp-json\/wp\/v2\/media?parent=7413"}],"wp:term":[{"taxonomy":"category","embeddable":true,"href":"https:\/\/spvgg-goldkronach.com\/1946\/wp-json\/wp\/v2\/categories?post=7413"},{"taxonomy":"post_tag","embeddable":true,"href":"https:\/\/spvgg-goldkronach.com\/1946\/wp-json\/wp\/v2\/tags?post=7413"}],"curies":[{"name":"wp","href":"https:\/\/api.w.org\/{rel}","templated":true}]}}