{"id":7389,"date":"2023-01-02T17:53:08","date_gmt":"2023-01-02T16:53:08","guid":{"rendered":"http:\/\/spvgg-goldkronach.com\/1946\/?p=7389"},"modified":"2023-01-10T18:30:14","modified_gmt":"2023-01-10T17:30:14","slug":"der-gronicher-hallencup-am-14-januar-in-bad-berneck","status":"publish","type":"post","link":"https:\/\/spvgg-goldkronach.com\/1946\/2023\/01\/der-gronicher-hallencup-am-14-januar-in-bad-berneck\/","title":{"rendered":"UPDATE! Spielplan f\u00fcr den Gronicher Hallencup am 14. Januar in Bad Berneck"},"content":{"rendered":"<p><strong>Endlich wieder Hallenfu\u00dfball: Die SpVgg Goldkronach l\u00e4dt zum Budenzauber am Samstag, 14. Januar 2023, ein! In der Bad Bernecker Dreifachsporthalle messen sich acht Teams von der A-Klasse bis zur Kreisliga. Los geht&#8217;s um 14 Uhr, f\u00fcr das leibliche Wohl der Zuschauer ist nat\u00fcrlich gesorgt.<\/strong><\/p>\n<p><a href=\"https:\/\/spvgg-goldkronach.com\/1946\/wp-content\/uploads\/2023\/01\/Hallencup-2023-Plan.pdf\" target=\"_blank\" rel=\"noopener\"><strong>Den Spielplan gibt es hier als pdf zum Download!<\/strong><\/a><\/p>\n<p><img loading=\"lazy\" decoding=\"async\" class=\"aligncenter size-large wp-image-7393\" src=\"https:\/\/spvgg-goldkronach.com\/1946\/wp-content\/uploads\/2023\/01\/Plakat-Hallencup-2023-1-web-724x1024.jpg\" alt=\"\" width=\"724\" height=\"1024\" srcset=\"https:\/\/spvgg-goldkronach.com\/1946\/wp-content\/uploads\/2023\/01\/Plakat-Hallencup-2023-1-web-724x1024.jpg 724w, https:\/\/spvgg-goldkronach.com\/1946\/wp-content\/uploads\/2023\/01\/Plakat-Hallencup-2023-1-web-212x300.jpg 212w, https:\/\/spvgg-goldkronach.com\/1946\/wp-content\/uploads\/2023\/01\/Plakat-Hallencup-2023-1-web-768x1086.jpg 768w, https:\/\/spvgg-goldkronach.com\/1946\/wp-content\/uploads\/2023\/01\/Plakat-Hallencup-2023-1-web.jpg 800w\" sizes=\"auto, (max-width: 724px) 100vw, 724px\" \/><\/p>\n","protected":false},"excerpt":{"rendered":"<p>Endlich wieder Hallenfu\u00dfball: Die SpVgg Goldkronach l\u00e4dt zum Budenzauber am Samstag, 14. Januar 2023, ein! In der Bad Bernecker Dreifachsporthalle messen sich acht Teams von der A-Klasse bis zur Kreisliga. Los geht&#8217;s um 14 Uhr, f\u00fcr das leibliche Wohl der Zuschauer ist nat\u00fcrlich gesorgt. Den Spielplan gibt es hier als pdf zum Download!<\/p>\n","protected":false},"author":1,"featured_media":7390,"comment_status":"closed","ping_status":"closed","sticky":false,"template":"","format":"standard","meta":{"footnotes":""},"categories":[5,6],"tags":[143,798,470],"class_list":["post-7389","post","type-post","status-publish","format-standard","has-post-thumbnail","hentry","category-1-mannschaft","category-2-mannschaft","tag-bad-berneck","tag-hallenfussball","tag-hallenturnier"],"_links":{"self":[{"href":"https:\/\/spvgg-goldkronach.com\/1946\/wp-json\/wp\/v2\/posts\/7389","targetHints":{"allow":["GET"]}}],"collection":[{"href":"https:\/\/spvgg-goldkronach.com\/1946\/wp-json\/wp\/v2\/posts"}],"about":[{"href":"https:\/\/spvgg-goldkronach.com\/1946\/wp-json\/wp\/v2\/types\/post"}],"author":[{"embeddable":true,"href":"https:\/\/spvgg-goldkronach.com\/1946\/wp-json\/wp\/v2\/users\/1"}],"replies":[{"embeddable":true,"href":"https:\/\/spvgg-goldkronach.com\/1946\/wp-json\/wp\/v2\/comments?post=7389"}],"version-history":[{"count":5,"href":"https:\/\/spvgg-goldkronach.com\/1946\/wp-json\/wp\/v2\/posts\/7389\/revisions"}],"predecessor-version":[{"id":7398,"href":"https:\/\/spvgg-goldkronach.com\/1946\/wp-json\/wp\/v2\/posts\/7389\/revisions\/7398"}],"wp:featuredmedia":[{"embeddable":true,"href":"https:\/\/spvgg-goldkronach.com\/1946\/wp-json\/wp\/v2\/media\/7390"}],"wp:attachment":[{"href":"https:\/\/spvgg-goldkronach.com\/1946\/wp-json\/wp\/v2\/media?parent=7389"}],"wp:term":[{"taxonomy":"category","embeddable":true,"href":"https:\/\/spvgg-goldkronach.com\/1946\/wp-json\/wp\/v2\/categories?post=7389"},{"taxonomy":"post_tag","embeddable":true,"href":"https:\/\/spvgg-goldkronach.com\/1946\/wp-json\/wp\/v2\/tags?post=7389"}],"curies":[{"name":"wp","href":"https:\/\/api.w.org\/{rel}","templated":true}]}}