{"id":7228,"date":"2022-08-06T14:17:42","date_gmt":"2022-08-06T12:17:42","guid":{"rendered":"http:\/\/spvgg-goldkronach.com\/1946\/?p=7228"},"modified":"2022-09-29T13:02:20","modified_gmt":"2022-09-29T11:02:20","slug":"raus-aus-dem-pokal-rein-ins-derby-gronicher-empfangen-bad-berneck","status":"publish","type":"post","link":"https:\/\/spvgg-goldkronach.com\/1946\/2022\/08\/raus-aus-dem-pokal-rein-ins-derby-gronicher-empfangen-bad-berneck\/","title":{"rendered":"Raus aus dem Pokal, rein ins Derby: Gronicher empfangen Bad Berneck"},"content":{"rendered":"<div id=\"attachment_6368\" style=\"width: 2010px\" class=\"wp-caption aligncenter\"><img loading=\"lazy\" decoding=\"async\" aria-describedby=\"caption-attachment-6368\" class=\"size-full wp-image-6368\" src=\"https:\/\/spvgg-goldkronach.com\/1946\/wp-content\/uploads\/2019\/06\/web23torjubel.jpg\" alt=\"\" width=\"2000\" height=\"1206\" srcset=\"https:\/\/spvgg-goldkronach.com\/1946\/wp-content\/uploads\/2019\/06\/web23torjubel.jpg 2000w, https:\/\/spvgg-goldkronach.com\/1946\/wp-content\/uploads\/2019\/06\/web23torjubel-300x181.jpg 300w, https:\/\/spvgg-goldkronach.com\/1946\/wp-content\/uploads\/2019\/06\/web23torjubel-768x463.jpg 768w, https:\/\/spvgg-goldkronach.com\/1946\/wp-content\/uploads\/2019\/06\/web23torjubel-1024x617.jpg 1024w\" sizes=\"auto, (max-width: 2000px) 100vw, 2000px\" \/><p id=\"caption-attachment-6368\" class=\"wp-caption-text\">Das letzte Pflichtspiel gegen den TSV Bad Berneck: Im Kreispokal setzten sich die Bernecker am 28. Juni 2019 mit 7:5 im Elfmeterschie\u00dfen durch. Hier bejubeln Nick Mertins und Torsch\u00fctze Fabian Neuner den zwischenzeitlichen Ausgleichstreffer zum 3:3 f\u00fcr den damaligen Kreisklassisten Goldkronach.<\/p><\/div>\n<p><strong>Nach dem 2:3 im Pokal gegen die Bayreuther Eintracht geht es schon am morgigen Sonntag weiter in der Kreisliga: Die SpVgg Goldkronach empf\u00e4ngt den TSV Bad Berneck zum Fichtelgebirgs-Derby!<\/strong><\/p>\n<p>Mund abputzen \u2013 und weiter geht&#8217;s: So lautet die Devise bei den Roten, die am Donnerstagabend einen 2:0-Vorsprung im Kreispokal noch aus der Hand gaben. Tobias Neukam hatte die SpVgg durch einen Doppelschlag in Front gebracht. Eintracht Bayreuth aber kam noch vor der Pause durch einen Elfmetertreffer heran und drehte die Partie im zweiten Durchgang. Goldkronach ist damit f\u00fcr diese Saison raus aus dem Pokal.<\/p>\n<p>Doch die M\u00f6glichkeit, das alles vergessen zu machen, ergibt sich schon am Sonntag: Dann ist der TSV Bad Berneck zu Gast an der Kronach. Um 13:30 Uhr ert\u00f6nt der Anpfiff zu diesem Klassiker, den es nun wieder in der Kreisliga zu sehen gibt. Beide Teams sind gut gestartet, w\u00e4hrend die Gronicher \u00fcberraschend mit sieben Punkten die Tabelle anf\u00fchren, sind ihnen die neu formierten Bernecker mit sechs Punkten dicht auf den Fersen.<\/p>\n<p>Auch die Teams der Spielgemeinschaft Goldkronach\/Nemmersdorf sind am Sonntag im Einsatz. Die Partien in der \u00dcbersicht:<\/p>\n<p style=\"padding-left: 40px;\">Kreisliga: SpVgg Goldkronach \u2013 TSV Bad Berneck, Anpfiff 13:30 Uhr<\/p>\n<p style=\"padding-left: 40px;\">Kreisklasse: SG 1 \u2013 SSV Kirchenpingarten, Anpfiff 16:00 Uhr (in Nemmersdorf)<\/p>\n<p style=\"padding-left: 40px;\">A-Klasse: TSV Stadtsteinach \u2013 SG 2, Anpfiff 15:00 Uhr<\/p>\n<p style=\"padding-left: 40px;\">B-Klasse: TSV Wirsberg II \u2013 SG 3, Anpfiff 13:15 Uhr<\/p>\n","protected":false},"excerpt":{"rendered":"<p>Nach dem 2:3 im Pokal gegen die Bayreuther Eintracht geht es schon am morgigen Sonntag weiter in der Kreisliga: Die SpVgg Goldkronach empf\u00e4ngt den TSV Bad Berneck zum Fichtelgebirgs-Derby! Mund abputzen \u2013 und weiter geht&#8217;s: So lautet die Devise bei den Roten, die am Donnerstagabend einen 2:0-Vorsprung im Kreispokal noch aus der Hand gaben. Tobias [&hellip;]<\/p>\n","protected":false},"author":1,"featured_media":6368,"comment_status":"closed","ping_status":"closed","sticky":false,"template":"","format":"standard","meta":{"footnotes":""},"categories":[5,6],"tags":[143,44,894,149],"class_list":["post-7228","post","type-post","status-publish","format-standard","has-post-thumbnail","hentry","category-1-mannschaft","category-2-mannschaft","tag-bad-berneck","tag-kirchenpingarten","tag-stadtsteinach","tag-wirsberg"],"_links":{"self":[{"href":"https:\/\/spvgg-goldkronach.com\/1946\/wp-json\/wp\/v2\/posts\/7228","targetHints":{"allow":["GET"]}}],"collection":[{"href":"https:\/\/spvgg-goldkronach.com\/1946\/wp-json\/wp\/v2\/posts"}],"about":[{"href":"https:\/\/spvgg-goldkronach.com\/1946\/wp-json\/wp\/v2\/types\/post"}],"author":[{"embeddable":true,"href":"https:\/\/spvgg-goldkronach.com\/1946\/wp-json\/wp\/v2\/users\/1"}],"replies":[{"embeddable":true,"href":"https:\/\/spvgg-goldkronach.com\/1946\/wp-json\/wp\/v2\/comments?post=7228"}],"version-history":[{"count":2,"href":"https:\/\/spvgg-goldkronach.com\/1946\/wp-json\/wp\/v2\/posts\/7228\/revisions"}],"predecessor-version":[{"id":7230,"href":"https:\/\/spvgg-goldkronach.com\/1946\/wp-json\/wp\/v2\/posts\/7228\/revisions\/7230"}],"wp:featuredmedia":[{"embeddable":true,"href":"https:\/\/spvgg-goldkronach.com\/1946\/wp-json\/wp\/v2\/media\/6368"}],"wp:attachment":[{"href":"https:\/\/spvgg-goldkronach.com\/1946\/wp-json\/wp\/v2\/media?parent=7228"}],"wp:term":[{"taxonomy":"category","embeddable":true,"href":"https:\/\/spvgg-goldkronach.com\/1946\/wp-json\/wp\/v2\/categories?post=7228"},{"taxonomy":"post_tag","embeddable":true,"href":"https:\/\/spvgg-goldkronach.com\/1946\/wp-json\/wp\/v2\/tags?post=7228"}],"curies":[{"name":"wp","href":"https:\/\/api.w.org\/{rel}","templated":true}]}}