{"id":7213,"date":"2022-07-26T21:16:21","date_gmt":"2022-07-26T19:16:21","guid":{"rendered":"http:\/\/spvgg-goldkronach.com\/1946\/?p=7213"},"modified":"2022-07-27T19:07:18","modified_gmt":"2022-07-27T17:07:18","slug":"spvgg-startet-mit-sieg-in-die-kreisliga","status":"publish","type":"post","link":"https:\/\/spvgg-goldkronach.com\/1946\/2022\/07\/spvgg-startet-mit-sieg-in-die-kreisliga\/","title":{"rendered":"SpVgg startet mit Sieg in die Kreisliga"},"content":{"rendered":"<p><strong>Die SpVgg Goldkronach ist mit einem Ausw\u00e4rtssieg in die Kreisliga-Saison gestartet. Die Gronicher gewannen ihr Auftaktspiel beim VfB Kulmbach mit 1:0 durch ein Strafsto\u00dftor von Maximilian Eicherm\u00fcller, insgesamt lie\u00df die Leistung aber noch Luft nach oben. Schon am Donnerstagabend um 18:30 Uhr geht es weiter, wenn der Sportring Bayreuth an die Kronach kommt.<\/strong><\/p>\n<p>Bei Gluthitze und auf einem steinharten Sportplatz trug unsere Erste das Auftaktspiel f\u00fcr ihre Kreisligasaison aus. Und wer unsere Jungs zum Favoritenkreis der Liga z\u00e4hlt, sollte seine Meinung nach diesem Spiel noch einmal \u00fcberdenken. Es zeigte sich schnell, dass man in dieser Liga nichts geschenkt bekommt. Die Mannschaft aus dem Kulmbacher Stadtteil Metzdorf war eng am Mann und suchte immer wieder den Zweikampf. Und der wurde mit vollem Engagement und viel H\u00e4rte bestritten.<\/p>\n<p><strong>Erst ein Elfer bringt die F\u00fchrung<\/strong><\/p>\n<p>Unsere Jungs versuchten es zun\u00e4chst mit spielerischen Mitteln. Sie mussten aber schnell erkennen, dass Kombinationsfu\u00dfball nicht m\u00f6glich war. Zudem stand der Gastgeber hinten massiv und unsere St\u00fcrmer wurden meist gedoppelt. Unsere Au\u00dfenverteidiger Nico Weber und Maxi Eicherm\u00fcller mussten sich auf ihre Defensivaufgaben konzentrieren und konnten nur selten Impulse nach vorne geben. Die Innenverteidigung mit Nick Mertins und Timo Neukam lieferte eine starke Partie ab und hatte alles im Griff.<\/p>\n<p>Hans Riedel im Tor wurde wenig gepr\u00fcft und hatte bei einem Freisto\u00df Gl\u00fcck, dass der Ball nur gegen den Pfosten klatschte. Zuvor hatten Tobi Neukam, Patty K\u00f6rber und Christian Scherm jeweils den F\u00fchrungstreffer auf dem Kopf bzw. Fu\u00df. Der fiel jedoch erst nach einer guten halben Stunde. Alex Ehl war abermals zu schnell f\u00fcr die Abwehr und Libero Reuther lie\u00df ihn \u00fcber die Klinge springen. Den f\u00e4lligen Strafsto\u00df verwandelte Eichi wie gewohnt sicher.<\/p>\n<p><strong>Viel Kampf, wenige Strafraumszenen<\/strong><\/p>\n<p>Den Rest der ersten H\u00e4lfte sahen die Zuschauer viel Kampf und wenige Strafraumszenen. Im zweiten Durchgang versuchte der Gastgeber, Druck aufzubauen. Aber vor dem Strafraum waren die Metzdorfer mit ihrem Latein am Ende. Lediglich ein Weitschuss von Torj\u00e4ger Wohlfart zwang Hans Riedl zu einer Flugeinlage. Unser Team war allerdings ebenso wenig in der Lage, gef\u00e4hrlich vor das gegnerische Tor zu kommen.<\/p>\n<p>Gegen Ende der Partie \u00f6ffnete der VfB immer mehr. Allerdings war man zu unentschlossen und blieb immer wieder in der vielbeinigen G\u00e4steabwehr h\u00e4ngen. Richtige Hektik gab es eigentlich nur bei Eckb\u00e4llen. Unsere Jungs generierten dann doch noch einige Chancen. Eine Hereingabe von links verfehlte Alex Ehl freistehend denkbar knapp. Und als Tobi Neukam im Strafraum von den Beinen geholt wurde, blieb die Pfeife des Unparteiischen stumm. Vielleicht sah der Sturz zu spektakul\u00e4r aus&#8230;<\/p>\n<p><strong>Die Abwehr hat die Sache im Griff<\/strong><\/p>\n<p>Kurz vor Schluss bekam Dennis Mager noch die Stollen seines Gegenspielers ins Gesicht. Mit einer blutenden Wunde musste er vom Feld. Aber auch ohne Dennis brachten unsere Jungs den Sieg \u00fcber die Zeit. Ohne zu gl\u00e4nzen holte unsere Elf den ersten Sieg in der Kreisliga. In einem Kampfspiel hatte unsere Abwehr die Sache im Griff. Nach vorne konnten wir nicht gl\u00e4nzen. Das lag zum einen an den Platzverh\u00e4ltnissen und zum anderen am unb\u00e4ndigen Kampfeswillen der Gastgeber. Wie schrieb der <em>Kurier<\/em> so sch\u00f6n: Saison\u00fcbergreifend der 25 Sieg in Folge. Das hat doch was.<\/p>\n","protected":false},"excerpt":{"rendered":"<p>Die SpVgg Goldkronach ist mit einem Ausw\u00e4rtssieg in die Kreisliga-Saison gestartet. Die Gronicher gewannen ihr Auftaktspiel beim VfB Kulmbach mit 1:0 durch ein Strafsto\u00dftor von Maximilian Eicherm\u00fcller, insgesamt lie\u00df die Leistung aber noch Luft nach oben. Schon am Donnerstagabend um 18:30 Uhr geht es weiter, wenn der Sportring Bayreuth an die Kronach kommt. Bei Gluthitze [&hellip;]<\/p>\n","protected":false},"author":2,"featured_media":6286,"comment_status":"closed","ping_status":"closed","sticky":false,"template":"","format":"standard","meta":{"footnotes":""},"categories":[5],"tags":[312,728,61,148],"class_list":["post-7213","post","type-post","status-publish","format-standard","has-post-thumbnail","hentry","category-1-mannschaft","tag-auswartsspiel","tag-eichermueller","tag-kreisliga","tag-vfb-kulmbach"],"_links":{"self":[{"href":"https:\/\/spvgg-goldkronach.com\/1946\/wp-json\/wp\/v2\/posts\/7213","targetHints":{"allow":["GET"]}}],"collection":[{"href":"https:\/\/spvgg-goldkronach.com\/1946\/wp-json\/wp\/v2\/posts"}],"about":[{"href":"https:\/\/spvgg-goldkronach.com\/1946\/wp-json\/wp\/v2\/types\/post"}],"author":[{"embeddable":true,"href":"https:\/\/spvgg-goldkronach.com\/1946\/wp-json\/wp\/v2\/users\/2"}],"replies":[{"embeddable":true,"href":"https:\/\/spvgg-goldkronach.com\/1946\/wp-json\/wp\/v2\/comments?post=7213"}],"version-history":[{"count":3,"href":"https:\/\/spvgg-goldkronach.com\/1946\/wp-json\/wp\/v2\/posts\/7213\/revisions"}],"predecessor-version":[{"id":7216,"href":"https:\/\/spvgg-goldkronach.com\/1946\/wp-json\/wp\/v2\/posts\/7213\/revisions\/7216"}],"wp:featuredmedia":[{"embeddable":true,"href":"https:\/\/spvgg-goldkronach.com\/1946\/wp-json\/wp\/v2\/media\/6286"}],"wp:attachment":[{"href":"https:\/\/spvgg-goldkronach.com\/1946\/wp-json\/wp\/v2\/media?parent=7213"}],"wp:term":[{"taxonomy":"category","embeddable":true,"href":"https:\/\/spvgg-goldkronach.com\/1946\/wp-json\/wp\/v2\/categories?post=7213"},{"taxonomy":"post_tag","embeddable":true,"href":"https:\/\/spvgg-goldkronach.com\/1946\/wp-json\/wp\/v2\/tags?post=7213"}],"curies":[{"name":"wp","href":"https:\/\/api.w.org\/{rel}","templated":true}]}}