{"id":7198,"date":"2022-07-21T12:40:49","date_gmt":"2022-07-21T10:40:49","guid":{"rendered":"http:\/\/spvgg-goldkronach.com\/1946\/?p=7198"},"modified":"2022-09-29T13:01:54","modified_gmt":"2022-09-29T11:01:54","slug":"gronicher-starten-am-sonntag-beim-vfb-kulmbach-in-die-kreisliga","status":"publish","type":"post","link":"https:\/\/spvgg-goldkronach.com\/1946\/2022\/07\/gronicher-starten-am-sonntag-beim-vfb-kulmbach-in-die-kreisliga\/","title":{"rendered":"Gronicher starten am Sonntag beim VfB Kulmbach in die Kreisliga"},"content":{"rendered":"<div id=\"attachment_6358\" style=\"width: 2010px\" class=\"wp-caption aligncenter\"><img loading=\"lazy\" decoding=\"async\" aria-describedby=\"caption-attachment-6358\" class=\"size-full wp-image-6358\" src=\"https:\/\/spvgg-goldkronach.com\/1946\/wp-content\/uploads\/2019\/06\/vfb-04.jpg\" alt=\"\" width=\"2000\" height=\"1500\" srcset=\"https:\/\/spvgg-goldkronach.com\/1946\/wp-content\/uploads\/2019\/06\/vfb-04.jpg 2000w, https:\/\/spvgg-goldkronach.com\/1946\/wp-content\/uploads\/2019\/06\/vfb-04-300x225.jpg 300w, https:\/\/spvgg-goldkronach.com\/1946\/wp-content\/uploads\/2019\/06\/vfb-04-768x576.jpg 768w, https:\/\/spvgg-goldkronach.com\/1946\/wp-content\/uploads\/2019\/06\/vfb-04-1024x768.jpg 1024w, https:\/\/spvgg-goldkronach.com\/1946\/wp-content\/uploads\/2019\/06\/vfb-04-100x75.jpg 100w, https:\/\/spvgg-goldkronach.com\/1946\/wp-content\/uploads\/2019\/06\/vfb-04-160x120.jpg 160w, https:\/\/spvgg-goldkronach.com\/1946\/wp-content\/uploads\/2019\/06\/vfb-04-280x210.jpg 280w, https:\/\/spvgg-goldkronach.com\/1946\/wp-content\/uploads\/2019\/06\/vfb-04-400x300.jpg 400w, https:\/\/spvgg-goldkronach.com\/1946\/wp-content\/uploads\/2019\/06\/vfb-04-800x600.jpg 800w\" sizes=\"auto, (max-width: 2000px) 100vw, 2000px\" \/><p id=\"caption-attachment-6358\" class=\"wp-caption-text\">Zulezt waren die Gronicher f\u00fcr ein Testspiel zum VfB Kulmbach gereist: Am 21. Juni 2019 gewann die SpVgg mit 4:0 in Metzdorf, in dieser Szene kl\u00e4rte VfB-Keeper Kodisch aber vor Goldkronachs Lorenz Hofmann.<\/p><\/div>\n<p><strong>Am Sonntag geht&#8217;s endlich los! Die Gronicher sind zur\u00fcck in der Kreisliga, zum Auftakt ist die SpVgg Goldkronach beim VfB Kulmbach zu Gast. F\u00fcr die drei Mannschaften der Spielgemeinschaft mit dem ASV Nemmersdorf stehen am Wochenende die ersten Ligaspiele \u00fcberhaupt an.<br \/>\n<\/strong><\/p>\n<p>Viele Jahre mussten die Anh\u00e4nger der SpVgg warten, ehe sie wieder zu einem Ausw\u00e4rtsspiel im Oberhaus des Fu\u00dfballkreises reisen durften: Jetzt ist es soweit. Am Sonntag, 24. Juli, er\u00f6ffnen die Gronicher um 16 Uhr beim VfB Kulmbach die neue Saison. Die Ergebnisse j\u00fcngsten Test- und Pokalspiele n\u00e4hrten die Hoffnung auf eine erfolgreiche Saison, in der die Goldkronacher unbedingt in die Kreisliga halten wollen.<\/p>\n<p><strong>Starke Vorbereitung \u2013 starker Gegner<\/strong><\/p>\n<p>Die personellen Voraussetzungen daf\u00fcr stimmen: Zwar verlie\u00df Felix Rabenstein die Meisterelf Richtung Landesliga und schloss sich dem BSC Saas an, doch im Gegenzug k\u00f6nnen sich die Goldkronacher nicht nur \u00fcber Verst\u00e4rkungen durch die Zusammenarbeit mit dem ASV Nemmersdorf freuen. Auch f\u00fcnf externe Neuzug\u00e4nge sind an die Kronach gewechselt: Mit Torsch\u00fctzenk\u00f6nig Christian Scherm aus Kirchenpingarten, den Zwillingen Timo und Tobias Neukam sowie Dennis Mager aus Bad Berneck und Eduard Justus aus Herzogenaurach kommt auch reichlich zus\u00e4tzliche Torgefahr und Erfahrung in die junge Mannschaft.<\/p>\n<p>Doch mit dem VfB Kulmbach wartet gleich ein Pr\u00fcfstein auf den Kreisklassen-Meister. Denn der Mitaufsteiger sammelte in der Kulmbacher Kreisklasse satte 75 Punkte ein, ehe er in der Relegation dem Kreisligisten TSV St. Johannis in Mistelgau mit 3:0 klar und deutlich das Nachsehen gab. Es ist noch nicht lange her, da geh\u00f6rten die Metzdorfer zur Besetzung der Bezirksliga und das letzte Punktspiel zwischen beiden Mannschaften ist daher auch eines zwischen der Goldkronacher Ersten und der Reserve des VfB: Am 5. April 2012 trennten sich beide Teams 0:0. Dieses Ergebnis muss es dann zum Auftakt in die Kreisliga nicht unbedingt sein&#8230;<\/p>\n<p><strong>Die SG startet in ihre erste Saison<\/strong><\/p>\n<p>Das Wochenende hat aber auch eine absolute Premiere zu bieten: Drei Mannschaften der <a href=\"https:\/\/spvgg-goldkronach.com\/1946\/2022\/06\/gemeinsam-fuer-den-fussball-in-goldkronach-spvgg-und-asv-arbeiten-zusammen\/\" target=\"_blank\" rel=\"noopener\">neu formierten Spielgemeinschaft<\/a> mit dem ASV Nemmersdorf startet in ihre ersten Punktspiele! Vor der Saison hatten sich beide Vereine zusammengefunden, um ein Modell zu entwickeln, das den Fu\u00dfball in Goldkronach zukunftsf\u00e4hig machen soll. Die drei SG-Mannschaften sind dazu der erste Schritt, auf dem gro\u00dfe Hoffnungen ruhen. Umso gespannter sind die Blicke auf den Saisonstart gerichtet, zu dem die Kreisklassen-Elf in Hummeltal gastiert. Die Teams in der A- und B-Klasse starten zu Hause, diese beiden Spiele werden am Sonntag in Nemmersdorf ausgetragen.<\/p>\n<p><strong>Die Spiele am Sonntag in der \u00dcbersicht<\/strong><\/p>\n<p>Kreisliga: VfB Kulmbach \u2013 SpVgg Goldkronach, Ansto\u00df 16:00 Uhr<\/p>\n<p>Kreisklasse: SG Hummeltal\/Glash\u00fctten \u2013 SG Nemmersdorf I\/Goldkronach II, Ansto\u00df 14:00 Uhr<\/p>\n<p>A-Klasse: SG Goldkronach III\/Nemmersdorf II \u2013 SV Hutschdorf II, Ansto\u00df: 12:00 Uhr (in Nemmersdorf)<\/p>\n<p>B-Klasse: SG Nemmersdorf III\/Goldkronach IV \u2013 SV Seybothenreuth II, Ansto\u00df: 16:00 Uhr (in Nemmersdorf)<\/p>\n","protected":false},"excerpt":{"rendered":"<p>Am Sonntag geht&#8217;s endlich los! Die Gronicher sind zur\u00fcck in der Kreisliga, zum Auftakt ist die SpVgg Goldkronach beim VfB Kulmbach zu Gast. F\u00fcr die drei Mannschaften der Spielgemeinschaft mit dem ASV Nemmersdorf stehen am Wochenende die ersten Ligaspiele \u00fcberhaupt an. Viele Jahre mussten die Anh\u00e4nger der SpVgg warten, ehe sie wieder zu einem Ausw\u00e4rtsspiel [&hellip;]<\/p>\n","protected":false},"author":1,"featured_media":6358,"comment_status":"closed","ping_status":"closed","sticky":false,"template":"","format":"standard","meta":{"footnotes":""},"categories":[5,6],"tags":[312,61,148],"class_list":["post-7198","post","type-post","status-publish","format-standard","has-post-thumbnail","hentry","category-1-mannschaft","category-2-mannschaft","tag-auswartsspiel","tag-kreisliga","tag-vfb-kulmbach"],"_links":{"self":[{"href":"https:\/\/spvgg-goldkronach.com\/1946\/wp-json\/wp\/v2\/posts\/7198","targetHints":{"allow":["GET"]}}],"collection":[{"href":"https:\/\/spvgg-goldkronach.com\/1946\/wp-json\/wp\/v2\/posts"}],"about":[{"href":"https:\/\/spvgg-goldkronach.com\/1946\/wp-json\/wp\/v2\/types\/post"}],"author":[{"embeddable":true,"href":"https:\/\/spvgg-goldkronach.com\/1946\/wp-json\/wp\/v2\/users\/1"}],"replies":[{"embeddable":true,"href":"https:\/\/spvgg-goldkronach.com\/1946\/wp-json\/wp\/v2\/comments?post=7198"}],"version-history":[{"count":9,"href":"https:\/\/spvgg-goldkronach.com\/1946\/wp-json\/wp\/v2\/posts\/7198\/revisions"}],"predecessor-version":[{"id":7212,"href":"https:\/\/spvgg-goldkronach.com\/1946\/wp-json\/wp\/v2\/posts\/7198\/revisions\/7212"}],"wp:featuredmedia":[{"embeddable":true,"href":"https:\/\/spvgg-goldkronach.com\/1946\/wp-json\/wp\/v2\/media\/6358"}],"wp:attachment":[{"href":"https:\/\/spvgg-goldkronach.com\/1946\/wp-json\/wp\/v2\/media?parent=7198"}],"wp:term":[{"taxonomy":"category","embeddable":true,"href":"https:\/\/spvgg-goldkronach.com\/1946\/wp-json\/wp\/v2\/categories?post=7198"},{"taxonomy":"post_tag","embeddable":true,"href":"https:\/\/spvgg-goldkronach.com\/1946\/wp-json\/wp\/v2\/tags?post=7198"}],"curies":[{"name":"wp","href":"https:\/\/api.w.org\/{rel}","templated":true}]}}