{"id":6905,"date":"2021-08-18T16:41:43","date_gmt":"2021-08-18T14:41:43","guid":{"rendered":"http:\/\/spvgg-goldkronach.com\/1946\/?p=6905"},"modified":"2021-08-18T16:41:43","modified_gmt":"2021-08-18T14:41:43","slug":"jahreshauptversammlung-spvgg-trotzt-corona-und-ehrt-verdiente-mitglieder","status":"publish","type":"post","link":"https:\/\/spvgg-goldkronach.com\/1946\/2021\/08\/jahreshauptversammlung-spvgg-trotzt-corona-und-ehrt-verdiente-mitglieder\/","title":{"rendered":"Jahreshauptversammlung: SpVgg trotzt Corona und ehrt verdiente Mitglieder"},"content":{"rendered":"<div id=\"attachment_6908\" style=\"width: 1034px\" class=\"wp-caption aligncenter\"><img loading=\"lazy\" decoding=\"async\" aria-describedby=\"caption-attachment-6908\" class=\"size-large wp-image-6908\" src=\"https:\/\/spvgg-goldkronach.com\/1946\/wp-content\/uploads\/2021\/08\/ehrungen-jhv-2021-1024x617.jpg\" alt=\"\" width=\"1024\" height=\"617\" srcset=\"https:\/\/spvgg-goldkronach.com\/1946\/wp-content\/uploads\/2021\/08\/ehrungen-jhv-2021-1024x617.jpg 1024w, https:\/\/spvgg-goldkronach.com\/1946\/wp-content\/uploads\/2021\/08\/ehrungen-jhv-2021-300x181.jpg 300w, https:\/\/spvgg-goldkronach.com\/1946\/wp-content\/uploads\/2021\/08\/ehrungen-jhv-2021-768x463.jpg 768w, https:\/\/spvgg-goldkronach.com\/1946\/wp-content\/uploads\/2021\/08\/ehrungen-jhv-2021-1536x926.jpg 1536w, https:\/\/spvgg-goldkronach.com\/1946\/wp-content\/uploads\/2021\/08\/ehrungen-jhv-2021.jpg 2000w\" sizes=\"auto, (max-width: 1024px) 100vw, 1024px\" \/><p id=\"caption-attachment-6908\" class=\"wp-caption-text\">Von links nach rechts: Karlheinz Bauer (geehrt f\u00fcr 60 Jahre Mitgliedschaft), Hans Kie\u00dfling (75), Rainer Zapf (25), Matthias Deinlein, Klaus Burger (50), R\u00fcdiger Meyer (25), Waldemar Sack (75), Norbert Beck (60), David Zinke (25), stellvertretender Vorsitzender Fabian Blechschmidt, Hannes Rabenstein (25), Vorsitzender Manfred Hautsch. Foto: Alex Seyferth.<\/p><\/div>\n<p><strong>Die SpVgg Goldkronach hat mit den Folgen der Corona-Pandemie zu k\u00e4mpfen, ist aber insgesamt sehr gut aufgestellt: So lautete das Fazit der Jahreshauptversammlung, zu der sich 30 Mitglieder im Sportheim eingefunden hatten.<\/strong><\/p>\n<p>Denn einerseits fand keine einzige der geplanten Veranstaltungen statt und die Mitgliederzahl sank auf 432. \u201eOhne Sportangebot ist es schwer, neue Mitglieder zu gewinnen\u201c, stellte Vorstand Manfred Hautsch mit Blick auf gesperrte Hallen und Pl\u00e4tze fest.<\/p>\n<p><strong>Gut aufgestellt trotz Krise<\/strong><\/p>\n<p>Doch andererseits stellten die Ausgaben von rund 51.000 Euro im vergangenen Vereinsjahr auch keine existenzielle Bedrohung dar, wie Kassier Detlef Vogel vorrechnete. Der Klub ist gut aufgestellt und freut sich \u00fcber engagierte Ehrenamtliche. Besonderes Lob ernteten die Platzwarte Fritz Hirschmann, Heiko Krause und J\u00fcrgen B\u00e4r sowie die scheidende Wirtin des Sportheims, Christel Will.<\/p>\n<p>Insbesondere der Sportbetrieb der Abteilungen Karate, Turnen und Dart litt nat\u00fcrlich trotzdem unter der Pandemie: Wer normalerweise drinnen Sport treibt, hatte es zuletzt schwer. Immerhin konnten einige Trainingseinheiten ins Freie verlegt werden.<\/p>\n<p><strong>Vorstandschaft wiedergew\u00e4hlt<\/strong><\/p>\n<p>Die gr\u00f6\u00dfte Sparte Fu\u00dfball zog eine positive Bilanz: Die erste Mannschaft vermag mit vielen jungen Eigengew\u00e4chsen in der Kreisklasse vorne mitzuspielen. Die Reserve spielt nun in der A-Klasse. Lediglich im Bereich der A- bis D-Jugend w\u00fcnschte sich Hautsch, dass sich mehr Goldkronacher als Betreuer in der Jugendf\u00f6rdergemeinschaft Fichtelgebirge einbr\u00e4chten. Daf\u00fcr werden die j\u00fcngsten Goldkronacher Fu\u00dfballer in der E- bis G-Jugend unter der F\u00fchrung von Andr\u00e9 Riedel und Oliver Zapf sehr gut ausgebildet. Zudem verf\u00fcgt die SpVgg \u00fcber drei aktive Schiedsrichter.<\/p>\n<p>Insgesamt waren die Mitglieder daher mit dem abgelaufenen Vereinsjahr sehr zufrieden. Die Vorstandschaft wurde ohne Gegenstimme entlastet und im Amt best\u00e4tigt. Manfred Hautsch f\u00fchrt den Klub weiterhin und wird von Fabian Blechschmidt vertreten, Kassier bleibt Detlef Vogel (Vertreterin: Heike Hautsch) und Schriftf\u00fchrer Karl Weidner (Vertreter: Hannes Rabenstein).<\/p>\n<p><strong>75 Jahre Vereinstreue<\/strong><\/p>\n<p>Den H\u00f6hepunkt der Veranstaltung bildeten die Ehrungen langj\u00e4hriger Mitglieder. Besondere Treue bewiesen Waldemar Sack und Johann Kie\u00dfling, die beide f\u00fcr ihre 75-j\u00e4hrige Vereinstreue geehrt wurden.<\/p>\n<p>Kie\u00dfling wusste zum Abschluss aus den Kindertagen des 1946 wiedergegr\u00fcndeten Sportvereins Vorw\u00e4rts Goldkronach zu berichten: Zum ersten Ausw\u00e4rtsspiel nach Bischofsgr\u00fcn fuhren die Goldkronacher damals mit Traktor und Lastenanh\u00e4nger. Im Vorspiel der Jugendmannschaften schoss der heute 93-J\u00e4hrige das erste Goldkronacher Tor der Nachkriegszeit.<\/p>\n<p><strong>Vorstandschaft 2021-2023:<\/strong><\/p>\n<ul>\n<li><strong>1. Vorsitzender: <\/strong>Manfred Hautsch<\/li>\n<li><strong>2. Vorsitzender:<\/strong> Fabian Blechschmidt<\/li>\n<li><strong>Kassier:<\/strong> Detlef Vogel<\/li>\n<li><strong>Stv. Kassierin:<\/strong> Heike Hautsch<\/li>\n<li><strong>Schriftf\u00fchrer:<\/strong> Karl-Friedrich Weidner<\/li>\n<li><strong>Stv. Schriftf\u00fchrer:<\/strong> Hannes Rabenstein<\/li>\n<\/ul>\n<p><strong>Ehrungen f\u00fcr treue Mitglieder:<\/strong><\/p>\n<ul>\n<li><strong>25 Ja<\/strong><strong>hre:<\/strong> R\u00fcdiger Meyer, Martin N\u00fcssel, Philipp N\u00fcssel, Hannes Rabenstein, Thomas Schliwa, David Zinke<\/li>\n<li><strong>40 Jahre:<\/strong> Matthias Deinlein, Wieland Kopp, Ingrid Schnabel, Rainer Zapf<\/li>\n<li><strong>50 Jahre:<\/strong> Norbert Beck, Klaus Burger<\/li>\n<li><strong>60 Jahre:<\/strong> Karlheinz Bauer, Hermann Prenzel<\/li>\n<li><strong>75 Jahre:<\/strong> Hans Kie\u00dfling, Waldemar Sack<\/li>\n<\/ul>\n","protected":false},"excerpt":{"rendered":"<p>Die SpVgg Goldkronach hat mit den Folgen der Corona-Pandemie zu k\u00e4mpfen, ist aber insgesamt sehr gut aufgestellt: So lautete das Fazit der Jahreshauptversammlung, zu der sich 30 Mitglieder im Sportheim eingefunden hatten. Denn einerseits fand keine einzige der geplanten Veranstaltungen statt und die Mitgliederzahl sank auf 432. \u201eOhne Sportangebot ist es schwer, neue Mitglieder zu [&hellip;]<\/p>\n","protected":false},"author":1,"featured_media":6908,"comment_status":"open","ping_status":"closed","sticky":false,"template":"","format":"standard","meta":{"footnotes":""},"categories":[1],"tags":[445,858,374,184,231,696,883,689],"class_list":["post-6905","post","type-post","status-publish","format-standard","has-post-thumbnail","hentry","category-verein","tag-blechschmidt","tag-corona","tag-ehrungen","tag-hautsch","tag-jahreshauptversammlung","tag-kiessling","tag-sack","tag-wahl"],"_links":{"self":[{"href":"https:\/\/spvgg-goldkronach.com\/1946\/wp-json\/wp\/v2\/posts\/6905","targetHints":{"allow":["GET"]}}],"collection":[{"href":"https:\/\/spvgg-goldkronach.com\/1946\/wp-json\/wp\/v2\/posts"}],"about":[{"href":"https:\/\/spvgg-goldkronach.com\/1946\/wp-json\/wp\/v2\/types\/post"}],"author":[{"embeddable":true,"href":"https:\/\/spvgg-goldkronach.com\/1946\/wp-json\/wp\/v2\/users\/1"}],"replies":[{"embeddable":true,"href":"https:\/\/spvgg-goldkronach.com\/1946\/wp-json\/wp\/v2\/comments?post=6905"}],"version-history":[{"count":5,"href":"https:\/\/spvgg-goldkronach.com\/1946\/wp-json\/wp\/v2\/posts\/6905\/revisions"}],"predecessor-version":[{"id":6911,"href":"https:\/\/spvgg-goldkronach.com\/1946\/wp-json\/wp\/v2\/posts\/6905\/revisions\/6911"}],"wp:featuredmedia":[{"embeddable":true,"href":"https:\/\/spvgg-goldkronach.com\/1946\/wp-json\/wp\/v2\/media\/6908"}],"wp:attachment":[{"href":"https:\/\/spvgg-goldkronach.com\/1946\/wp-json\/wp\/v2\/media?parent=6905"}],"wp:term":[{"taxonomy":"category","embeddable":true,"href":"https:\/\/spvgg-goldkronach.com\/1946\/wp-json\/wp\/v2\/categories?post=6905"},{"taxonomy":"post_tag","embeddable":true,"href":"https:\/\/spvgg-goldkronach.com\/1946\/wp-json\/wp\/v2\/tags?post=6905"}],"curies":[{"name":"wp","href":"https:\/\/api.w.org\/{rel}","templated":true}]}}