{"id":6591,"date":"2019-12-04T22:00:46","date_gmt":"2019-12-04T21:00:46","guid":{"rendered":"http:\/\/spvgg-goldkronach.com\/1946\/?p=6591"},"modified":"2019-12-04T23:22:11","modified_gmt":"2019-12-04T22:22:11","slug":"spvgg-trauert-um-erich-drescher","status":"publish","type":"post","link":"https:\/\/spvgg-goldkronach.com\/1946\/2019\/12\/spvgg-trauert-um-erich-drescher\/","title":{"rendered":"SpVgg trauert um Erich Drescher"},"content":{"rendered":"<div id=\"attachment_6596\" style=\"width: 1034px\" class=\"wp-caption aligncenter\"><img loading=\"lazy\" decoding=\"async\" aria-describedby=\"caption-attachment-6596\" class=\"size-large wp-image-6596\" src=\"https:\/\/spvgg-goldkronach.com\/1946\/wp-content\/uploads\/2019\/12\/drescher2-1024x568.jpg\" alt=\"\" width=\"1024\" height=\"568\" srcset=\"https:\/\/spvgg-goldkronach.com\/1946\/wp-content\/uploads\/2019\/12\/drescher2-1024x568.jpg 1024w, https:\/\/spvgg-goldkronach.com\/1946\/wp-content\/uploads\/2019\/12\/drescher2-300x167.jpg 300w, https:\/\/spvgg-goldkronach.com\/1946\/wp-content\/uploads\/2019\/12\/drescher2-768x426.jpg 768w, https:\/\/spvgg-goldkronach.com\/1946\/wp-content\/uploads\/2019\/12\/drescher2.jpg 2000w\" sizes=\"auto, (max-width: 1024px) 100vw, 1024px\" \/><p id=\"caption-attachment-6596\" class=\"wp-caption-text\">Der ehemalige Viertliga-Keeper Erich Drescher \u00fcbt mit dem Nachwuchs \u2013 hier am Rande der Kreisklassenpartie gegen VfB Kulmbach am 5. April 2012.<\/p><\/div>\n<p><strong>Die Spielvereinigung Goldkronach trauert um Erich Drescher.<\/strong><\/p>\n<p>Erich Drescher, Jahrgang 1940, trat der SpVgg Goldkronach Mitte der 1950er Jahre bei. Als die erste Mannschaft im Jahr 1958 aus der Kreisliga abzusteigen drohte, entschloss sich die Vorstandschaft zu einem heute verwegen anmutenden Schritt: Sie meldete die Jugendmannschaft ab und zog drei hoffnungsvolle Talente hoch in die Kreisliga-Elf. Erich Drescher war einer der Drei \u2013 und tats\u00e4chlich hielt die SpVgg die Liga.<\/p>\n<p>Damit begann die erfolgreichste \u00c4ra der Vereinsgeschichte. Schon 1959 blitzte das K\u00f6nnen der verj\u00fcngten Goldkronacher Elf auf, und Erich Drescher war mittendrin: Vor 1.000 Zuschauern holten die Gronicher den Pittroff-Pokal, den die Hinterbliebenen des im Jahr zuvor verstorbenen NS-Gegners, SPD-Ministers und Bayreuther Landrats Claus Pittroff als Kreispokal gestiftet hatten. \u201eDer katzengewandte Tormann Drescher gab seiner Mannschaft den n\u00f6tigen R\u00fcckhalt\u201c, notierte die Lokalzeitung. Auf dem ver\u00f6ffentlichten Siegerfoto h\u00e4lt er den Pokal in den H\u00e4nden.<\/p>\n<div id=\"attachment_6593\" style=\"width: 1010px\" class=\"wp-caption aligncenter\"><img loading=\"lazy\" decoding=\"async\" aria-describedby=\"caption-attachment-6593\" class=\"size-full wp-image-6593\" src=\"https:\/\/spvgg-goldkronach.com\/1946\/wp-content\/uploads\/2019\/12\/Teamfoto-1959-Pittroff-Pokal.jpg\" alt=\"\" width=\"1000\" height=\"983\" srcset=\"https:\/\/spvgg-goldkronach.com\/1946\/wp-content\/uploads\/2019\/12\/Teamfoto-1959-Pittroff-Pokal.jpg 1000w, https:\/\/spvgg-goldkronach.com\/1946\/wp-content\/uploads\/2019\/12\/Teamfoto-1959-Pittroff-Pokal-300x295.jpg 300w, https:\/\/spvgg-goldkronach.com\/1946\/wp-content\/uploads\/2019\/12\/Teamfoto-1959-Pittroff-Pokal-768x755.jpg 768w\" sizes=\"auto, (max-width: 1000px) 100vw, 1000px\" \/><p id=\"caption-attachment-6593\" class=\"wp-caption-text\">Erich Drescher (untere Reihe, Mitte) mit dem Pittroff-Pokal im Jahr 1959.<\/p><\/div>\n<p>Im darauffolgenden Sommer folgte der gr\u00f6\u00dfte Erfolg der Goldkronacher Fu\u00dfballer: Die SpVgg Goldkronach stieg in die Zweite Amateurliga auf. Und Erich Dreschers Wirkungskreis war nicht nur auf das H\u00fcten seines eigenen Tores beschr\u00e4nkt \u2013 er konnte auch selbst treffen! Nach Rudi Blechschmidt und Helmut Wolfsh\u00f6fer war es Drescher, der an dritter Stelle der vereinsinternen Torj\u00e4gerliste zur Meisterschaft 1960 beitrug.<\/p>\n<p>Gebeutelt von Verletzungspech musste die SpVgg nur ein Jahr sp\u00e4ter die vierte Liga wieder verlassen \u2013 aber nicht, ohne manchen Achtungserfolg eingefahren zu haben. Nach dem 1:1 gegen FC 09 Selb lobte die Presse, damals noch \u00e4u\u00dferst sparsam mit Superlativen: \u201eTW Drescher gefiel durch das Beherrschen des Sechzehnmeter-Raumes und seine Fu\u00dfabwehr in brenzligen Situationen.\u201c<\/p>\n<div id=\"attachment_6597\" style=\"width: 1034px\" class=\"wp-caption aligncenter\"><img loading=\"lazy\" decoding=\"async\" aria-describedby=\"caption-attachment-6597\" class=\"size-large wp-image-6597\" src=\"https:\/\/spvgg-goldkronach.com\/1946\/wp-content\/uploads\/2019\/12\/drescher3-1024x768.jpg\" alt=\"\" width=\"1024\" height=\"768\" srcset=\"https:\/\/spvgg-goldkronach.com\/1946\/wp-content\/uploads\/2019\/12\/drescher3-1024x768.jpg 1024w, https:\/\/spvgg-goldkronach.com\/1946\/wp-content\/uploads\/2019\/12\/drescher3-300x225.jpg 300w, https:\/\/spvgg-goldkronach.com\/1946\/wp-content\/uploads\/2019\/12\/drescher3-768x576.jpg 768w, https:\/\/spvgg-goldkronach.com\/1946\/wp-content\/uploads\/2019\/12\/drescher3-100x75.jpg 100w, https:\/\/spvgg-goldkronach.com\/1946\/wp-content\/uploads\/2019\/12\/drescher3-160x120.jpg 160w, https:\/\/spvgg-goldkronach.com\/1946\/wp-content\/uploads\/2019\/12\/drescher3-280x210.jpg 280w, https:\/\/spvgg-goldkronach.com\/1946\/wp-content\/uploads\/2019\/12\/drescher3-400x300.jpg 400w, https:\/\/spvgg-goldkronach.com\/1946\/wp-content\/uploads\/2019\/12\/drescher3-800x600.jpg 800w, https:\/\/spvgg-goldkronach.com\/1946\/wp-content\/uploads\/2019\/12\/drescher3.jpg 2000w\" sizes=\"auto, (max-width: 1024px) 100vw, 1024px\" \/><p id=\"caption-attachment-6597\" class=\"wp-caption-text\">Drescher (Zweiter von rechts) mit sportlichen Weggef\u00e4hrten beider Vereine anl\u00e4sslich des Spiels SpVgg Goldkronach \u2013 TSV Bad Berneck am 15. August 2011.<\/p><\/div>\n<p>F\u00fcr die SpVgg folgte dem H\u00f6henflug der Sturz in die Kreisklasse, die damalige B-Klasse. Doch auch hier hielt Drescher seinem Verein die Treue. Als Spielertrainer hatte er gro\u00dfen Anteil am Wiederaufstieg in die Kreisliga \u2013 zu seiner Aufstiegself z\u00e4hlte \u00fcbrigens auch der sp\u00e4tere Goldkronacher B\u00fcrgermeister G\u00fcnter Exner.<\/p>\n<p>Erich Drescher war bekannt und beliebt als langj\u00e4hriger Hausmeister der Goldkronacher Schule \u2013 wie vielen Jugendspielern hat er wohl S\u00fc\u00dfigkeiten zum Pausenbrot \u00fcber den Tresen gereicht? Schon ab 1979 diente er seinem Verein in der Jugendarbeit als Sch\u00fclerleiter. 1987 geh\u00f6rte er zu den Gr\u00fcndungsmitgliedern der heute eigenst\u00e4ndigen Tennisabteilung. Freilich wurden ihm auch zahlreiche Ehrungen zuteil, so erhielt er bereits 2005 die goldene Ehrennadel f\u00fcr 50-j\u00e4hrige Vereinstreue.<\/p>\n<p>Am 29. November ist Erich Drescher verstorben. Die SpVgg Goldkronach wird ihm stets ein ehrendes Andenken bewahren. Unser herzliches Beileid gilt allen Angeh\u00f6rigen.<\/p>\n","protected":false},"excerpt":{"rendered":"<p>Die Spielvereinigung Goldkronach trauert um Erich Drescher. Erich Drescher, Jahrgang 1940, trat der SpVgg Goldkronach Mitte der 1950er Jahre bei. Als die erste Mannschaft im Jahr 1958 aus der Kreisliga abzusteigen drohte, entschloss sich die Vorstandschaft zu einem heute verwegen anmutenden Schritt: Sie meldete die Jugendmannschaft ab und zog drei hoffnungsvolle Talente hoch in die [&hellip;]<\/p>\n","protected":false},"author":1,"featured_media":6595,"comment_status":"open","ping_status":"closed","sticky":false,"template":"","format":"standard","meta":{"footnotes":""},"categories":[1],"tags":[851,792],"class_list":["post-6591","post","type-post","status-publish","format-standard","has-post-thumbnail","hentry","category-verein","tag-drescher","tag-nachruf"],"_links":{"self":[{"href":"https:\/\/spvgg-goldkronach.com\/1946\/wp-json\/wp\/v2\/posts\/6591","targetHints":{"allow":["GET"]}}],"collection":[{"href":"https:\/\/spvgg-goldkronach.com\/1946\/wp-json\/wp\/v2\/posts"}],"about":[{"href":"https:\/\/spvgg-goldkronach.com\/1946\/wp-json\/wp\/v2\/types\/post"}],"author":[{"embeddable":true,"href":"https:\/\/spvgg-goldkronach.com\/1946\/wp-json\/wp\/v2\/users\/1"}],"replies":[{"embeddable":true,"href":"https:\/\/spvgg-goldkronach.com\/1946\/wp-json\/wp\/v2\/comments?post=6591"}],"version-history":[{"count":3,"href":"https:\/\/spvgg-goldkronach.com\/1946\/wp-json\/wp\/v2\/posts\/6591\/revisions"}],"predecessor-version":[{"id":6601,"href":"https:\/\/spvgg-goldkronach.com\/1946\/wp-json\/wp\/v2\/posts\/6591\/revisions\/6601"}],"wp:featuredmedia":[{"embeddable":true,"href":"https:\/\/spvgg-goldkronach.com\/1946\/wp-json\/wp\/v2\/media\/6595"}],"wp:attachment":[{"href":"https:\/\/spvgg-goldkronach.com\/1946\/wp-json\/wp\/v2\/media?parent=6591"}],"wp:term":[{"taxonomy":"category","embeddable":true,"href":"https:\/\/spvgg-goldkronach.com\/1946\/wp-json\/wp\/v2\/categories?post=6591"},{"taxonomy":"post_tag","embeddable":true,"href":"https:\/\/spvgg-goldkronach.com\/1946\/wp-json\/wp\/v2\/tags?post=6591"}],"curies":[{"name":"wp","href":"https:\/\/api.w.org\/{rel}","templated":true}]}}