{"id":630,"date":"2011-08-11T19:51:08","date_gmt":"2011-08-11T19:51:08","guid":{"rendered":"http:\/\/spvgg-goldkronach.com\/1946\/?p=630"},"modified":"2011-10-04T20:33:29","modified_gmt":"2011-10-04T20:33:29","slug":"sonntag-spvgg-empfangt-bad-berneck-zum-derby","status":"publish","type":"post","link":"https:\/\/spvgg-goldkronach.com\/1946\/2011\/08\/sonntag-spvgg-empfangt-bad-berneck-zum-derby\/","title":{"rendered":"Sonntag: SpVgg empf\u00e4ngt Bad Berneck zum Derby"},"content":{"rendered":"<p>Derbyfieber im Fichtelgebirge! Am Sonntag, 14. August, ist es soweit: Nach einem Jahr ohne echtes Nachbarderby freuen sich die Goldkronacher Fu\u00dfballanh\u00e4nger auf den sportlichen Vergleich mit dem TSV Bad Berneck, zumal sich die SpVgg zuletzt in guter Form pr\u00e4sentierte. Nach zwei Spielen, sechs Punkten und 9:3 Toren sind die Gronicher der bisher einzige Tabellenf\u00fchrer der noch jungen Saison.<\/p>\n<p><strong>Heumann: \u00bbWird nicht einfach!\u00ab <\/strong><\/p>\n<p>Doch auch der TSV Bad Berneck zeigte im letzten Spiel St\u00e4rke: Im Heimspiel gegen den ASV Marktschorgast siegten die Kurst\u00e4dter mit 6:0. SpVgg-Trainer Torsten Heumann prophezeite bereits eine knappe und spannende Partie, lobte nach den j\u00fcngsten Ergebnissen aber auch seine Mannschaft und deren Einstellung: \u00bbDas wird nicht einfach, aber wenn wir so auftreten und weiterarbeiten wie bisher, bin ich mir sicher: Wir gewinnen das!\u00ab<\/p>\n<p><strong>N\u00e4chster Schritt zum Klassenerhalt<\/strong><\/p>\n<p>Die sechs Punkte, die die Kicker von der Kronach aktuell zum Spitzenreiter machen, sind f\u00fcr Heumann trotz der aufkeimenden Euphorie \u00bbnur\u00ab sechs Punkte auf dem Weg zum Klassenerhalt. Der n\u00e4chste Schritt soll am Sonntag im Derby getan werden, zu dem die SpVgg eine gro\u00dfe Kulisse erwartet und alle Goldkronacher Fu\u00dfballfans einl\u00e4dt. Auch vom Fu\u00dfballmagazin <em>anpfiff<\/em> wird ein Topspielreporter anwesend sein. Der Ansto\u00df der Kreisklassenpartie erfolgt um 15 Uhr, zuvor messen sich ab 13 Uhr die Reserveteams in der B-Klasse.<\/p>\n","protected":false},"excerpt":{"rendered":"<p>Derbyfieber im Fichtelgebirge! Am Sonntag, 14. August, ist es soweit: Nach einem Jahr ohne echtes Nachbarderby freuen sich die Goldkronacher Fu\u00dfballanh\u00e4nger auf den sportlichen Vergleich mit dem TSV Bad Berneck, zumal sich die SpVgg zuletzt in guter Form pr\u00e4sentierte. Nach zwei Spielen, sechs Punkten und 9:3 Toren sind die Gronicher der bisher einzige Tabellenf\u00fchrer der [&hellip;]<\/p>\n","protected":false},"author":1,"featured_media":0,"comment_status":"open","ping_status":"closed","sticky":false,"template":"","format":"standard","meta":{"footnotes":""},"categories":[5,11,6],"tags":[143,57,138],"class_list":["post-630","post","type-post","status-publish","format-standard","hentry","category-1-mannschaft","category-fussball","category-2-mannschaft","tag-bad-berneck","tag-derby","tag-torsten-heumann"],"_links":{"self":[{"href":"https:\/\/spvgg-goldkronach.com\/1946\/wp-json\/wp\/v2\/posts\/630","targetHints":{"allow":["GET"]}}],"collection":[{"href":"https:\/\/spvgg-goldkronach.com\/1946\/wp-json\/wp\/v2\/posts"}],"about":[{"href":"https:\/\/spvgg-goldkronach.com\/1946\/wp-json\/wp\/v2\/types\/post"}],"author":[{"embeddable":true,"href":"https:\/\/spvgg-goldkronach.com\/1946\/wp-json\/wp\/v2\/users\/1"}],"replies":[{"embeddable":true,"href":"https:\/\/spvgg-goldkronach.com\/1946\/wp-json\/wp\/v2\/comments?post=630"}],"version-history":[{"count":1,"href":"https:\/\/spvgg-goldkronach.com\/1946\/wp-json\/wp\/v2\/posts\/630\/revisions"}],"predecessor-version":[{"id":631,"href":"https:\/\/spvgg-goldkronach.com\/1946\/wp-json\/wp\/v2\/posts\/630\/revisions\/631"}],"wp:attachment":[{"href":"https:\/\/spvgg-goldkronach.com\/1946\/wp-json\/wp\/v2\/media?parent=630"}],"wp:term":[{"taxonomy":"category","embeddable":true,"href":"https:\/\/spvgg-goldkronach.com\/1946\/wp-json\/wp\/v2\/categories?post=630"},{"taxonomy":"post_tag","embeddable":true,"href":"https:\/\/spvgg-goldkronach.com\/1946\/wp-json\/wp\/v2\/tags?post=630"}],"curies":[{"name":"wp","href":"https:\/\/api.w.org\/{rel}","templated":true}]}}