{"id":6238,"date":"2019-04-09T07:18:46","date_gmt":"2019-04-09T05:18:46","guid":{"rendered":"http:\/\/spvgg-goldkronach.com\/1946\/?p=6238"},"modified":"2019-04-07T18:41:28","modified_gmt":"2019-04-07T16:41:28","slug":"kleiner-gewinn-grosses-sportangebot-harmonische-jhv","status":"publish","type":"post","link":"https:\/\/spvgg-goldkronach.com\/1946\/2019\/04\/kleiner-gewinn-grosses-sportangebot-harmonische-jhv\/","title":{"rendered":"Kleiner Gewinn, gro\u00dfes Sportangebot: Harmonische JHV"},"content":{"rendered":"<div id=\"attachment_6243\" style=\"width: 1034px\" class=\"wp-caption aligncenter\"><img loading=\"lazy\" decoding=\"async\" aria-describedby=\"caption-attachment-6243\" class=\"size-large wp-image-6243\" src=\"https:\/\/spvgg-goldkronach.com\/1946\/wp-content\/uploads\/2019\/04\/jhv44-1024x768.jpg\" alt=\"\" width=\"1024\" height=\"768\" srcset=\"https:\/\/spvgg-goldkronach.com\/1946\/wp-content\/uploads\/2019\/04\/jhv44-1024x768.jpg 1024w, https:\/\/spvgg-goldkronach.com\/1946\/wp-content\/uploads\/2019\/04\/jhv44-300x225.jpg 300w, https:\/\/spvgg-goldkronach.com\/1946\/wp-content\/uploads\/2019\/04\/jhv44-768x576.jpg 768w, https:\/\/spvgg-goldkronach.com\/1946\/wp-content\/uploads\/2019\/04\/jhv44-100x75.jpg 100w, https:\/\/spvgg-goldkronach.com\/1946\/wp-content\/uploads\/2019\/04\/jhv44-160x120.jpg 160w, https:\/\/spvgg-goldkronach.com\/1946\/wp-content\/uploads\/2019\/04\/jhv44-280x210.jpg 280w, https:\/\/spvgg-goldkronach.com\/1946\/wp-content\/uploads\/2019\/04\/jhv44-400x300.jpg 400w, https:\/\/spvgg-goldkronach.com\/1946\/wp-content\/uploads\/2019\/04\/jhv44-800x600.jpg 800w, https:\/\/spvgg-goldkronach.com\/1946\/wp-content\/uploads\/2019\/04\/jhv44.jpg 2000w\" sizes=\"auto, (max-width: 1024px) 100vw, 1024px\" \/><p id=\"caption-attachment-6243\" class=\"wp-caption-text\">Die Jahreshauptversammlung bot den Rahmen f\u00fcr Ehrungen verdienter Mitglieder. Helmut Neuner, Herbert Schliwa und Fritz Ziegler halten dem Verein bereits seit 60 Jahren die Treue. Oliver Bauer, J\u00fcrgen Ordnung und Hans Georg Neukam erhielten die goldene Vereinsnadel f\u00fcr ihre 50-j\u00e4hrige Mitgliedschaft. J\u00fcrgen B\u00e4r, Stefan Katholing, Inge Oppel, Senta Sp\u00e4th und Gisela Wittmann wurden f\u00fcr 40 Jahre Vereinszugeh\u00f6rigkeit ausgezeichnet. Die silberne Nadel f\u00fcr 25 Jahre Mitgliedschaft d\u00fcrfen sich nun Benjamin Gr\u00e4bner, Daniel Maisel, Udo N\u00fcrnberger und Ingeborg Schr\u00f6ll anheften. Im Bild von links nach rechts: Bauer, B\u00e4r, Wittmann, Hautsch, Katholing, Schliwa, Neukam.<\/p><\/div>\n<p><strong>Solide Finanzen, Kontinuit\u00e4t im Vorstand und ein breites Sportangebot. Die Jahreshauptversammlung der SpVgg Goldkronach verlief harmonisch. Mittelfristig w\u00fcnscht sich Vorstand Manfred Hautsch aber einen Nachfolger und einige Mitglieder regten Investitionen in die Infrastruktur an.<\/strong><\/p>\n<p>Zu Beginn gedachte die Versammlung der verstorbenen Mitglieder. Vorstand Manfred Hautsch erinnerte stellvertretend an Jugendtrainer Roland D\u00f6rsch, den langj\u00e4hrigen Presseberichterstatter Klaus Gottfried und Vereinslegende Janni B\u00f6rgert. B\u00fcrgermeister Holger B\u00e4r hob in seinem Gru\u00dfwort heraus, dass der Verein \u2013 \u201eunerl\u00e4sslich f\u00fcr unsere Stadt\u201c \u2013 ein vielf\u00e4ltiges Breitensportangebot f\u00fcr Jung und Alt biete und lobte den Einsatz beim Marktplatzfest. Ein wichtiger Schritt sei die Gr\u00fcndung des F\u00f6rdervereins: \u201eGl\u00fcckwunsch zu diesem Schachzug, ich bin sicher, das wird ein Erfolgsmodell.\u201c Gegen das Protokoll des Vorjahres, das Schriftf\u00fchrer Karl-Friedrich Weidner verlas, gab es erwartungsgem\u00e4\u00df keine Einw\u00e4nde.<\/p>\n<p>Hautsch blickte auf das Veranstaltungsjahr des 445 Mitglieder z\u00e4hlenden Klubs zur\u00fcck, der etwa Johannisfeuer oder Feuerzangenbowle ausrichtete. F\u00fcr Christel Will, die das ehrenamtliche Sportheim-Team anf\u00fchrt, hatte Hautsch ein besonderes Lob \u00fcbrig: \u201eDie Christel macht das hervorragend!\u201c An drei Abenden pro Woche hat das Sportheim ge\u00f6ffnet \u2013 nicht nur f\u00fcr Vereinsmitglieder: \u201eJeder ist herzlich eigeladen, mal auf ein Seidla Bier vorbei zu kommen!\u201c<\/p>\n<div id=\"attachment_6240\" style=\"width: 1034px\" class=\"wp-caption aligncenter\"><img loading=\"lazy\" decoding=\"async\" aria-describedby=\"caption-attachment-6240\" class=\"size-large wp-image-6240\" src=\"https:\/\/spvgg-goldkronach.com\/1946\/wp-content\/uploads\/2019\/04\/jhv06-1024x768.jpg\" alt=\"\" width=\"1024\" height=\"768\" srcset=\"https:\/\/spvgg-goldkronach.com\/1946\/wp-content\/uploads\/2019\/04\/jhv06-1024x768.jpg 1024w, https:\/\/spvgg-goldkronach.com\/1946\/wp-content\/uploads\/2019\/04\/jhv06-300x225.jpg 300w, https:\/\/spvgg-goldkronach.com\/1946\/wp-content\/uploads\/2019\/04\/jhv06-768x576.jpg 768w, https:\/\/spvgg-goldkronach.com\/1946\/wp-content\/uploads\/2019\/04\/jhv06-100x75.jpg 100w, https:\/\/spvgg-goldkronach.com\/1946\/wp-content\/uploads\/2019\/04\/jhv06-160x120.jpg 160w, https:\/\/spvgg-goldkronach.com\/1946\/wp-content\/uploads\/2019\/04\/jhv06-280x210.jpg 280w, https:\/\/spvgg-goldkronach.com\/1946\/wp-content\/uploads\/2019\/04\/jhv06-400x300.jpg 400w, https:\/\/spvgg-goldkronach.com\/1946\/wp-content\/uploads\/2019\/04\/jhv06-800x600.jpg 800w, https:\/\/spvgg-goldkronach.com\/1946\/wp-content\/uploads\/2019\/04\/jhv06.jpg 2000w\" sizes=\"auto, (max-width: 1024px) 100vw, 1024px\" \/><p id=\"caption-attachment-6240\" class=\"wp-caption-text\">44 Mitglieder waren erschienen. Hier lauscht das gut gef\u00fcllte Sportheim den Ausf\u00fchrungen von F-Junioren-Trainerin Laura Krause.<\/p><\/div>\n<p>Aus drei S\u00e4ulen besteht das Sportangebot bei der SpVgg: Fu\u00dfball, Turnen und Karate. 14 aktive Karateka gehen drei Mal pro Woche ihrem Sport nach \u2013 von zehn bis 60 Jahren, alle gemeinsam. \u201eAuf Okinawa, wo Karate herkommt, ist das genauso wie in Gronich\u201c, schmunzelte Abteilungsleiter Horst Lindner. Hautsch, der auch Lindners Vertreter Reiner Hieckmann Lob zollte, betonte die Bedeutung der Sparte \u00fcber die Stadtgrenze hinaus: \u201eDie Mitglieder kommen von \u00fcberall her. Horst, mach so weiter!\u201c<\/p>\n<p>Eine positive Bilanz zog auch die Sparte Turnen und Gymnastik. Die Leitung der Gruppe \u201eFitness f\u00fcr Frauen\u201c \u00fcbergab die langj\u00e4hrige Leiterin Brigitte Freymann an Claudia Bauer, auch gelinge es, j\u00fcngere Teilnehmerinnen anzusprechen, so Hautsch. Bei der Kinderturngruppe gab Hiltrut Kr\u00f6ber die Leitung ab \u2013 mit 75 Jahren. \u201eUnd wenn ich in dem Alter noch so fit bin, dann Hut ab\u201c, vermerkte ihre Nachfolgerin Brigitte Georgius. Sie berichtete vom Kinderturnen als einem willkommenen Ausgleich f\u00fcr die Kindergarten- und Schulkinder. Im abgelaufenen Vereinsjahr war unter anderem der Nikolaus zu Besuch, f\u00fcr den Sommer ist nun ein Auftritt beim Marktplatzfest geplant.<\/p>\n<p><strong>Fu\u00dfball von der G-Jugend bis zur Kreisklasse<\/strong><\/p>\n<p>Die Kleinsten auf dem Fu\u00dfballplatz stehen in der Obhut von Oliver Zapf und Frank Ohnem\u00fcller. Sie betreuen die G-Jugend (U7), die j\u00fcngste Altersklasse, bei der auch nicht nur Fu\u00dfball gespielt wird: Von Geschicklichkeits\u00fcbungen bis zum Fangen spielen ist alles dabei, was den bis zu 20 Kindern Spa\u00df bringt und zur Bewegung reizt. In der F-Jugend (U9) steht der Ball schon deutlicher im Zentrum. Theresa D\u00f6rnh\u00f6fer, Ramona Burger, Laura Krause betreuen diese Mannschaft: \u201eDrei hervorragende Fu\u00dfballerinnen, M\u00e4dels, ihr macht das richtig gut\u201c, lobte der Vorsitzende. Laura Krause berichtete von ihrer sehr jungen Mannschaft, die sich aber stetig weiterentwickle. In die aktuelle Fr\u00fchjahrsrunde sind die jungen Kicker sogar mit zwei Siegen gestartet, die sich in der Fairplay-Liga freilich noch nicht in einer Tabelle niederschlagen.<\/p>\n<p>Ein schweres Jahr liegt hinter der E-Jugend (U11). In der Nacht vor dem ersten Punktspiel verstarb Trainer Roland D\u00f6rsch, dem die Jugendarbeit der SpVgg viel verdankt. \u201eEin Schock f\u00fcr uns alle\u201c, erinnerte Hautsch. Jugendleiter Sven Herrmann \u00fcbernahm kurzfristig. Er wird vorbildlich unterst\u00fctzt von den drei A-Jugendspielern Jannik B\u00f6nisch, Sebastian Str\u00f6ber und Max Eicherm\u00fcller. F\u00fcr die Nachwuchskicker bis zur U11 bildeten der Besuch des DFB-Mobils und die Abschlussfeiern H\u00f6hepunkte des vergangenen Jahres. \u201eUnd wer mitspielen will, ist immer herzlich willkommen\u201c, schloss Herrmann. Unter den \u00e4lteren Jugendlichen, die in der JFG Fichtelgebirge organisiert sind, strich Hautsch die A-Junioren (U19) heraus. \u201eDa sind einige Goldkronacher Hochkar\u00e4ter dabei\u201c, frohlockte der Vorstand und freute sich \u00fcber die Bezirksoberliga-Heimspiele auf dem Platz der SpVgg. Neben Matthias Ehl, der die U19 f\u00fchrt, w\u00fcnsche er sich aber mehr Goldkronacher Trainer bei der JFG.<\/p>\n<div id=\"attachment_6241\" style=\"width: 1034px\" class=\"wp-caption aligncenter\"><img loading=\"lazy\" decoding=\"async\" aria-describedby=\"caption-attachment-6241\" class=\"size-large wp-image-6241\" src=\"https:\/\/spvgg-goldkronach.com\/1946\/wp-content\/uploads\/2019\/04\/jhv09-1024x768.jpg\" alt=\"\" width=\"1024\" height=\"768\" srcset=\"https:\/\/spvgg-goldkronach.com\/1946\/wp-content\/uploads\/2019\/04\/jhv09-1024x768.jpg 1024w, https:\/\/spvgg-goldkronach.com\/1946\/wp-content\/uploads\/2019\/04\/jhv09-300x225.jpg 300w, https:\/\/spvgg-goldkronach.com\/1946\/wp-content\/uploads\/2019\/04\/jhv09-768x576.jpg 768w, https:\/\/spvgg-goldkronach.com\/1946\/wp-content\/uploads\/2019\/04\/jhv09-100x75.jpg 100w, https:\/\/spvgg-goldkronach.com\/1946\/wp-content\/uploads\/2019\/04\/jhv09-160x120.jpg 160w, https:\/\/spvgg-goldkronach.com\/1946\/wp-content\/uploads\/2019\/04\/jhv09-280x210.jpg 280w, https:\/\/spvgg-goldkronach.com\/1946\/wp-content\/uploads\/2019\/04\/jhv09-400x300.jpg 400w, https:\/\/spvgg-goldkronach.com\/1946\/wp-content\/uploads\/2019\/04\/jhv09-800x600.jpg 800w, https:\/\/spvgg-goldkronach.com\/1946\/wp-content\/uploads\/2019\/04\/jhv09.jpg 2000w\" sizes=\"auto, (max-width: 1024px) 100vw, 1024px\" \/><p id=\"caption-attachment-6241\" class=\"wp-caption-text\">Der Wahlvorstand bespricht sich mit dem Schriftf\u00fchrer: Michael Hofmann, Karl-Friedrich Weidner, Holger B\u00e4r, Friedrich N\u00fcssel.<\/p><\/div>\n<p>Die beiden Herren-Mannschaften blicken auf ganz unterschiedliche Bilanzen. Thorsten Mielitz konnte f\u00fcr die Reserve von einer verbreiterten Personalbasis berichten. Die Mannschaft habe sich zudem kontinuierlich gesteigert, \u201eund die Meisterschaft haben wir jetzt selbst in der Hand\u201c. Von der Zusammenarbeit mit dem ASV Nemmersdorf profitierten beide Seiten, auch wenn die SpVgg nur noch selten auf Spieler des Partners zur\u00fcckgreifen m\u00fcsse. In prek\u00e4rer Lage befand sich lange Zeit die erste Mannschaft. Fritz Hirschmann berichtete, dass drei schmerzliche Abg\u00e4nge zun\u00e4chst \u201eein Riesenloch gerissen\u201c h\u00e4tten. Die SpVgg f\u00fcllte die L\u00fccke \u2013 ihrer Philosophie folgend \u2013 mit eigenen Nachwuchskr\u00e4ften. Nach einer Negativserie zu Saisonbeginn zeigt der Trend nun nach oben. \u201eWir sind auf einem guten Weg\u201c, befand Vorstand Hautsch, der seinen Dank an Trainer Andr\u00e9 Riedel richtete: \u201eDie letzten beiden Jahre hast du eine super Arbeit abgeliefert!\u201c<\/p>\n<p><strong>Freude \u00fcber drei aktive Schiedsrichter<\/strong><\/p>\n<p>Lobende Worte fand er auch f\u00fcr die Schiedsrichter der SpVgg, Stefan Zimmer, Max Hildner und Jan Herrmann. \u201eAuf die drei bin ich stolz.\u201c Jan Herrmann, der J\u00fcngste unter ihnen, ist als Linienrichter bis zur Landesliga unterwegs: \u201eDas ist schon ein Aush\u00e4ngeschild.\u201c Doch sein Dank gelte allen Ehrenamtlichen, so der Vorstand. \u201eIhr opfert Eure Freizeit f\u00fcr andere. Ich w\u00fcrde euch mit Urkunden und Geld \u00fcbersch\u00fctten, habe aber leider blo\u00df Urkunden und kein Geld!\u201c Besonders die Platzwarte Heiko Krause und J\u00fcrgen B\u00e4r leisteten viel Arbeit. Auch seinen Sponsoren schulde der Klub Dank: \u201eWir sind dankbar f\u00fcr jedes Fuchzgerla!\u201c<\/p>\n<p>Geordnete Finanzen konnte Kassier Detlef Vogel vorweisen. Entsprechend bescheinigten ihm die Kassenpr\u00fcfer Wieland Pietsch und J\u00fcrgen Hauser eine einwandfreie Kassenf\u00fchrung. Die wichtigste Botschaft: Die SpVgg bleibt schuldenfrei und fuhr sogar ein kleines Plus ein. Insgesamt nahm der Verein rund 70.000 Euro ein, dem stehen Ausgaben von knapp 65.000 Euro gegen\u00fcber. Die gr\u00f6\u00dften Posten unter den Einnahmen blieben die Sportheimgastst\u00e4tte (29.000 Euro) und Mitgliedsbeitr\u00e4ge (16.000), allerdings konnte sich die SpVgg auch \u00fcber 3.400 Euro an Spenden freuen. Unter den Ausgaben machen ebenfalls das Sportheim (21.000), aber nat\u00fcrlich auch der Sport mit Spielbetrieb (13.000) und \u00dcbungsleiterausgaben (7.000) den L\u00f6wenanteil aus. Gut zu wirtschaften ist f\u00fcr den Verein aber auch nowendig, denn vor allem f\u00fcr die sportliche Infrastruktur werden weitere Mittel ben\u00f6tigt. Ein hochwertiger Rasenm\u00e4her wurde geleast, das Flutlicht wird auf LED umger\u00fcstet. Hier gibt es insgesamt rund 70% F\u00f6rdergelder. Dass solche Investitionen lohnen, zeigt die Solaranlage auf dem Sportheimdach. Die ansonsten explodierenden Energiekosten vermochte die Anlage etwas zu mildern.<\/p>\n<div id=\"attachment_6242\" style=\"width: 1034px\" class=\"wp-caption aligncenter\"><img loading=\"lazy\" decoding=\"async\" aria-describedby=\"caption-attachment-6242\" class=\"size-large wp-image-6242\" src=\"https:\/\/spvgg-goldkronach.com\/1946\/wp-content\/uploads\/2019\/04\/jhv33-1024x768.jpg\" alt=\"\" width=\"1024\" height=\"768\" srcset=\"https:\/\/spvgg-goldkronach.com\/1946\/wp-content\/uploads\/2019\/04\/jhv33-1024x768.jpg 1024w, https:\/\/spvgg-goldkronach.com\/1946\/wp-content\/uploads\/2019\/04\/jhv33-300x225.jpg 300w, https:\/\/spvgg-goldkronach.com\/1946\/wp-content\/uploads\/2019\/04\/jhv33-768x576.jpg 768w, https:\/\/spvgg-goldkronach.com\/1946\/wp-content\/uploads\/2019\/04\/jhv33-100x75.jpg 100w, https:\/\/spvgg-goldkronach.com\/1946\/wp-content\/uploads\/2019\/04\/jhv33-160x120.jpg 160w, https:\/\/spvgg-goldkronach.com\/1946\/wp-content\/uploads\/2019\/04\/jhv33-280x210.jpg 280w, https:\/\/spvgg-goldkronach.com\/1946\/wp-content\/uploads\/2019\/04\/jhv33-400x300.jpg 400w, https:\/\/spvgg-goldkronach.com\/1946\/wp-content\/uploads\/2019\/04\/jhv33-800x600.jpg 800w, https:\/\/spvgg-goldkronach.com\/1946\/wp-content\/uploads\/2019\/04\/jhv33.jpg 2000w\" sizes=\"auto, (max-width: 1024px) 100vw, 1024px\" \/><p id=\"caption-attachment-6242\" class=\"wp-caption-text\">60 Jahre Vereinstreue: Vorstand Hautsch mit dem geehrten Herbert Schliwa.<\/p><\/div>\n<p>Im Anschluss an die Berichte der Vorstandschaft entlastete die Versammlung die Vereinsf\u00fchrung einstimmig. Der Wahlausschuss aus B\u00fcrgermeister Holger B\u00e4r und den Stadtr\u00e4ten Michael Hofmann und Friedrich N\u00fcssel \u00fcberwachte die Neuwahl. Auch wenn sich Manfred Hautsch nach zehn Jahren an der Spitze des Vereins allm\u00e4hlich einen Nachfolger w\u00fcnscht, standen er und sein Vertreter Fabian Blechschmidt erneut zur Wahl und wurden einstimmig im Amt best\u00e4tigt. Ebenso wiedergew\u00e4hlt wurden Kassier Detlef Vogel, seine Vertreterin Heike Hautsch, Schriftf\u00fchrer Karl-Friedrich Weidner und dessen Vertreter Hannes Rabenstein. Platzkassier bleibt Oliver Bauer, ihn unterst\u00fctzt k\u00fcnftig Sven Herrmann. Zu Kassenpr\u00fcfern w\u00e4hlte die Versammlung J\u00fcrgen Hauser und Alexander Seyferth. Den \u00c4ltestenrat bilden weiterhin Hiltrud Kr\u00f6ber, Hans W\u00f6lfel und Frank-Ekkehard Kr\u00f6ber.<\/p>\n<p>Nach den Ehrungen \u2013 siehe Foto \u2013 schloss der alte und neue Vorsitzende die Jahreshauptversammlung. Letzte Wortmeldungen wiesen darauf hin, dass der Verein seine Sportanlagen weiter verbessern m\u00fcsse. Dabei sollten alle Kr\u00e4fte geb\u00fcndelt werden. Auch die Stadt sei gefordert. Insgesamt aber, da waren sich die Anwesenden einig, sind sie Mitglieder eines gut gef\u00fchrten, stabilen Vereins.<\/p>\n","protected":false},"excerpt":{"rendered":"<p>Solide Finanzen, Kontinuit\u00e4t im Vorstand und ein breites Sportangebot. Die Jahreshauptversammlung der SpVgg Goldkronach verlief harmonisch. Mittelfristig w\u00fcnscht sich Vorstand Manfred Hautsch aber einen Nachfolger und einige Mitglieder regten Investitionen in die Infrastruktur an. Zu Beginn gedachte die Versammlung der verstorbenen Mitglieder. Vorstand Manfred Hautsch erinnerte stellvertretend an Jugendtrainer Roland D\u00f6rsch, den langj\u00e4hrigen Presseberichterstatter Klaus [&hellip;]<\/p>\n","protected":false},"author":1,"featured_media":6243,"comment_status":"open","ping_status":"closed","sticky":false,"template":"","format":"standard","meta":{"footnotes":""},"categories":[1],"tags":[155,811,184,231,223,815],"class_list":["post-6238","post","type-post","status-publish","format-standard","has-post-thumbnail","hentry","category-verein","tag-bilanz","tag-foerderverein","tag-hautsch","tag-jahreshauptversammlung","tag-kinderturnen","tag-vorstandsbericht"],"_links":{"self":[{"href":"https:\/\/spvgg-goldkronach.com\/1946\/wp-json\/wp\/v2\/posts\/6238","targetHints":{"allow":["GET"]}}],"collection":[{"href":"https:\/\/spvgg-goldkronach.com\/1946\/wp-json\/wp\/v2\/posts"}],"about":[{"href":"https:\/\/spvgg-goldkronach.com\/1946\/wp-json\/wp\/v2\/types\/post"}],"author":[{"embeddable":true,"href":"https:\/\/spvgg-goldkronach.com\/1946\/wp-json\/wp\/v2\/users\/1"}],"replies":[{"embeddable":true,"href":"https:\/\/spvgg-goldkronach.com\/1946\/wp-json\/wp\/v2\/comments?post=6238"}],"version-history":[{"count":3,"href":"https:\/\/spvgg-goldkronach.com\/1946\/wp-json\/wp\/v2\/posts\/6238\/revisions"}],"predecessor-version":[{"id":6255,"href":"https:\/\/spvgg-goldkronach.com\/1946\/wp-json\/wp\/v2\/posts\/6238\/revisions\/6255"}],"wp:featuredmedia":[{"embeddable":true,"href":"https:\/\/spvgg-goldkronach.com\/1946\/wp-json\/wp\/v2\/media\/6243"}],"wp:attachment":[{"href":"https:\/\/spvgg-goldkronach.com\/1946\/wp-json\/wp\/v2\/media?parent=6238"}],"wp:term":[{"taxonomy":"category","embeddable":true,"href":"https:\/\/spvgg-goldkronach.com\/1946\/wp-json\/wp\/v2\/categories?post=6238"},{"taxonomy":"post_tag","embeddable":true,"href":"https:\/\/spvgg-goldkronach.com\/1946\/wp-json\/wp\/v2\/tags?post=6238"}],"curies":[{"name":"wp","href":"https:\/\/api.w.org\/{rel}","templated":true}]}}