{"id":6192,"date":"2019-03-21T23:14:41","date_gmt":"2019-03-21T22:14:41","guid":{"rendered":"http:\/\/spvgg-goldkronach.com\/1946\/?p=6192"},"modified":"2019-03-22T13:06:40","modified_gmt":"2019-03-22T12:06:40","slug":"los-gehts-gronicher-empfangen-kirchenpingarten","status":"publish","type":"post","link":"https:\/\/spvgg-goldkronach.com\/1946\/2019\/03\/los-gehts-gronicher-empfangen-kirchenpingarten\/","title":{"rendered":"Los geht&#8217;s! Gronicher empfangen Kirchenpingarten"},"content":{"rendered":"<div id=\"attachment_6196\" style=\"width: 1034px\" class=\"wp-caption aligncenter\"><img loading=\"lazy\" decoding=\"async\" aria-describedby=\"caption-attachment-6196\" class=\"size-large wp-image-6196\" src=\"https:\/\/spvgg-goldkronach.com\/1946\/wp-content\/uploads\/2019\/03\/Franz-Rabenstein-1024x768.jpg\" alt=\"\" width=\"1024\" height=\"768\" srcset=\"https:\/\/spvgg-goldkronach.com\/1946\/wp-content\/uploads\/2019\/03\/Franz-Rabenstein-1024x768.jpg 1024w, https:\/\/spvgg-goldkronach.com\/1946\/wp-content\/uploads\/2019\/03\/Franz-Rabenstein-300x225.jpg 300w, https:\/\/spvgg-goldkronach.com\/1946\/wp-content\/uploads\/2019\/03\/Franz-Rabenstein-768x576.jpg 768w, https:\/\/spvgg-goldkronach.com\/1946\/wp-content\/uploads\/2019\/03\/Franz-Rabenstein-100x75.jpg 100w, https:\/\/spvgg-goldkronach.com\/1946\/wp-content\/uploads\/2019\/03\/Franz-Rabenstein-160x120.jpg 160w, https:\/\/spvgg-goldkronach.com\/1946\/wp-content\/uploads\/2019\/03\/Franz-Rabenstein-280x210.jpg 280w, https:\/\/spvgg-goldkronach.com\/1946\/wp-content\/uploads\/2019\/03\/Franz-Rabenstein-400x300.jpg 400w, https:\/\/spvgg-goldkronach.com\/1946\/wp-content\/uploads\/2019\/03\/Franz-Rabenstein-800x600.jpg 800w, https:\/\/spvgg-goldkronach.com\/1946\/wp-content\/uploads\/2019\/03\/Franz-Rabenstein.jpg 2000w\" sizes=\"auto, (max-width: 1024px) 100vw, 1024px\" \/><p id=\"caption-attachment-6196\" class=\"wp-caption-text\">Im Hinspiel hatten die Gronicher um Franz Rabenstein meist das Nachsehen. Das soll sich am Sonntag \u00e4ndern&#8230;<\/p><\/div>\n<p><strong>Die Kreisklasse startet in die hei\u00dfe Phase, ab dem kommenden Wochenende stehen die restlichen Spiele der R\u00fcckrunde auf dem Programm. Zum Punktspiel-Auftakt des Kalenderjahres 2019 empf\u00e4ngt die SpVgg Goldkronach am Sonntag, 24. M\u00e4rz, um 14 Uhr den SSV Kirchenpingarten. Der Aufsteiger \u00fcberraschte bisher ausnehmend positiv und kann sogar vom Durchmarsch tr\u00e4umen.<\/strong><\/p>\n<p>Denn mehrere Spieltag lang gr\u00fc\u00dfte der SSV in der Hinrunde sogar von der Tabellenspitze. Aktuell stehen die G\u00e4ste vom Sonntag, die als Vizemeister der A-Klasse \u00fcber die Relegation aufstiegen, auf Rang f\u00fcnf, nur zwei Punkte hinter dem Zweiten aus Schnabelwaid. Vor allem die Offensive der Gelb-Blauen sticht dabei heraus. Bereits 53 Treffer haben die Frankenpf\u00e4lzer in ihren bisher 19 Spielen erzielt \u2013 Bestwert in der Kreisklasse Bayreuth. Im Hinspiel bekamen das auch die Gronicher zu sp\u00fcren, lagen schon nach einer Viertelstunde mit 0:3 zur\u00fcck, am Ende musste Nico Seyferth sechs Mal hinter sich greifen.<\/p>\n<p><strong>Eine \u00dcberraschung zum Auftakt?<\/strong><\/p>\n<p>F\u00fcr den Start ins Kreisklassen-Jahr 2019 hat sich die SpVgg freilich vorgenommen, es den G\u00e4sten schwerer zu machen als an jenem 19. August 2018. &#8222;Ich habe einen ganz anderen Kader zur Verf\u00fcgung als im Hinspiel&#8220;, stellt Coach Andr\u00e9 Riedel mit Blick auf sein Personal fest. Auch der Fehlstart der Goldkronacher Elf im Sommer d\u00fcrfte so langsam aus den K\u00f6pfen verschwinden: Vor der Winterpause verlor die SpVgg nur eines von sechs Spielen, und bei diesem 0:1 gegen Schnabelwaid unterstrich die Riedel-Truppe, dass sie auch gegen die Favoriten nicht chancenlos ist.<\/p>\n<p>Die Rollen bleiben angesichts der Tabellensituation trotzdem klar verteilt, einen Punktgewinn gegen den F\u00fcnften planen die Gronicher nicht unbedingt ein, doch w\u00e4re er mit Blick auf die Lage im Keller nat\u00fcrlich wertvoll. Abgeschlagen ist die junge Mannschaft nicht, nach dem Katastrophen-Sommer weisen die letzten Ergebnisse vor der Winterpause wie die der Vorbereitung in die richtige Richtung. Sollte gleich zum Auftakt eine \u00dcberraschung gelingen \u2013 umso besser.<\/p>\n","protected":false},"excerpt":{"rendered":"<p>Die Kreisklasse startet in die hei\u00dfe Phase, ab dem kommenden Wochenende stehen die restlichen Spiele der R\u00fcckrunde auf dem Programm. Zum Punktspiel-Auftakt des Kalenderjahres 2019 empf\u00e4ngt die SpVgg Goldkronach am Sonntag, 24. M\u00e4rz, um 14 Uhr den SSV Kirchenpingarten. Der Aufsteiger \u00fcberraschte bisher ausnehmend positiv und kann sogar vom Durchmarsch tr\u00e4umen. Denn mehrere Spieltag lang [&hellip;]<\/p>\n","protected":false},"author":1,"featured_media":6197,"comment_status":"open","ping_status":"closed","sticky":false,"template":"","format":"standard","meta":{"footnotes":""},"categories":[5],"tags":[24,44,20,95],"class_list":["post-6192","post","type-post","status-publish","format-standard","has-post-thumbnail","hentry","category-1-mannschaft","tag-heimspiel","tag-kirchenpingarten","tag-kreisklasse","tag-ruckrunde"],"_links":{"self":[{"href":"https:\/\/spvgg-goldkronach.com\/1946\/wp-json\/wp\/v2\/posts\/6192","targetHints":{"allow":["GET"]}}],"collection":[{"href":"https:\/\/spvgg-goldkronach.com\/1946\/wp-json\/wp\/v2\/posts"}],"about":[{"href":"https:\/\/spvgg-goldkronach.com\/1946\/wp-json\/wp\/v2\/types\/post"}],"author":[{"embeddable":true,"href":"https:\/\/spvgg-goldkronach.com\/1946\/wp-json\/wp\/v2\/users\/1"}],"replies":[{"embeddable":true,"href":"https:\/\/spvgg-goldkronach.com\/1946\/wp-json\/wp\/v2\/comments?post=6192"}],"version-history":[{"count":5,"href":"https:\/\/spvgg-goldkronach.com\/1946\/wp-json\/wp\/v2\/posts\/6192\/revisions"}],"predecessor-version":[{"id":6199,"href":"https:\/\/spvgg-goldkronach.com\/1946\/wp-json\/wp\/v2\/posts\/6192\/revisions\/6199"}],"wp:featuredmedia":[{"embeddable":true,"href":"https:\/\/spvgg-goldkronach.com\/1946\/wp-json\/wp\/v2\/media\/6197"}],"wp:attachment":[{"href":"https:\/\/spvgg-goldkronach.com\/1946\/wp-json\/wp\/v2\/media?parent=6192"}],"wp:term":[{"taxonomy":"category","embeddable":true,"href":"https:\/\/spvgg-goldkronach.com\/1946\/wp-json\/wp\/v2\/categories?post=6192"},{"taxonomy":"post_tag","embeddable":true,"href":"https:\/\/spvgg-goldkronach.com\/1946\/wp-json\/wp\/v2\/tags?post=6192"}],"curies":[{"name":"wp","href":"https:\/\/api.w.org\/{rel}","templated":true}]}}