{"id":6164,"date":"2019-03-02T07:44:21","date_gmt":"2019-03-02T06:44:21","guid":{"rendered":"http:\/\/spvgg-goldkronach.com\/1946\/?p=6164"},"modified":"2019-03-01T20:18:16","modified_gmt":"2019-03-01T19:18:16","slug":"fussballspass-und-qualifizierung-dfb-mobil-bei-der-spvgg-goldkronach","status":"publish","type":"post","link":"https:\/\/spvgg-goldkronach.com\/1946\/2019\/03\/fussballspass-und-qualifizierung-dfb-mobil-bei-der-spvgg-goldkronach\/","title":{"rendered":"Fu\u00dfballspa\u00df und Qualifizierung: DFB-Mobil bei der SpVgg Goldkronach"},"content":{"rendered":"<p><strong>Der M\u00e4rz ist da \u2013 und damit naht auch der Start der Spiele unter freiem Himmel! An das letzte Highlight der Hallen-Saison kann sich der Fu\u00dfball-Nachwuchs der SpVgg Goldkronach aber noch bestens erinnern: Am 22. Februar besuchte das DFB-Mobil die Goldbergbaustadt.<\/strong><\/p>\n<p>Seit rund zehn Jahren touren die Kleinbusse des DFB durch die Republik, vermitteln neue Ideen f\u00fcr die t\u00e4gliche Trainingsarbeit und Profi-Wissen an der Basis. Eingeladen hatte die lizenzierten Trainer des Verbandes der Goldkronacher Jugendleiter Sven Herrmann. Am Freitagnachmittag, 22. Februar, war es dann soweit. Das DFB-Mobil rollte an zum Hallentraining der E-Jugend (U11) in der Sporthalle der Alexander-von-Humboldt-Schule.<\/p>\n<p><strong>Besuch vom DFB: Erstmals in der Halle<\/strong><\/p>\n<p>Das DFB-Mobil war indes nicht zum ersten Mal an der Kronach zu Gast, denn neue Akzente im Jugendbereich sind der SpVgg wichtig. \u201eDen Kindern soll ja nicht langweilig werden \u2013 und unseren Trainern auch nicht\u201c, kommentierte Vorstand Manfred Hautsch mit einem Augenzwinkern. Fu\u00dfballspa\u00df und Qualifizierung gingen auch bei den bisherigen Besuchen Hand in Hand, zum ersten Mal aber fand die Demonstrations-Einheit mit dem Gronicher Nachwuchs unter dem Hallendach statt. Ein Sack nagelneuer Fu\u00dfb\u00e4lle in Bundesliga-Optik, zahlreiche farbige Markierungsh\u00fctchen und Mini-Tore \u2013 schon konnte es losgehen. Dem besonderen Anlass angemessen trugen die jugen Kicker nat\u00fcrlich Trikots wie beim Punktspiel.<\/p>\n<p><strong>Spa\u00df und qualitativ hochwertige Ausbildung<\/strong><\/p>\n<p>Die beiden angereisten Trainer des Fu\u00dfballverbandes leiteten die Einheit, nat\u00fcrlich waren aber auch die Trainer der U11, Maximilian Eicherm\u00fcller und Sven Herrmann, eingebunden und vor Ort. \u201eIn den unteren Altersklassen steht der Spa\u00df im Mittelpunkt und nicht das Ergebnis \u2013 aber eine qualitativ hochwertige Ausbildung m\u00f6chten wir nat\u00fcrlich auch leisten\u201c, erkl\u00e4rte Jugendleiter Herrmann. \u201eDeshalb freuen wir uns, dass wir durch das DFB-Mobil wieder ein paar neue Einblicke gewinnen konnten.\u201c<\/p>\n<p><a href=\"https:\/\/www.facebook.com\/gronicher\/posts\/2154845194597330\" target=\"_blank\" rel=\"noopener\"><strong>Weitere Bilder gibt es hier bei Facebook.<\/strong><\/a><\/p>\n","protected":false},"excerpt":{"rendered":"<p>Der M\u00e4rz ist da \u2013 und damit naht auch der Start der Spiele unter freiem Himmel! An das letzte Highlight der Hallen-Saison kann sich der Fu\u00dfball-Nachwuchs der SpVgg Goldkronach aber noch bestens erinnern: Am 22. Februar besuchte das DFB-Mobil die Goldbergbaustadt. Seit rund zehn Jahren touren die Kleinbusse des DFB durch die Republik, vermitteln neue [&hellip;]<\/p>\n","protected":false},"author":1,"featured_media":6166,"comment_status":"open","ping_status":"closed","sticky":false,"template":"","format":"standard","meta":{"footnotes":""},"categories":[7],"tags":[532,212,728,439,611,171],"class_list":["post-6164","post","type-post","status-publish","format-standard","has-post-thumbnail","hentry","category-junioren","tag-dfb-mobil","tag-e-jugend","tag-eichermueller","tag-herrmann","tag-jugendarbeit","tag-u11"],"_links":{"self":[{"href":"https:\/\/spvgg-goldkronach.com\/1946\/wp-json\/wp\/v2\/posts\/6164","targetHints":{"allow":["GET"]}}],"collection":[{"href":"https:\/\/spvgg-goldkronach.com\/1946\/wp-json\/wp\/v2\/posts"}],"about":[{"href":"https:\/\/spvgg-goldkronach.com\/1946\/wp-json\/wp\/v2\/types\/post"}],"author":[{"embeddable":true,"href":"https:\/\/spvgg-goldkronach.com\/1946\/wp-json\/wp\/v2\/users\/1"}],"replies":[{"embeddable":true,"href":"https:\/\/spvgg-goldkronach.com\/1946\/wp-json\/wp\/v2\/comments?post=6164"}],"version-history":[{"count":3,"href":"https:\/\/spvgg-goldkronach.com\/1946\/wp-json\/wp\/v2\/posts\/6164\/revisions"}],"predecessor-version":[{"id":6169,"href":"https:\/\/spvgg-goldkronach.com\/1946\/wp-json\/wp\/v2\/posts\/6164\/revisions\/6169"}],"wp:featuredmedia":[{"embeddable":true,"href":"https:\/\/spvgg-goldkronach.com\/1946\/wp-json\/wp\/v2\/media\/6166"}],"wp:attachment":[{"href":"https:\/\/spvgg-goldkronach.com\/1946\/wp-json\/wp\/v2\/media?parent=6164"}],"wp:term":[{"taxonomy":"category","embeddable":true,"href":"https:\/\/spvgg-goldkronach.com\/1946\/wp-json\/wp\/v2\/categories?post=6164"},{"taxonomy":"post_tag","embeddable":true,"href":"https:\/\/spvgg-goldkronach.com\/1946\/wp-json\/wp\/v2\/tags?post=6164"}],"curies":[{"name":"wp","href":"https:\/\/api.w.org\/{rel}","templated":true}]}}