{"id":5962,"date":"2018-06-27T10:13:45","date_gmt":"2018-06-27T08:13:45","guid":{"rendered":"http:\/\/spvgg-goldkronach.com\/1946\/?p=5962"},"modified":"2018-06-28T23:22:22","modified_gmt":"2018-06-28T21:22:22","slug":"schade-landesliga-traum-der-u19-ist-geplatzt","status":"publish","type":"post","link":"https:\/\/spvgg-goldkronach.com\/1946\/2018\/06\/schade-landesliga-traum-der-u19-ist-geplatzt\/","title":{"rendered":"Schade: Landesliga-Traum der U19 ist geplatzt"},"content":{"rendered":"<p><strong>Der Traum von der Landesliga hat sich f\u00fcr die A-Jugend der JFG Fichtelgebirge nicht erf\u00fcllt. Der Vizemeister der Bezirksoberliga Oberfranken vergab auch seinen zweiten Matchball im Aufstiegsrennen. Die Mannschaft von Trainer Matthias Ehl unterlag dem FC Sand, Vizemeister der Bezirksoberliga Unterfranken, mit 1:3 (0:2).<\/strong><\/p>\n<p><em>Von Stefan Wolfrum, Nordbayerischer Kurier<\/em><\/p>\n<p>\u201eSand war einen Tick besser. Sie waren aggressiver und effizienter\u201c, fasste Matthias Ehl die Partie zusammen und wurde von seinem Kapit\u00e4n Felix Rabenstein best\u00e4tigt. Der erg\u00e4nzte: \u201eWir haben heute zu viele Fehler gemacht und zwei unn\u00f6tige Gegentore kassiert. Trotzdem k\u00f6nnen wir stolz auf eine starke Saison sein.\u201c<\/p>\n<p>Vor fast 200 Zuschauern in Ebermannstadt \u00fcbernahm Sand zun\u00e4chst das Zepter. Die daraus resultierende 1:0-F\u00fchrung durch Yannick Bischoff (14.) entsprang einer sehenswerten Kombination und rief nun auch die JFG auf den Plan. Die legte jetzt den Respekt ab, fand aber mit ihren langen B\u00e4llen kein Mittel gegen die starke FC-Defensive. Im Gegenteil: Ein leichter Ballverlust und ein Geniestreich von Andre L\u00f6rzer (33.), der JFG-Torh\u00fcter Nico Seyferth mit einem Schuss aus 20 Metern \u00fcberraschte, brachte die Ehl-Elf fr\u00fch auf die Verliererstra\u00dfe.<\/p>\n<p>Nach dem Wechsel stemmte sich der Bezirksoberliga-Aufsteiger mit gro\u00dfem Engagement gegen die drohende Niederlage. Selbst nach dem vorentscheidenden 0:3 (54.) durch Fabian R\u00f6ders verdeckten 20-Meter-Schuss steckten die Fichtelgebirgler nicht auf. Mehr als das 1:3 durch einen von Toni Sedlmeier versenkten Abstauber gelang ihnen aber nicht.<\/p>\n","protected":false},"excerpt":{"rendered":"<p>Der Traum von der Landesliga hat sich f\u00fcr die A-Jugend der JFG Fichtelgebirge nicht erf\u00fcllt. Der Vizemeister der Bezirksoberliga Oberfranken vergab auch seinen zweiten Matchball im Aufstiegsrennen. Die Mannschaft von Trainer Matthias Ehl unterlag dem FC Sand, Vizemeister der Bezirksoberliga Unterfranken, mit 1:3 (0:2). Von Stefan Wolfrum, Nordbayerischer Kurier \u201eSand war einen Tick besser. Sie [&hellip;]<\/p>\n","protected":false},"author":5,"featured_media":5963,"comment_status":"open","ping_status":"closed","sticky":false,"template":"","format":"standard","meta":{"footnotes":""},"categories":[7],"tags":[714,107,684,779,127,782,608],"class_list":["post-5962","post","type-post","status-publish","format-standard","has-post-thumbnail","hentry","category-junioren","tag-a-jugend","tag-bezirksoberliga","tag-ehl","tag-landesliga","tag-relegation","tag-sand","tag-u19"],"_links":{"self":[{"href":"https:\/\/spvgg-goldkronach.com\/1946\/wp-json\/wp\/v2\/posts\/5962","targetHints":{"allow":["GET"]}}],"collection":[{"href":"https:\/\/spvgg-goldkronach.com\/1946\/wp-json\/wp\/v2\/posts"}],"about":[{"href":"https:\/\/spvgg-goldkronach.com\/1946\/wp-json\/wp\/v2\/types\/post"}],"author":[{"embeddable":true,"href":"https:\/\/spvgg-goldkronach.com\/1946\/wp-json\/wp\/v2\/users\/5"}],"replies":[{"embeddable":true,"href":"https:\/\/spvgg-goldkronach.com\/1946\/wp-json\/wp\/v2\/comments?post=5962"}],"version-history":[{"count":1,"href":"https:\/\/spvgg-goldkronach.com\/1946\/wp-json\/wp\/v2\/posts\/5962\/revisions"}],"predecessor-version":[{"id":5964,"href":"https:\/\/spvgg-goldkronach.com\/1946\/wp-json\/wp\/v2\/posts\/5962\/revisions\/5964"}],"wp:featuredmedia":[{"embeddable":true,"href":"https:\/\/spvgg-goldkronach.com\/1946\/wp-json\/wp\/v2\/media\/5963"}],"wp:attachment":[{"href":"https:\/\/spvgg-goldkronach.com\/1946\/wp-json\/wp\/v2\/media?parent=5962"}],"wp:term":[{"taxonomy":"category","embeddable":true,"href":"https:\/\/spvgg-goldkronach.com\/1946\/wp-json\/wp\/v2\/categories?post=5962"},{"taxonomy":"post_tag","embeddable":true,"href":"https:\/\/spvgg-goldkronach.com\/1946\/wp-json\/wp\/v2\/tags?post=5962"}],"curies":[{"name":"wp","href":"https:\/\/api.w.org\/{rel}","templated":true}]}}