{"id":5767,"date":"2018-03-17T06:00:05","date_gmt":"2018-03-17T05:00:05","guid":{"rendered":"http:\/\/spvgg-goldkronach.com\/1946\/?p=5767"},"modified":"2018-03-11T13:20:08","modified_gmt":"2018-03-11T12:20:08","slug":"sturzbaeche-durchs-festzelt-als-die-spvgg-ihr-10-jaehriges-feierte","status":"publish","type":"post","link":"https:\/\/spvgg-goldkronach.com\/1946\/2018\/03\/sturzbaeche-durchs-festzelt-als-die-spvgg-ihr-10-jaehriges-feierte\/","title":{"rendered":"Sturzb\u00e4che durchs Festzelt: Als die SpVgg ihr 10-J\u00e4hriges feierte"},"content":{"rendered":"<p><strong>Heute feiert die SpVgg Goldkronach Geburtstag: Am 17. M\u00e4rz 1946 gr\u00fcndeten 58 Goldkronacher ihren Sportverein Vorw\u00e4rts wieder. Zum 72. Geburtstag steigt heuer keine gro\u00dfe Sause, doch im Sommer 1956 lie\u00dfen es die Gronicher richtig krachen. Das zehnj\u00e4hrige Jubil\u00e4um wurde an gleich zwei Festwochenenden gefeiert \u2013 aus Anlass des Jubil\u00e4ums werfen wir heute einen Blick zur\u00fcck.<\/strong><\/p>\n<div id=\"attachment_5773\" style=\"width: 1034px\" class=\"wp-caption aligncenter\"><img loading=\"lazy\" decoding=\"async\" aria-describedby=\"caption-attachment-5773\" class=\"size-large wp-image-5773\" src=\"https:\/\/spvgg-goldkronach.com\/1946\/wp-content\/uploads\/2018\/03\/erste-50er-1024x526.jpg\" alt=\"\" width=\"1024\" height=\"526\" srcset=\"https:\/\/spvgg-goldkronach.com\/1946\/wp-content\/uploads\/2018\/03\/erste-50er-1024x526.jpg 1024w, https:\/\/spvgg-goldkronach.com\/1946\/wp-content\/uploads\/2018\/03\/erste-50er-300x154.jpg 300w, https:\/\/spvgg-goldkronach.com\/1946\/wp-content\/uploads\/2018\/03\/erste-50er-768x394.jpg 768w\" sizes=\"auto, (max-width: 1024px) 100vw, 1024px\" \/><p id=\"caption-attachment-5773\" class=\"wp-caption-text\">Diese Herren d\u00fcrften die Feierlichkeiten miterlebt haben: Die Kreisliga-Mannschaft der SpVgg in den 1950er-Jahren, mit dabei auch Vorstand Schr\u00f6ll. Stehend von links: H. Ottfried, G. Zinke, F. Murmann, H. Sch\u00f6ppel, H. Schott, G. Schr\u00f6ll, H. Burger, St. Wagner, Hs. B\u00e4r. Knieend: R. Ammon, Hs. Exner, Hs. Kie\u00dfling.<\/p><\/div>\n<p>Am 30. Juni 1956 \u2013 sechs Tage zuvor hatte Borussia Dortmund seine erste Deutsche Meisterschaft gewonnen \u2013 lauschten die 53 Besucher der SpVgg-Jahreshauptversammlung gespannt den Worten ihres Vorsitzenden. Gerhard Schr\u00f6ll hatte schlie\u00dflich wichtige Neuigkeiten zu verk\u00fcnden: Das Programm der beiden folgenden Festwochenenden. Im vorhergehenden Jahr hatte es gar keine Hauptversammlung gegeben, \u201edaf\u00fcr aber umso mehr Ausschu\u00dfsitzungen, bedingt durch das 10j\u00e4hrige Stiftungsfest\u201c \u2013 so steht es im handgeschriebenen Protokollbuch.<\/p>\n<p>Bereits 1954 hatten die Verantwortlichen bei B\u00fcrgermeister Karl vorgesprochen, um die Unterst\u00fctzung der Stadt f\u00fcr ein Festzelt am Marktplatz zu gewinnen. \u201eWas da f\u00fcr Vorarbeiten geleistet werden mu\u00dften, kann nur der beurteilen, der unmittelbar daran beteiligt war\u201c, vermerkte das Protokollbuch. Das Programm, das Schr\u00f6ll verk\u00fcndete, hatte es schlie\u00dflich in sich. Am ersten Wochenende spielte die Trachtenkapelle \u201eEdelwei\u00df\u201c aus Bayreuth auf, au\u00dferdem ma\u00dfen sich die Nachbarvereine aus Bad Berneck, Weidenberg, Warmensteinach und Nemmersdorf.<\/p>\n<div id=\"attachment_5771\" style=\"width: 1034px\" class=\"wp-caption aligncenter\"><img loading=\"lazy\" decoding=\"async\" aria-describedby=\"caption-attachment-5771\" class=\"size-large wp-image-5771\" src=\"https:\/\/spvgg-goldkronach.com\/1946\/wp-content\/uploads\/2018\/03\/1956-fest-protokoll-1024x579.jpg\" alt=\"\" width=\"1024\" height=\"579\" srcset=\"https:\/\/spvgg-goldkronach.com\/1946\/wp-content\/uploads\/2018\/03\/1956-fest-protokoll-1024x579.jpg 1024w, https:\/\/spvgg-goldkronach.com\/1946\/wp-content\/uploads\/2018\/03\/1956-fest-protokoll-300x170.jpg 300w, https:\/\/spvgg-goldkronach.com\/1946\/wp-content\/uploads\/2018\/03\/1956-fest-protokoll-768x434.jpg 768w, https:\/\/spvgg-goldkronach.com\/1946\/wp-content\/uploads\/2018\/03\/1956-fest-protokoll.jpg 2000w\" sizes=\"auto, (max-width: 1024px) 100vw, 1024px\" \/><p id=\"caption-attachment-5771\" class=\"wp-caption-text\">Im handschriftlich gef\u00fchrten Protokollbuch sind die Vorg\u00e4nge im Verein \u2013 hier das Festprogramm zum Zehnj\u00e4hrigen der wiedergegr\u00fcndeten SpVgg \u2013 akribisch festgehalten.<\/p><\/div>\n<p>Die Goldkronacher Gastgeber empfingen die Reserve des VfL Neustadt zum Jubil\u00e4umsspiel: Damals ein glanzvoller Name, die Erste des VfL spielte in der \u201eII. Division\u201c getauften zweiten Liga, die Gegner hie\u00dfen Darmstadt 98 und Waldhof Mannheim und vier Jahre sp\u00e4ter sollte Weltmeister Fritz Walter im Coburger Vorort das Traineramt \u00fcbernehmen. Die SpVgg hatte hingegen mit M\u00fche die Kreisliga gehalten, was doch f\u00fcr etwas Kritik auf der Versammlung sorgte, die erst eine Viertelstunde nach Mitternacht beendet war \u2013 die Anspr\u00fcche an der Kronach waren da noch etwas h\u00f6her.<\/p>\n<p>Die Feierlaune lie\u00dfen sich die Gronicher aber nicht verderben und f\u00fcr Lichtblicke sorgte die Jugend, die zum Jubil\u00e4um die Meisterschaft feierte \u2013 und, wie Schr\u00f6ll der Versammlung darlegte, 1954 und 1955 vom DFB \u201ef\u00fcr vorbildliches Verhalten auf dem Sportplatz\u201c geehrt wurde. Am zweiten Wochenende lie\u00df es die SpVgg jedenfalls noch einmal krachen. Dabei hatte es unter der Woche gar nicht gut ausgesehen: \u201eIn der darauffolgenden Woche gab es derartig gro\u00dfe Regeng\u00fcsse, da\u00df die zweite Veranstaltung fast im wahrsten Sinne des Wortes ins Wasser gefallen w\u00e4re.\u201c<\/p>\n<div id=\"attachment_5772\" style=\"width: 1034px\" class=\"wp-caption aligncenter\"><img loading=\"lazy\" decoding=\"async\" aria-describedby=\"caption-attachment-5772\" class=\"size-large wp-image-5772\" src=\"https:\/\/spvgg-goldkronach.com\/1946\/wp-content\/uploads\/2018\/03\/archiv-1024x768.jpg\" alt=\"\" width=\"1024\" height=\"768\" srcset=\"https:\/\/spvgg-goldkronach.com\/1946\/wp-content\/uploads\/2018\/03\/archiv-1024x768.jpg 1024w, https:\/\/spvgg-goldkronach.com\/1946\/wp-content\/uploads\/2018\/03\/archiv-300x225.jpg 300w, https:\/\/spvgg-goldkronach.com\/1946\/wp-content\/uploads\/2018\/03\/archiv-768x576.jpg 768w, https:\/\/spvgg-goldkronach.com\/1946\/wp-content\/uploads\/2018\/03\/archiv-100x75.jpg 100w, https:\/\/spvgg-goldkronach.com\/1946\/wp-content\/uploads\/2018\/03\/archiv-160x120.jpg 160w, https:\/\/spvgg-goldkronach.com\/1946\/wp-content\/uploads\/2018\/03\/archiv-280x210.jpg 280w, https:\/\/spvgg-goldkronach.com\/1946\/wp-content\/uploads\/2018\/03\/archiv-400x300.jpg 400w, https:\/\/spvgg-goldkronach.com\/1946\/wp-content\/uploads\/2018\/03\/archiv-800x600.jpg 800w\" sizes=\"auto, (max-width: 1024px) 100vw, 1024px\" \/><p id=\"caption-attachment-5772\" class=\"wp-caption-text\">Damit nichts verlorengeht: So sehen Teile des Vereinsarchivs aus, fachgerecht gelagert in s\u00e4urefreien Kartons und nur ausnahmsweise am Tageslicht. Oben rechts das Original des Mannschaftsfotos aus den 1950ern (aus dem Nachlass von Hermann Katholing). Links unten das Protokollbuch, in dem sich die Zeilen aus dem Jahr 1956 finden. Rechts unten die Chronik von Gerhard Schr\u00f6ll von 1996.<\/p><\/div>\n<p>Durch das Festzelt auf dem Marktplatz, der damals noch nicht gepflastert war, verliefen regelrechte Sturzb\u00e4che. Dank der Unterst\u00fctzung durch die Stadt, die Firma K\u00fcfner und zahlreiche Helfer aber gelang es, den Boden durch einige LKW-Ladungen Sand auszubessern. P\u00fcnktlich zum Wochenende stimmte dann auch das Wetter und am Ende hatte Kassier Karl L\u00f6wel vermutlich ein dickes Grinsen im Gesicht: Die Festwochenenden samt Tombola bescherten dem 169 Mitglieder starken Verein mehr als 5.000 Mark Umsatz \u2013 und gut 1.100 Mark Gewinn.<\/p>\n<p>Dazu beigetragen hatten die vielen Helfer, die die Mammutveranstaltung stemmten. Und sicher auch die Gehaltsvorstellungen der Milit\u00e4rkapelle, die die SpVgg-F\u00fchrung vermutlich aus der nahegelegenen US-Kaserne \u201eChristensen Barracks\u201c auf dem Bindlacher Berg f\u00fcr das zweite Wochenende im Festzelt verpflichtet hatte: Das 30-k\u00f6pfige amerikanische Orchester spielte, wie Schr\u00f6ll noch 40 Jahre sp\u00e4ter in seiner Vereinschronik ungl\u00e4ubig notierte, \u201ef\u00fcr eine Brotzeit und ein paar Coca Cola\u201c.<\/p>\n<p><strong>Besitzen Sie alte Fotos, Dokumente, Wimpel oder Urkunden? Schlummern auf dem Dachboden Pokale, Trikots oder \u00c4hnliches? Die SpVgg Goldkronach sucht f\u00fcr ihr Vereinsarchiv alles, was \u00fcber die Geschichte des Goldkronacher Sports Aufschluss geben kann, gerne auch leihweise zur Digitalisierung! Ansprechpartner: Gregor Hofmann, E-Mail: gh [at] gronicher.de, Telefon: 0 16 0 \/ 98 52 87 73.<\/strong><\/p>\n","protected":false},"excerpt":{"rendered":"<p>Heute feiert die SpVgg Goldkronach Geburtstag: Am 17. M\u00e4rz 1946 gr\u00fcndeten 58 Goldkronacher ihren Sportverein Vorw\u00e4rts wieder. Zum 72. Geburtstag steigt heuer keine gro\u00dfe Sause, doch im Sommer 1956 lie\u00dfen es die Gronicher richtig krachen. Das zehnj\u00e4hrige Jubil\u00e4um wurde an gleich zwei Festwochenenden gefeiert \u2013 aus Anlass des Jubil\u00e4ums werfen wir heute einen Blick zur\u00fcck. [&hellip;]<\/p>\n","protected":false},"author":1,"featured_media":5773,"comment_status":"open","ping_status":"closed","sticky":false,"template":"","format":"standard","meta":{"footnotes":""},"categories":[498],"tags":[500,110,762,761,760],"class_list":["post-5767","post","type-post","status-publish","format-standard","has-post-thumbnail","hentry","category-tradition","tag-geschichte","tag-jubilaum","tag-loewel","tag-schroell","tag-vfl-neustadt"],"_links":{"self":[{"href":"https:\/\/spvgg-goldkronach.com\/1946\/wp-json\/wp\/v2\/posts\/5767","targetHints":{"allow":["GET"]}}],"collection":[{"href":"https:\/\/spvgg-goldkronach.com\/1946\/wp-json\/wp\/v2\/posts"}],"about":[{"href":"https:\/\/spvgg-goldkronach.com\/1946\/wp-json\/wp\/v2\/types\/post"}],"author":[{"embeddable":true,"href":"https:\/\/spvgg-goldkronach.com\/1946\/wp-json\/wp\/v2\/users\/1"}],"replies":[{"embeddable":true,"href":"https:\/\/spvgg-goldkronach.com\/1946\/wp-json\/wp\/v2\/comments?post=5767"}],"version-history":[{"count":4,"href":"https:\/\/spvgg-goldkronach.com\/1946\/wp-json\/wp\/v2\/posts\/5767\/revisions"}],"predecessor-version":[{"id":5782,"href":"https:\/\/spvgg-goldkronach.com\/1946\/wp-json\/wp\/v2\/posts\/5767\/revisions\/5782"}],"wp:featuredmedia":[{"embeddable":true,"href":"https:\/\/spvgg-goldkronach.com\/1946\/wp-json\/wp\/v2\/media\/5773"}],"wp:attachment":[{"href":"https:\/\/spvgg-goldkronach.com\/1946\/wp-json\/wp\/v2\/media?parent=5767"}],"wp:term":[{"taxonomy":"category","embeddable":true,"href":"https:\/\/spvgg-goldkronach.com\/1946\/wp-json\/wp\/v2\/categories?post=5767"},{"taxonomy":"post_tag","embeddable":true,"href":"https:\/\/spvgg-goldkronach.com\/1946\/wp-json\/wp\/v2\/tags?post=5767"}],"curies":[{"name":"wp","href":"https:\/\/api.w.org\/{rel}","templated":true}]}}