{"id":5661,"date":"2017-11-08T17:13:06","date_gmt":"2017-11-08T16:13:06","guid":{"rendered":"http:\/\/spvgg-goldkronach.com\/1946\/?p=5661"},"modified":"2017-11-08T17:20:40","modified_gmt":"2017-11-08T16:20:40","slug":"kommunale-ehrungen-viel-anerkennung-fuer-die-jugendarbeit","status":"publish","type":"post","link":"https:\/\/spvgg-goldkronach.com\/1946\/2017\/11\/kommunale-ehrungen-viel-anerkennung-fuer-die-jugendarbeit\/","title":{"rendered":"Kommunale Ehrungen: Viel Anerkennung f\u00fcr die Jugendarbeit"},"content":{"rendered":"<div id=\"attachment_5704\" style=\"width: 1010px\" class=\"wp-caption aligncenter\"><img loading=\"lazy\" decoding=\"async\" aria-describedby=\"caption-attachment-5704\" class=\"size-full wp-image-5704\" src=\"https:\/\/spvgg-goldkronach.com\/1946\/wp-content\/uploads\/2017\/11\/e-jugendweb.jpg\" alt=\"\" width=\"1000\" height=\"750\" srcset=\"https:\/\/spvgg-goldkronach.com\/1946\/wp-content\/uploads\/2017\/11\/e-jugendweb.jpg 1000w, https:\/\/spvgg-goldkronach.com\/1946\/wp-content\/uploads\/2017\/11\/e-jugendweb-300x225.jpg 300w, https:\/\/spvgg-goldkronach.com\/1946\/wp-content\/uploads\/2017\/11\/e-jugendweb-768x576.jpg 768w, https:\/\/spvgg-goldkronach.com\/1946\/wp-content\/uploads\/2017\/11\/e-jugendweb-100x75.jpg 100w, https:\/\/spvgg-goldkronach.com\/1946\/wp-content\/uploads\/2017\/11\/e-jugendweb-160x120.jpg 160w, https:\/\/spvgg-goldkronach.com\/1946\/wp-content\/uploads\/2017\/11\/e-jugendweb-280x210.jpg 280w, https:\/\/spvgg-goldkronach.com\/1946\/wp-content\/uploads\/2017\/11\/e-jugendweb-400x300.jpg 400w, https:\/\/spvgg-goldkronach.com\/1946\/wp-content\/uploads\/2017\/11\/e-jugendweb-800x600.jpg 800w\" sizes=\"auto, (max-width: 1000px) 100vw, 1000px\" \/><p id=\"caption-attachment-5704\" class=\"wp-caption-text\">Laura Krause (links) und Theresa D\u00f6rnh\u00f6fer (rechts) nahmen die Auszeichnung f\u00fcr die Goldkronacher E-Jugend entgegen.<\/p><\/div>\n<p><strong>Bei den Ehrungen der Stadt Goldkronach wurden in der vergangenen Woche zahlreiche engagierte B\u00fcrgerinnen und B\u00fcrger ausgezeichnet. Auch erfolgreiche Sportler der vergangenen zwei Jahre waren eingeladen. Mit dabei waren daher auch zwei Goldkronacher Fu\u00dfballteams.<\/strong><\/p>\n<p>Die Geehrten engagieren sich f\u00fcr Feuerwehr, Naturschutz oder Museum \u2013 und eben im Sport. Dabei durfte sich die SpVgg gleich doppelt freuen: Sowohl die E-Jugend (U11) als auch die B-Jugend der JFG Fichtelgebirge (U17) waren eingeladen. Die B-Jugend hatte im Sommer 2016 unter Trainer Matthias Ehl, lange selbst f\u00fcr die erste Mannschaft der SpVgg am Ball, die Meisterschaft in der Kreisliga Bamberg\/Bayreuth gefeiert und war in die Bezirksoberliga aufgestiegen. Seither sind zahlreiche talentierte Nachwuchsmannschaften aus ganz Oberfranken in Goldkronach zu Gast gewesen. Als Belohnung gab es auch einen kleinen Zuschuss f\u00fcr die Mannschaftskasse.<\/p>\n<div id=\"attachment_5663\" style=\"width: 1034px\" class=\"wp-caption aligncenter\"><img loading=\"lazy\" decoding=\"async\" aria-describedby=\"caption-attachment-5663\" class=\"size-large wp-image-5663\" src=\"https:\/\/spvgg-goldkronach.com\/1946\/wp-content\/uploads\/2017\/10\/web_u9_2-1024x768.jpg\" alt=\"\" width=\"1024\" height=\"768\" srcset=\"https:\/\/spvgg-goldkronach.com\/1946\/wp-content\/uploads\/2017\/10\/web_u9_2-1024x768.jpg 1024w, https:\/\/spvgg-goldkronach.com\/1946\/wp-content\/uploads\/2017\/10\/web_u9_2-300x225.jpg 300w, https:\/\/spvgg-goldkronach.com\/1946\/wp-content\/uploads\/2017\/10\/web_u9_2-768x576.jpg 768w, https:\/\/spvgg-goldkronach.com\/1946\/wp-content\/uploads\/2017\/10\/web_u9_2-100x75.jpg 100w, https:\/\/spvgg-goldkronach.com\/1946\/wp-content\/uploads\/2017\/10\/web_u9_2-160x120.jpg 160w, https:\/\/spvgg-goldkronach.com\/1946\/wp-content\/uploads\/2017\/10\/web_u9_2-280x210.jpg 280w, https:\/\/spvgg-goldkronach.com\/1946\/wp-content\/uploads\/2017\/10\/web_u9_2-400x300.jpg 400w, https:\/\/spvgg-goldkronach.com\/1946\/wp-content\/uploads\/2017\/10\/web_u9_2-800x600.jpg 800w, https:\/\/spvgg-goldkronach.com\/1946\/wp-content\/uploads\/2017\/10\/web_u9_2.jpg 2000w\" sizes=\"auto, (max-width: 1024px) 100vw, 1024px\" \/><p id=\"caption-attachment-5663\" class=\"wp-caption-text\">Die F-Junioren der SG Goldkronach am 28. Oktober 2017 nach dem Heimspiel gegen Weidenberg mit den Trainerinnen Laura Krause (links) und Theresa D\u00f6rnh\u00f6fer (rechts).<\/p><\/div>\n<p>Den durften auch Theresa D\u00f6rnh\u00f6fer und Laura Krause entgegennehmen. Die beiden Trainerinnen f\u00fchrten die E-Junioren in der Herbstrunde zur Meisterschaft. In einer Spielgemeinschaft mit Nemmersdorf unter Federf\u00fchrung der SpVgg marschierten die jungen Kicker bei einem Torverh\u00e4ltnis von 56:7 souver\u00e4n zum Titelgewinn. F\u00fcr diese Leistung \u00e4u\u00dferte auch der B\u00fcrgemeister h\u00f6chste Anerkennung.<\/p>\n<p>Der Jugendarbeit der SpVgg sind D\u00f6rnh\u00f6fer und Krause treu geblieben, sie coachen derzeit die F-Jugend (U9). Die J\u00fcngsten im Goldkronacher Trikot sind mit Feuereifer bei der Sache, eine Meisterschaft wird dabei allerdings noch nicht herausspringen: Die F-Jugend spielt in einer Fairplay-Liga ohne offizielle Ergebnisse und Tabellen, diese werden erst ab der E-Jugend ver\u00f6ffentlicht. Bleibt die Goldkronacher Jugendarbeit so erfolgreich, haben aber auch die Sieben- bis Neunj\u00e4hrigen gute Chancen, in Zukunft einmal eine Einladung zu den kommunalen Ehrungen zu erhalten.<\/p>\n<p><iframe loading=\"lazy\" style=\"border: none; overflow: hidden;\" src=\"https:\/\/www.facebook.com\/plugins\/post.php?href=https%3A%2F%2Fwww.facebook.com%2Fgronicher%2Fposts%2F1531333503615172&amp;width=500\" width=\"500\" height=\"781\" frameborder=\"0\" scrolling=\"no\"><\/iframe><\/p>\n","protected":false},"excerpt":{"rendered":"<p>Bei den Ehrungen der Stadt Goldkronach wurden in der vergangenen Woche zahlreiche engagierte B\u00fcrgerinnen und B\u00fcrger ausgezeichnet. Auch erfolgreiche Sportler der vergangenen zwei Jahre waren eingeladen. Mit dabei waren daher auch zwei Goldkronacher Fu\u00dfballteams. Die Geehrten engagieren sich f\u00fcr Feuerwehr, Naturschutz oder Museum \u2013 und eben im Sport. Dabei durfte sich die SpVgg gleich doppelt [&hellip;]<\/p>\n","protected":false},"author":1,"featured_media":5704,"comment_status":"open","ping_status":"closed","sticky":false,"template":"","format":"standard","meta":{"footnotes":""},"categories":[7],"tags":[551,315,212,196,728,346,415,594,741,171,225],"class_list":["post-5661","post","type-post","status-publish","format-standard","has-post-thumbnail","hentry","category-junioren","tag-dornhofer","tag-dorsch","tag-e-jugend","tag-ehrung","tag-eichermueller","tag-f-jugend","tag-krause","tag-meisterschaft","tag-spielgemeinschaft","tag-u11","tag-u9"],"_links":{"self":[{"href":"https:\/\/spvgg-goldkronach.com\/1946\/wp-json\/wp\/v2\/posts\/5661","targetHints":{"allow":["GET"]}}],"collection":[{"href":"https:\/\/spvgg-goldkronach.com\/1946\/wp-json\/wp\/v2\/posts"}],"about":[{"href":"https:\/\/spvgg-goldkronach.com\/1946\/wp-json\/wp\/v2\/types\/post"}],"author":[{"embeddable":true,"href":"https:\/\/spvgg-goldkronach.com\/1946\/wp-json\/wp\/v2\/users\/1"}],"replies":[{"embeddable":true,"href":"https:\/\/spvgg-goldkronach.com\/1946\/wp-json\/wp\/v2\/comments?post=5661"}],"version-history":[{"count":6,"href":"https:\/\/spvgg-goldkronach.com\/1946\/wp-json\/wp\/v2\/posts\/5661\/revisions"}],"predecessor-version":[{"id":5706,"href":"https:\/\/spvgg-goldkronach.com\/1946\/wp-json\/wp\/v2\/posts\/5661\/revisions\/5706"}],"wp:featuredmedia":[{"embeddable":true,"href":"https:\/\/spvgg-goldkronach.com\/1946\/wp-json\/wp\/v2\/media\/5704"}],"wp:attachment":[{"href":"https:\/\/spvgg-goldkronach.com\/1946\/wp-json\/wp\/v2\/media?parent=5661"}],"wp:term":[{"taxonomy":"category","embeddable":true,"href":"https:\/\/spvgg-goldkronach.com\/1946\/wp-json\/wp\/v2\/categories?post=5661"},{"taxonomy":"post_tag","embeddable":true,"href":"https:\/\/spvgg-goldkronach.com\/1946\/wp-json\/wp\/v2\/tags?post=5661"}],"curies":[{"name":"wp","href":"https:\/\/api.w.org\/{rel}","templated":true}]}}