{"id":5449,"date":"2017-06-07T19:22:25","date_gmt":"2017-06-07T17:22:25","guid":{"rendered":"http:\/\/spvgg-goldkronach.com\/1946\/?p=5449"},"modified":"2017-07-18T17:29:40","modified_gmt":"2017-07-18T15:29:40","slug":"goldkronacher-kanzfeierla-am-23-juni","status":"publish","type":"post","link":"https:\/\/spvgg-goldkronach.com\/1946\/2017\/06\/goldkronacher-kanzfeierla-am-23-juni\/","title":{"rendered":"Goldkronacher Kanzfeierla am 23. Juni"},"content":{"rendered":"<p><span class=\"Standard_13_17\"><strong>Die SpVgg Goldkronach l\u00e4dt zum traditionellen Johannisfeuer am Freitag, 23. Juni, auf dem Sportgel\u00e4nde in der Peuntgasse ein.<\/strong><\/span><\/p>\n<p><span class=\"Standard_13_17\">Ab 18 Uhr bewirtet die SpVgg ihre G\u00e4ste beim &#8222;Gronicher Kanzfeierla&#8220;. F\u00fcr die j\u00fcngeren unter ihnen gibt es eine <\/span>Spielstra\u00dfe, au\u00dferdem eine Fackelwanderung in der D\u00e4mmerung. F\u00fcr ein k\u00fchles Bier vom Fass und alkoholfreie Getr\u00e4nke ist\u00a0nat\u00fcrlich\u00a0ebenso gesorgt wie f\u00fcr Feines vom Grill. Am sp\u00e4teren Abend \u00f6ffnet die Bar. Wir<span id=\"ctl00_cphL_modVereineVeranstaltungText_lblHTML\" class=\"Standard_13_17\">\u00a0freuen uns auf Ihren Besuch!<\/span><\/p>\n<div id=\"fb-root\"><\/div>\n<p><script>(function(d, s, id) {\n  var js, fjs = d.getElementsByTagName(s)[0];\n  if (d.getElementById(id)) return;\n  js = d.createElement(s); js.id = id;\n  js.src = \"\/\/connect.facebook.net\/de_DE\/sdk.js#xfbml=1&version=v2.9\";\n  fjs.parentNode.insertBefore(js, fjs);\n}(document, 'script', 'facebook-jssdk'));<\/script><\/p>\n<div class=\"fb-page\" data-href=\"https:\/\/www.facebook.com\/gronicher\/\" data-tabs=\"events\" data-width=\"600\" data-height=\"500\" data-small-header=\"false\" data-adapt-container-width=\"true\" data-hide-cover=\"false\" data-show-facepile=\"true\">\n<blockquote class=\"fb-xfbml-parse-ignore\" cite=\"https:\/\/www.facebook.com\/gronicher\/\"><p><a href=\"https:\/\/www.facebook.com\/gronicher\/\">SpVgg Goldkronach<\/a><\/p><\/blockquote>\n<\/div>\n","protected":false},"excerpt":{"rendered":"<p>Die SpVgg Goldkronach l\u00e4dt zum traditionellen Johannisfeuer am Freitag, 23. Juni, auf dem Sportgel\u00e4nde in der Peuntgasse ein. Ab 18 Uhr bewirtet die SpVgg ihre G\u00e4ste beim &#8222;Gronicher Kanzfeierla&#8220;. F\u00fcr die j\u00fcngeren unter ihnen gibt es eine Spielstra\u00dfe, au\u00dferdem eine Fackelwanderung in der D\u00e4mmerung. F\u00fcr ein k\u00fchles Bier vom Fass und alkoholfreie Getr\u00e4nke ist\u00a0nat\u00fcrlich\u00a0ebenso gesorgt [&hellip;]<\/p>\n","protected":false},"author":1,"featured_media":5455,"comment_status":"open","ping_status":"closed","sticky":false,"template":"","format":"standard","meta":{"footnotes":""},"categories":[12,4],"tags":[719,254,131,257,270],"class_list":["post-5449","post","type-post","status-publish","format-standard","has-post-thumbnail","hentry","category-veranstaltungen","category-vereinsleben","tag-fest","tag-johannisfeuer","tag-kanzfeierla","tag-spielstrase","tag-sportplatz"],"_links":{"self":[{"href":"https:\/\/spvgg-goldkronach.com\/1946\/wp-json\/wp\/v2\/posts\/5449","targetHints":{"allow":["GET"]}}],"collection":[{"href":"https:\/\/spvgg-goldkronach.com\/1946\/wp-json\/wp\/v2\/posts"}],"about":[{"href":"https:\/\/spvgg-goldkronach.com\/1946\/wp-json\/wp\/v2\/types\/post"}],"author":[{"embeddable":true,"href":"https:\/\/spvgg-goldkronach.com\/1946\/wp-json\/wp\/v2\/users\/1"}],"replies":[{"embeddable":true,"href":"https:\/\/spvgg-goldkronach.com\/1946\/wp-json\/wp\/v2\/comments?post=5449"}],"version-history":[{"count":5,"href":"https:\/\/spvgg-goldkronach.com\/1946\/wp-json\/wp\/v2\/posts\/5449\/revisions"}],"predecessor-version":[{"id":5454,"href":"https:\/\/spvgg-goldkronach.com\/1946\/wp-json\/wp\/v2\/posts\/5449\/revisions\/5454"}],"wp:featuredmedia":[{"embeddable":true,"href":"https:\/\/spvgg-goldkronach.com\/1946\/wp-json\/wp\/v2\/media\/5455"}],"wp:attachment":[{"href":"https:\/\/spvgg-goldkronach.com\/1946\/wp-json\/wp\/v2\/media?parent=5449"}],"wp:term":[{"taxonomy":"category","embeddable":true,"href":"https:\/\/spvgg-goldkronach.com\/1946\/wp-json\/wp\/v2\/categories?post=5449"},{"taxonomy":"post_tag","embeddable":true,"href":"https:\/\/spvgg-goldkronach.com\/1946\/wp-json\/wp\/v2\/tags?post=5449"}],"curies":[{"name":"wp","href":"https:\/\/api.w.org\/{rel}","templated":true}]}}