{"id":4694,"date":"2016-09-09T19:25:59","date_gmt":"2016-09-09T17:25:59","guid":{"rendered":"http:\/\/spvgg-goldkronach.com\/1946\/?p=4694"},"modified":"2016-09-09T22:28:36","modified_gmt":"2016-09-09T20:28:36","slug":"gronicher-empfangen-den-tabellenfuhrer","status":"publish","type":"post","link":"https:\/\/spvgg-goldkronach.com\/1946\/2016\/09\/gronicher-empfangen-den-tabellenfuhrer\/","title":{"rendered":"Gronicher empfangen den Tabellenf\u00fchrer"},"content":{"rendered":"<p><strong>Ein spannender Heimspiel-Sonntag steht den Gronichern an diesem Wochenende ins Haus: An der Kronach gibt sich Tabellenf\u00fchrer FC Eintracht Bayreuth die Ehre (Ansto\u00df 14 Uhr), au\u00dferdem steht das Reserve-Duell gegen den SV R\u00f6hrenhof auf dem Programm.<\/strong><\/p>\n<div id=\"attachment_4675\" style=\"width: 310px\" class=\"wp-caption alignleft\"><img loading=\"lazy\" decoding=\"async\" aria-describedby=\"caption-attachment-4675\" class=\"size-medium wp-image-4675\" title=\"SpVgg Goldkronach \u2013 ASV Laineck\" src=\"https:\/\/spvgg-goldkronach.com\/1946\/wp-content\/uploads\/2016\/08\/web_3_jubel-300x225.jpg\" alt=\"SpVgg Goldkronach \u2013 ASV Laineck\" width=\"300\" height=\"225\" srcset=\"https:\/\/spvgg-goldkronach.com\/1946\/wp-content\/uploads\/2016\/08\/web_3_jubel-300x225.jpg 300w, https:\/\/spvgg-goldkronach.com\/1946\/wp-content\/uploads\/2016\/08\/web_3_jubel.jpg 800w\" sizes=\"auto, (max-width: 300px) 100vw, 300px\" \/><p id=\"caption-attachment-4675\" class=\"wp-caption-text\">Setzen die Gronicher ihre kleine Erfolgsserie fort?<\/p><\/div>\n<p>Die Eintracht l\u00f6ste ihre Aufgaben zu Saisonbeginn ausnehmend erfolgreich und musste erst am vergangenen Sonntag beim 1:2 gegen Kirchahorn die erste Niederlage hinnehmen. Zuvor r\u00e4umte die Elf von Trainer Arthur Kolb, der beim FCE die Mannschaft nun im vierten Jahr betreut und nach dem Aufstieg in der Kreisklasse etablierte, unter anderem die verst\u00e4rkten Weidenberger und den Top-Favoriten Sportring aus dem Weg. Auch der bis dato h\u00f6chste Sieg, den ein Team in der Kreisklasse 2016\/17 feierte, geht auf das Konto der Bayreuther: Mit 8:0 deklassierten sie am 21. August den SSV Warmensteinach.<\/p>\n<p><strong>Reserve gegen R\u00f6hrenhof<br \/>\n<\/strong><\/p>\n<p>Auf den Tabellenachten von der Kronach jedenfalls wartet ein hartes St\u00fcck Arbeit. Den Gronichern gelang es zuletzt immerhin, sich in der allm\u00e4hlich ausdifferenzierenden Tabelle einen deutlichen Vorsprung auf das Tabellenende zu erspielen. Wie sie in den vergangenen Partien auftraten, d\u00fcrfte indes auch f\u00fcr den Sonntag Hoffnung geben, zumal die Sommerer-Truppe zu Hause noch ungeschlagen ist. Es ist jedenfalls nicht g\u00e4nzlich ausgeschlossen, dass die SpVgg am Sonntag ab 14 Uhr ihre Mini-Serie von drei Partien ohne Niederlage in Folge noch um ein weiteres Spiel verl\u00e4ngert. Im Anschluss ab 16 Uhr gibt es dann ein kleines Lokalderby in der B-Klasse zu sehen, die SG Goldkronach\/Nemmersdorf II empf\u00e4ngt den Nachbarn aus R\u00f6hrenhof.<\/p>\n","protected":false},"excerpt":{"rendered":"<p>Ein spannender Heimspiel-Sonntag steht den Gronichern an diesem Wochenende ins Haus: An der Kronach gibt sich Tabellenf\u00fchrer FC Eintracht Bayreuth die Ehre (Ansto\u00df 14 Uhr), au\u00dferdem steht das Reserve-Duell gegen den SV R\u00f6hrenhof auf dem Programm. Die Eintracht l\u00f6ste ihre Aufgaben zu Saisonbeginn ausnehmend erfolgreich und musste erst am vergangenen Sonntag beim 1:2 gegen Kirchahorn [&hellip;]<\/p>\n","protected":false},"author":1,"featured_media":4122,"comment_status":"open","ping_status":"closed","sticky":false,"template":"","format":"standard","meta":{"footnotes":""},"categories":[5,6],"tags":[663,66],"class_list":["post-4694","post","type-post","status-publish","format-standard","has-post-thumbnail","hentry","category-1-mannschaft","category-2-mannschaft","tag-eintracht-bayreuth","tag-rohrenhof"],"_links":{"self":[{"href":"https:\/\/spvgg-goldkronach.com\/1946\/wp-json\/wp\/v2\/posts\/4694","targetHints":{"allow":["GET"]}}],"collection":[{"href":"https:\/\/spvgg-goldkronach.com\/1946\/wp-json\/wp\/v2\/posts"}],"about":[{"href":"https:\/\/spvgg-goldkronach.com\/1946\/wp-json\/wp\/v2\/types\/post"}],"author":[{"embeddable":true,"href":"https:\/\/spvgg-goldkronach.com\/1946\/wp-json\/wp\/v2\/users\/1"}],"replies":[{"embeddable":true,"href":"https:\/\/spvgg-goldkronach.com\/1946\/wp-json\/wp\/v2\/comments?post=4694"}],"version-history":[{"count":4,"href":"https:\/\/spvgg-goldkronach.com\/1946\/wp-json\/wp\/v2\/posts\/4694\/revisions"}],"predecessor-version":[{"id":4697,"href":"https:\/\/spvgg-goldkronach.com\/1946\/wp-json\/wp\/v2\/posts\/4694\/revisions\/4697"}],"wp:featuredmedia":[{"embeddable":true,"href":"https:\/\/spvgg-goldkronach.com\/1946\/wp-json\/wp\/v2\/media\/4122"}],"wp:attachment":[{"href":"https:\/\/spvgg-goldkronach.com\/1946\/wp-json\/wp\/v2\/media?parent=4694"}],"wp:term":[{"taxonomy":"category","embeddable":true,"href":"https:\/\/spvgg-goldkronach.com\/1946\/wp-json\/wp\/v2\/categories?post=4694"},{"taxonomy":"post_tag","embeddable":true,"href":"https:\/\/spvgg-goldkronach.com\/1946\/wp-json\/wp\/v2\/tags?post=4694"}],"curies":[{"name":"wp","href":"https:\/\/api.w.org\/{rel}","templated":true}]}}