{"id":4628,"date":"2016-08-20T08:43:29","date_gmt":"2016-08-20T06:43:29","guid":{"rendered":"http:\/\/spvgg-goldkronach.com\/1946\/?p=4628"},"modified":"2016-08-20T12:47:16","modified_gmt":"2016-08-20T10:47:16","slug":"gronicher-morgen-im-fc-stadion-zu-gast","status":"publish","type":"post","link":"https:\/\/spvgg-goldkronach.com\/1946\/2016\/08\/gronicher-morgen-im-fc-stadion-zu-gast\/","title":{"rendered":"Gronicher morgen im FC-Stadion zu Gast"},"content":{"rendered":"<p><strong>Die Kreisklasse kommt in Fahrt und so langsam wird&#8217;s auch f\u00fcr die SpVgg Zeit, den ersten Dreier einzufahren: Nach drei teils arg ungl\u00fccklichen Versuchen wollen die Gronicher das morgen beim FSV Bayreuth II schaffen. Doch Vorsicht \u2013 die junge Mannschaft des Gastgebers rang am vergangenen Sonntag Aufstiegsfavorit Sportring mit 2:1 nieder.<\/strong><\/p>\n<div id=\"attachment_4165\" style=\"width: 310px\" class=\"wp-caption alignleft\"><img loading=\"lazy\" decoding=\"async\" aria-describedby=\"caption-attachment-4165\" class=\"size-medium wp-image-4165\" title=\"SpVgg Goldkronach: Stefan Sommerer\" src=\"https:\/\/spvgg-goldkronach.com\/1946\/wp-content\/uploads\/2015\/10\/coach_700px-300x218.jpg\" alt=\"SpVgg Goldkronach: Stefan Sommerer\" width=\"300\" height=\"218\" srcset=\"https:\/\/spvgg-goldkronach.com\/1946\/wp-content\/uploads\/2015\/10\/coach_700px-300x218.jpg 300w, https:\/\/spvgg-goldkronach.com\/1946\/wp-content\/uploads\/2015\/10\/coach_700px.jpg 700w\" sizes=\"auto, (max-width: 300px) 100vw, 300px\" \/><p id=\"caption-attachment-4165\" class=\"wp-caption-text\">Trainer Stefan Sommerer will am Sonntag den ersten Saisonsieg feiern.<\/p><\/div>\n<p>Dabei konnte die Landesliga-Reserve gegen den Aufstiegsaspiranten durchaus mithalten, was daf\u00fcr spricht, dass die Bayreuther trotz ihrer zwei Auftaktniederlagen nicht unbedingt in Abstiegsgefahr geraten werden. Auch einen Nachfolger f\u00fcr den berufsbedingt scheidenden Trainer Marc Parchent hat der FSV mittlerweile gefunden: Am Sonntag wird Martin Degelmann, zuletzt bei der Saaser U19 t\u00e4tig, an der Seitenlinie dirigieren.<\/p>\n<p><strong>Gelingt der erste Sieg?<br \/>\n<\/strong><\/p>\n<p><strong><\/strong>F\u00fcr die Gronicher also keine leichte Aufgabe, die morgen zur ungewohnten Ansto\u00dfzeit um 12:45 Uhr auf dem Sportgel\u00e4nde des altehrw\u00fcrdigen 1. FC Bayreuth an der Friedrich-Ebert-Stra\u00dfe wartet. Immerhin wartet die SpVgg nach drei absolvierten Partien noch auf den ersten Sieg. Berechtigte Hoffnung gibt, dass dieser Mangel durchaus in ungl\u00fccklichen Umst\u00e4nden begr\u00fcndet liegt: Gegen Oberpreuschwitz vergaben die Gronicher kurz vor Schluss die gro\u00dfe Chance zum Siegtreffer, in Waischenfeld einen Strafsto\u00df, gegen Glash\u00fctten kassierten sie in letzter Sekunde den Ausgleich. Vielleicht reicht da schon etwas weniger Pech \u2013 und es klappt im vierten Anlauf mit dem ersten Saisonsieg.<\/p>\n","protected":false},"excerpt":{"rendered":"<p>Die Kreisklasse kommt in Fahrt und so langsam wird&#8217;s auch f\u00fcr die SpVgg Zeit, den ersten Dreier einzufahren: Nach drei teils arg ungl\u00fccklichen Versuchen wollen die Gronicher das morgen beim FSV Bayreuth II schaffen. Doch Vorsicht \u2013 die junge Mannschaft des Gastgebers rang am vergangenen Sonntag Aufstiegsfavorit Sportring mit 2:1 nieder. Dabei konnte die Landesliga-Reserve [&hellip;]<\/p>\n","protected":false},"author":1,"featured_media":4621,"comment_status":"open","ping_status":"closed","sticky":false,"template":"","format":"standard","meta":{"footnotes":""},"categories":[5],"tags":[45,105,20],"class_list":["post-4628","post","type-post","status-publish","format-standard","has-post-thumbnail","hentry","category-1-mannschaft","tag-auswarts","tag-fsv-bayreuth","tag-kreisklasse"],"_links":{"self":[{"href":"https:\/\/spvgg-goldkronach.com\/1946\/wp-json\/wp\/v2\/posts\/4628","targetHints":{"allow":["GET"]}}],"collection":[{"href":"https:\/\/spvgg-goldkronach.com\/1946\/wp-json\/wp\/v2\/posts"}],"about":[{"href":"https:\/\/spvgg-goldkronach.com\/1946\/wp-json\/wp\/v2\/types\/post"}],"author":[{"embeddable":true,"href":"https:\/\/spvgg-goldkronach.com\/1946\/wp-json\/wp\/v2\/users\/1"}],"replies":[{"embeddable":true,"href":"https:\/\/spvgg-goldkronach.com\/1946\/wp-json\/wp\/v2\/comments?post=4628"}],"version-history":[{"count":2,"href":"https:\/\/spvgg-goldkronach.com\/1946\/wp-json\/wp\/v2\/posts\/4628\/revisions"}],"predecessor-version":[{"id":4630,"href":"https:\/\/spvgg-goldkronach.com\/1946\/wp-json\/wp\/v2\/posts\/4628\/revisions\/4630"}],"wp:featuredmedia":[{"embeddable":true,"href":"https:\/\/spvgg-goldkronach.com\/1946\/wp-json\/wp\/v2\/media\/4621"}],"wp:attachment":[{"href":"https:\/\/spvgg-goldkronach.com\/1946\/wp-json\/wp\/v2\/media?parent=4628"}],"wp:term":[{"taxonomy":"category","embeddable":true,"href":"https:\/\/spvgg-goldkronach.com\/1946\/wp-json\/wp\/v2\/categories?post=4628"},{"taxonomy":"post_tag","embeddable":true,"href":"https:\/\/spvgg-goldkronach.com\/1946\/wp-json\/wp\/v2\/tags?post=4628"}],"curies":[{"name":"wp","href":"https:\/\/api.w.org\/{rel}","templated":true}]}}