{"id":457,"date":"2010-07-31T16:41:12","date_gmt":"2010-07-31T16:41:12","guid":{"rendered":"http:\/\/spvgg-goldkronach.com\/1946\/?p=457"},"modified":"2011-10-02T22:49:36","modified_gmt":"2011-10-02T22:49:36","slug":"da-sind-wir-wieder-gronich-startet-morgen-in-die-kreisklasse","status":"publish","type":"post","link":"https:\/\/spvgg-goldkronach.com\/1946\/2010\/07\/da-sind-wir-wieder-gronich-startet-morgen-in-die-kreisklasse\/","title":{"rendered":"Da sind wir wieder! Gronich startet morgen in die Kreisklasse"},"content":{"rendered":"<p>Morgen, Sonntag, 1. August 2010, ist es soweit: Nach \u00fcber einem Jahrzehnt Abwesenheit und genau 50 Jahre nach dem legend\u00e4ren Aufstieg in die Zweite Amateurliga kehrt die SpVgg Goldkronach auf die B\u00fchne der Kreisklasse zur\u00fcck. Die Gronicher er\u00f6ffnen dann zu Hause die neue Saison 2010\/11 mit den Heimspielen gegen den SV Ramsenthal. Um 15 Uhr kreuzen die ersten Mannschaften die Klingen, das Vorspiel der Reserven findet um 13 Uhr statt. Doch der SpVgg-Tag beginnt schon fr\u00fcher&#8230;<\/p>\n<p><strong> Vor dem Spiel: Au\u00dferordentliche Mitgliederversammlung<\/strong><\/p>\n<p>Denn um 10:30 Uhr sind alle Mitglieder des Verein zu einer au\u00dferordentlichen Versammlung im Sportheim eingeladen. Thema ist die Aufstockung des Geb\u00e4udes, welche zus\u00e4tzliche R\u00e4umlichkeiten f\u00fcr Spielbetrieb und Jugendarbeit schaffen soll.<\/p>\n","protected":false},"excerpt":{"rendered":"<p>Morgen, Sonntag, 1. August 2010, ist es soweit: Nach \u00fcber einem Jahrzehnt Abwesenheit und genau 50 Jahre nach dem legend\u00e4ren Aufstieg in die Zweite Amateurliga kehrt die SpVgg Goldkronach auf die B\u00fchne der Kreisklasse zur\u00fcck. Die Gronicher er\u00f6ffnen dann zu Hause die neue Saison 2010\/11 mit den Heimspielen gegen den SV Ramsenthal. Um 15 Uhr [&hellip;]<\/p>\n","protected":false},"author":1,"featured_media":0,"comment_status":"open","ping_status":"closed","sticky":false,"template":"","format":"standard","meta":{"footnotes":""},"categories":[5,11,12,1],"tags":[36,20,34,18,35,37],"class_list":["post-457","post","type-post","status-publish","format-standard","hentry","category-1-mannschaft","category-fussball","category-veranstaltungen","category-verein","tag-ausbau","tag-kreisklasse","tag-reserve","tag-saisonstart","tag-sportheim","tag-versammlung"],"_links":{"self":[{"href":"https:\/\/spvgg-goldkronach.com\/1946\/wp-json\/wp\/v2\/posts\/457","targetHints":{"allow":["GET"]}}],"collection":[{"href":"https:\/\/spvgg-goldkronach.com\/1946\/wp-json\/wp\/v2\/posts"}],"about":[{"href":"https:\/\/spvgg-goldkronach.com\/1946\/wp-json\/wp\/v2\/types\/post"}],"author":[{"embeddable":true,"href":"https:\/\/spvgg-goldkronach.com\/1946\/wp-json\/wp\/v2\/users\/1"}],"replies":[{"embeddable":true,"href":"https:\/\/spvgg-goldkronach.com\/1946\/wp-json\/wp\/v2\/comments?post=457"}],"version-history":[{"count":3,"href":"https:\/\/spvgg-goldkronach.com\/1946\/wp-json\/wp\/v2\/posts\/457\/revisions"}],"predecessor-version":[{"id":2360,"href":"https:\/\/spvgg-goldkronach.com\/1946\/wp-json\/wp\/v2\/posts\/457\/revisions\/2360"}],"wp:attachment":[{"href":"https:\/\/spvgg-goldkronach.com\/1946\/wp-json\/wp\/v2\/media?parent=457"}],"wp:term":[{"taxonomy":"category","embeddable":true,"href":"https:\/\/spvgg-goldkronach.com\/1946\/wp-json\/wp\/v2\/categories?post=457"},{"taxonomy":"post_tag","embeddable":true,"href":"https:\/\/spvgg-goldkronach.com\/1946\/wp-json\/wp\/v2\/tags?post=457"}],"curies":[{"name":"wp","href":"https:\/\/api.w.org\/{rel}","templated":true}]}}