{"id":4272,"date":"2015-10-27T09:04:09","date_gmt":"2015-10-27T08:04:09","guid":{"rendered":"http:\/\/spvgg-goldkronach.com\/1946\/?p=4272"},"modified":"2015-10-29T16:05:38","modified_gmt":"2015-10-29T15:05:38","slug":"gronicher-remis-konige-spielen-33-gegen-den-fsv","status":"publish","type":"post","link":"https:\/\/spvgg-goldkronach.com\/1946\/2015\/10\/gronicher-remis-konige-spielen-33-gegen-den-fsv\/","title":{"rendered":"Gronicher Remis-K\u00f6nige spielen 3:3 gegen den FSV"},"content":{"rendered":"<p><strong>Jetzt sind die Gronicher endg\u00fcltig die Remis-K\u00f6nige der Kreisklasse: Sechs Unentschieden aus 14 Spielen stehen nach dem 3:3 gegen den FSV Bayreuth II zu Buche. Auch zur Kerwa gab es wieder ein fu\u00dfballerisches Spektakel an der Kronach, nach dem sich die SpVgg auf Tabellenplatz sieben wiederfindet. <\/strong><\/p>\n<div id=\"attachment_4061\" style=\"width: 310px\" class=\"wp-caption alignleft\"><img loading=\"lazy\" decoding=\"async\" aria-describedby=\"caption-attachment-4061\" class=\"size-medium wp-image-4061\" src=\"https:\/\/spvgg-goldkronach.com\/1946\/wp-content\/uploads\/2015\/08\/web11-300x215.jpg\" alt=\"Daniel Oberst und Sebastian Katholing jubeln.\" width=\"300\" height=\"215\" srcset=\"https:\/\/spvgg-goldkronach.com\/1946\/wp-content\/uploads\/2015\/08\/web11-300x215.jpg 300w, https:\/\/spvgg-goldkronach.com\/1946\/wp-content\/uploads\/2015\/08\/web11.jpg 320w\" sizes=\"auto, (max-width: 300px) 100vw, 300px\" \/><p id=\"caption-attachment-4061\" class=\"wp-caption-text\">Spektakel an der Kronach: Drei Treffer gab&#039;s zu bejubeln \u2013 leider auch drei Gegentore zu betrauern.<\/p><\/div>\n<p>In einer abwechslungsreichen und von Torchancen auf beiden Seiten gepr\u00e4gten Partie boten beide Mannschaften den Zuschauern ein Spiel von hohem Unterhaltungswert. Verpassten die Bayreuther in der ersten H\u00e4lfte eine Reihe von guten Chancen f\u00fcr eine deutliche F\u00fchrung, konnten sie sich nach Spielschluss bei ihren Keeper Spindler f\u00fcr die letztendlich gerechte Punkteteilung bedanken.<\/p>\n<p><strong>Aggressives Pressing<\/strong><\/p>\n<p>Wie erwartet gingen die G\u00e4ste von Beginn an ein extrem hohes Tempo und zeigten gekonntes Kurzpassspiel. W\u00e4hrend sich unsere Jungs aufs Verteidigen konzentrieren mussten, gab es f\u00fcr die G\u00e4ste etliche gute M\u00f6glichkeiten. Unsere Elf, die in der Abwehr kr\u00e4ftig umbauen musste, konnte kaum die Ordnung in der Defensive halten. Das Fehlen von Max Rabenstein merkte man deutlich. Insbesondere den agilen Schreiner-Schelhorn bekamen Jojo Schullerus und seine Nebenleute nicht in den Griff.<\/p>\n<p>Der St\u00fcrmer hatte die erste Gro\u00dfchance als er aus relativ spitzem Winkel abzog. Matthias Liebeton konnte gerade noch per Fu\u00df abwehren. Die darauffolgende Ecke brachte jedoch den F\u00fchrungstreffer. Der Bezirksligaspieler Nagel setzte sich im Kopfball durch und lie\u00df Matze Liebeton keine Chance (20.). Auch danach rollte Angriff auf Angriff in Richtung unseres Tores. Durch das aggressive Pressing der G\u00e4ste konnten wir nach vorne kaum Akzente setzen. Einzig ein Schuss von Fabi Blechschmidt strich knapp vorbei. Schreiner-Schelhorn hatte zweimal die Gelegenheit auf dem Fu\u00df, um das Ergebnis f\u00fcr die Wagnerst\u00e4dter in die H\u00f6he zu schrauben. Ein Schuss verfehlte sein Ziel knapp, der zweite klatschte an den Pfosten.<\/p>\n<p><strong>Mertins&#8216; wuchtiger Kopfsto\u00df<\/strong><\/p>\n<p>Als alle auf den zweiten Treffer der Bezirksligareserve warteten, setzte Fabi Blechschmidt \u00fcber rechts zu einem Solo an und d\u00fcpierte mehrere Gegenspieler. Seinen Pass von der Grundlinie aus vor das Tor h\u00e4mmerte Basti Katholing zum \u00fcberraschenden Ausgleich ins Dreieck (26.). Es folgten w\u00fctende Angriffe der G\u00e4ste. In der 30. Minute stand Schreiner-Schelhorn nach einem gelungenen Doppelpass alleine vor Liebeton und traf zur erneuten G\u00e4stef\u00fchrung. Nach einem Foul an Schwarzer musste der gute Schiedsrichter auf den omin\u00f6sen Punkt zeigen. Liebeton ahnte zwar die Ecke, aber Nagel setzte die Kugel an den Pfosten. Mehrere Nachschussm\u00f6glichkeiten konnten abgeblockt werden. Und weiter rollten die Angriffe auf unser Tor. Die Abwehr schien mehrmals ungeordnet und \u00fcberfordert. Niemand h\u00e4tte sich beschweren d\u00fcrfen, h\u00e4tte es 1:4 oder h\u00f6her f\u00fcr den Gast gestanden. Unmittelbar vor der Pause tankte sich erneut Fabi Blechschmidt -diesmal \u00fcber links &#8211; durch und wurde von den Beinen geholt. Den f\u00e4lligen Strafsto\u00df verwandelte Basti Katholing eiskalt zum gl\u00fccklichen Ausgleich.<\/p>\n<div id=\"attachment_3049\" style=\"width: 310px\" class=\"wp-caption alignright\"><a href=\"https:\/\/spvgg-goldkronach.com\/1946\/wp-content\/uploads\/2014\/08\/nick_web.jpg\"><img loading=\"lazy\" decoding=\"async\" aria-describedby=\"caption-attachment-3049\" class=\"size-medium wp-image-3049\" src=\"https:\/\/spvgg-goldkronach.com\/1946\/wp-content\/uploads\/2014\/08\/nick_web-300x259.jpg\" alt=\"Nick Mertins\" width=\"300\" height=\"259\" srcset=\"https:\/\/spvgg-goldkronach.com\/1946\/wp-content\/uploads\/2014\/08\/nick_web-300x259.jpg 300w, https:\/\/spvgg-goldkronach.com\/1946\/wp-content\/uploads\/2014\/08\/nick_web.jpg 500w\" sizes=\"auto, (max-width: 300px) 100vw, 300px\" \/><\/a><p id=\"caption-attachment-3049\" class=\"wp-caption-text\">Nick Mertins traf per Kopf.<\/p><\/div>\n<p>Zur zweiten H\u00e4lfte stellte Trainer Sommerer um. F\u00fcr Jojo Schullerus r\u00fcckte Steffen Zinke in die Innenverteidigung. Alex Arndt sollte f\u00fcr mehr Druck nach vorne sorgen. Der Wechsel tat unserem Spiel gut. Die Partie wurde ausgeglichener und unser Jungs zeigten endlich, dass auch sie Fu\u00dfballspielen k\u00f6nnen. Das dickste Brett hatten jedoch zun\u00e4chst die G\u00e4ste, als Nagel einen Flugkopfball an den Pfosten setzte. Zum dritten Mal stand Aluminium dem Torjubel der Rotschwarzen im Weg. Aber unsere Jungs kombinierten gegen die nicht immer sattelfeste G\u00e4stedeckung\u00a0 immer\u00a0 besser.\u00a0 Fehlte\u00a0 zun\u00e4chst\u00a0 noch die\u00a0 Pr\u00e4zision f\u00fcr den letzten Pass, musste eine Standardsituation f\u00fcr die F\u00fchrung herhalten. Nick Mertins stieg nach einer Katholing-Ecke am h\u00f6chsten. Gegen seinen wuchtigen Kopfball hatte der etatm\u00e4\u00dfige Bezirksliga-Keeper keine Chance. Die Kugel schlug links oben ein (66.).<\/p>\n<p><strong>F\u00fcnftes Remis im sechsten Spiel<br \/>\n<\/strong><\/p>\n<p><strong><\/strong>Die Freude hielt wieder nur kurz. Nagel konnte sich vor unserem Strafraum gegen mehrere Gelgenspieler durchsetzen und f\u00fcr Belousow auflegen. Gegen dessen Schuss aus 12 Metern war Liebeton machtlos. Und der offene Schlagabtausch ging weiter. Allerdings lie\u00dfen nun wir zu viele Gro\u00dfchancen liegen. Zweimal steuerte Daniel Oberst auf Spindler zu. Wie auch sp\u00e4ter gegen Vogel blieb der Keeper jeweils Sieger. Nur eine der drei Hundertprozentigen h\u00e4tte verwandelt werden m\u00fcssen und wir w\u00e4ren als lachender Sieger vom Platz gegangen. Nach 93 Minuten beendete der sehr gute Schiedsrichter G\u00fcnd\u00fcz aus Mainleus die Partie, in der unsere Elf wieder viel Spektakel und Fu\u00dfball auf hohem Kreisklassenniveau bot.<\/p>\n<p>Das Endergebnis ist etwas zwiesp\u00e4ltig. Unser Ex-Trainer Matthias Bauer trauerte den vielen vergebenen Gelegenheiten seiner Elf im ersten Abschnitt nach. Unsere Anh\u00e4nger h\u00e4tten sich gew\u00fcnscht, dass eine der drei Gro\u00dfchancen am Spielende verwandelt worden w\u00e4re. Seit sechs Partien sind wir nun sieglos, haben dabei aber immerhin f\u00fcnf Unentschieden geholt. Das gibt bislang den siebten Tabellenplatz mit 21 Punkten, einen mehr als das erkl\u00e4rte Ziel zum Vorrundenende. Die n\u00e4chste Gelegenheit um die Bilanz zu verbessern bietet sich heute gegen unsere Freunde aus Kirchenpingarten. Aber Vorsicht, die Frankenp\u00e4lzer reisen mit der Empfehlung eines 9:0-Sieges \u00fcber Schreez an.<\/p>\n","protected":false},"excerpt":{"rendered":"<p>Jetzt sind die Gronicher endg\u00fcltig die Remis-K\u00f6nige der Kreisklasse: Sechs Unentschieden aus 14 Spielen stehen nach dem 3:3 gegen den FSV Bayreuth II zu Buche. Auch zur Kerwa gab es wieder ein fu\u00dfballerisches Spektakel an der Kronach, nach dem sich die SpVgg auf Tabellenplatz sieben wiederfindet. In einer abwechslungsreichen und von Torchancen auf beiden Seiten [&hellip;]<\/p>\n","protected":false},"author":2,"featured_media":3960,"comment_status":"open","ping_status":"closed","sticky":false,"template":"","format":"standard","meta":{"footnotes":""},"categories":[5],"tags":[440,445,105,446,362,38,628],"class_list":["post-4272","post","type-post","status-publish","format-standard","has-post-thumbnail","hentry","category-1-mannschaft","tag-bauer","tag-blechschmidt","tag-fsv-bayreuth","tag-katholing","tag-mertins","tag-remis","tag-spektakel"],"_links":{"self":[{"href":"https:\/\/spvgg-goldkronach.com\/1946\/wp-json\/wp\/v2\/posts\/4272","targetHints":{"allow":["GET"]}}],"collection":[{"href":"https:\/\/spvgg-goldkronach.com\/1946\/wp-json\/wp\/v2\/posts"}],"about":[{"href":"https:\/\/spvgg-goldkronach.com\/1946\/wp-json\/wp\/v2\/types\/post"}],"author":[{"embeddable":true,"href":"https:\/\/spvgg-goldkronach.com\/1946\/wp-json\/wp\/v2\/users\/2"}],"replies":[{"embeddable":true,"href":"https:\/\/spvgg-goldkronach.com\/1946\/wp-json\/wp\/v2\/comments?post=4272"}],"version-history":[{"count":2,"href":"https:\/\/spvgg-goldkronach.com\/1946\/wp-json\/wp\/v2\/posts\/4272\/revisions"}],"predecessor-version":[{"id":4274,"href":"https:\/\/spvgg-goldkronach.com\/1946\/wp-json\/wp\/v2\/posts\/4272\/revisions\/4274"}],"wp:featuredmedia":[{"embeddable":true,"href":"https:\/\/spvgg-goldkronach.com\/1946\/wp-json\/wp\/v2\/media\/3960"}],"wp:attachment":[{"href":"https:\/\/spvgg-goldkronach.com\/1946\/wp-json\/wp\/v2\/media?parent=4272"}],"wp:term":[{"taxonomy":"category","embeddable":true,"href":"https:\/\/spvgg-goldkronach.com\/1946\/wp-json\/wp\/v2\/categories?post=4272"},{"taxonomy":"post_tag","embeddable":true,"href":"https:\/\/spvgg-goldkronach.com\/1946\/wp-json\/wp\/v2\/tags?post=4272"}],"curies":[{"name":"wp","href":"https:\/\/api.w.org\/{rel}","templated":true}]}}