{"id":4218,"date":"2015-10-15T17:15:22","date_gmt":"2015-10-15T15:15:22","guid":{"rendered":"http:\/\/spvgg-goldkronach.com\/1946\/?p=4218"},"modified":"2015-10-15T17:15:22","modified_gmt":"2015-10-15T15:15:22","slug":"treffen-der-uberraschungsteams-so-lauft-das-gronicher-fusball-wochenende","status":"publish","type":"post","link":"https:\/\/spvgg-goldkronach.com\/1946\/2015\/10\/treffen-der-uberraschungsteams-so-lauft-das-gronicher-fusball-wochenende\/","title":{"rendered":"Treffen der \u00dcberraschungsteams: So l\u00e4uft das Gronicher Fu\u00dfball-Wochenende"},"content":{"rendered":"<p><strong>Volles Programm auch an diesem Wochenende, doch nur ein einziges Heimspiel: Alleine die U9 spielt am kommenden Spieltag zu Hause, ansonsten m\u00fcssen alle Teams der Goldkronacher Fu\u00dfballfamilie ausw\u00e4rts ran. H\u00f6hepunkt ist am Sonntag das Spiel der Ersten beim SV Schreez.<br \/>\n<\/strong><\/p>\n<div id=\"attachment_4165\" style=\"width: 310px\" class=\"wp-caption alignleft\"><img loading=\"lazy\" decoding=\"async\" aria-describedby=\"caption-attachment-4165\" class=\"size-medium wp-image-4165\" title=\"SpVgg Goldkronach: Stefan Sommerer\" src=\"https:\/\/spvgg-goldkronach.com\/1946\/wp-content\/uploads\/2015\/10\/coach_700px-300x218.jpg\" alt=\"SpVgg Goldkronach: Stefan Sommerer\" width=\"300\" height=\"218\" srcset=\"https:\/\/spvgg-goldkronach.com\/1946\/wp-content\/uploads\/2015\/10\/coach_700px-300x218.jpg 300w, https:\/\/spvgg-goldkronach.com\/1946\/wp-content\/uploads\/2015\/10\/coach_700px.jpg 700w\" sizes=\"auto, (max-width: 300px) 100vw, 300px\" \/><p id=\"caption-attachment-4165\" class=\"wp-caption-text\">Gelingt der Elf von Trainer Stefan Sommerer wieder einmal ein Dreier?<\/p><\/div>\n<p>Das letzte Treffen mit dem SVS ist gar nicht lange her: Am 10. Juni 2015 standen sich die beiden Vizemeister der A-Klassen im Relegationsspiel um den Kreisklassen-Aufstieg gegen\u00fcber. Vor 400 Zuschauern setzten sich die Gronicher knapp mit 2:1 durch, die Schreezer zogen in einem weiteren Relegationsspiel wenig sp\u00e4ter nach. Auch eine Klasse h\u00f6her sorgten beide Teams f\u00fcr Furore und mauserten sich zu den bisherigen \u00dcberraschungsteams der Liga. Die Schreezer zeigten sich dabei sogar noch erfolgreicher als die SpVgg und stehen derzeit mit 25 Punkten aus zw\u00f6lf Spielen auf dem vierten Tabellenplatz.<\/p>\n<p>Dabei pr\u00e4sentieren sich die Gastgeber vom Sonntag als Mannschaft, die kaum Schw\u00e4chen aufzuweisen scheint. Die Abwehr steht, gemessen an der Gegentorzahl in einer sehr torreichen Liga, vergleichsweise sicher und vorne sorgen Andre Band und Sebastian Meyer f\u00fcr die n\u00f6tigen Tore \u2013 bereits 26 erzielte der SVS an den ersten zw\u00f6lf Spieltagen. F\u00fcr die SpVgg blieb der Abstand zur Gefahrenzone in den letzten Spielen konstant gro\u00df, so dass auch die derzeit auf Rang sieben postierten Gronicher ohne Druck in die Partie gehen k\u00f6nnen. Ansto\u00df am Sonntag in Schreez ist um 15 Uhr. Die Reserve spielt aufgrund des Oktoberfestes beim SV Seybothenreuth bereits am Samstagmittag um 12 Uhr beim Ligafavoriten.<\/p>\n<p><span style=\"text-decoration: underline;\">Freitag, 16. Oktober<\/span><\/p>\n<ul>\n<li>17:00 Uhr: Sportring Bayreuth \u2013 SpVgg Goldkronach (U11)<\/li>\n<\/ul>\n<p><span style=\"text-decoration: underline;\">Samstag, 17. Oktober<\/span><\/p>\n<ul>\n<li>10:00 Uhr: SpVgg Goldkronach \u2013 SC Kreuz Bayreuth (U9)<\/li>\n<li>11:30 Uhr: TSV Kirchenlaibach \u2013 JFG Fichtelgebirge (U13)<\/li>\n<li>12:00 Uhr: SV Seybothenreuth II \u2013 SpVgg Goldkronach II<\/li>\n<li>12:00 Uhr: SV Memmelsdorf II \u2013 JFG Fichtelgebirge (U17)<\/li>\n<li>14:00 Uhr: JFG Bayreuth-West\/\u200bNeub\u00fcrg \u2013 JFG Fichtelgebirge (U19)<\/li>\n<\/ul>\n<p><span style=\"text-decoration: underline;\">Sonntag, 18. Oktober<\/span><\/p>\n<ul>\n<li>10:30 Uhr: JFG Bayreuth-West\/\u200bNeub\u00fcrg \u2013 JFG Fichtelgebirge (U15)<\/li>\n<li>15:00 Uhr: SV Schreez \u2013 SpVgg Goldkronach<\/li>\n<\/ul>\n","protected":false},"excerpt":{"rendered":"<p>Volles Programm auch an diesem Wochenende, doch nur ein einziges Heimspiel: Alleine die U9 spielt am kommenden Spieltag zu Hause, ansonsten m\u00fcssen alle Teams der Goldkronacher Fu\u00dfballfamilie ausw\u00e4rts ran. H\u00f6hepunkt ist am Sonntag das Spiel der Ersten beim SV Schreez. Das letzte Treffen mit dem SVS ist gar nicht lange her: Am 10. Juni 2015 [&hellip;]<\/p>\n","protected":false},"author":1,"featured_media":3891,"comment_status":"open","ping_status":"closed","sticky":false,"template":"","format":"standard","meta":{"footnotes":""},"categories":[5,7,6],"tags":[597,627],"class_list":["post-4218","post","type-post","status-publish","format-standard","has-post-thumbnail","hentry","category-1-mannschaft","category-junioren","category-2-mannschaft","tag-schreez","tag-seybothenreuth"],"_links":{"self":[{"href":"https:\/\/spvgg-goldkronach.com\/1946\/wp-json\/wp\/v2\/posts\/4218","targetHints":{"allow":["GET"]}}],"collection":[{"href":"https:\/\/spvgg-goldkronach.com\/1946\/wp-json\/wp\/v2\/posts"}],"about":[{"href":"https:\/\/spvgg-goldkronach.com\/1946\/wp-json\/wp\/v2\/types\/post"}],"author":[{"embeddable":true,"href":"https:\/\/spvgg-goldkronach.com\/1946\/wp-json\/wp\/v2\/users\/1"}],"replies":[{"embeddable":true,"href":"https:\/\/spvgg-goldkronach.com\/1946\/wp-json\/wp\/v2\/comments?post=4218"}],"version-history":[{"count":4,"href":"https:\/\/spvgg-goldkronach.com\/1946\/wp-json\/wp\/v2\/posts\/4218\/revisions"}],"predecessor-version":[{"id":4222,"href":"https:\/\/spvgg-goldkronach.com\/1946\/wp-json\/wp\/v2\/posts\/4218\/revisions\/4222"}],"wp:featuredmedia":[{"embeddable":true,"href":"https:\/\/spvgg-goldkronach.com\/1946\/wp-json\/wp\/v2\/media\/3891"}],"wp:attachment":[{"href":"https:\/\/spvgg-goldkronach.com\/1946\/wp-json\/wp\/v2\/media?parent=4218"}],"wp:term":[{"taxonomy":"category","embeddable":true,"href":"https:\/\/spvgg-goldkronach.com\/1946\/wp-json\/wp\/v2\/categories?post=4218"},{"taxonomy":"post_tag","embeddable":true,"href":"https:\/\/spvgg-goldkronach.com\/1946\/wp-json\/wp\/v2\/tags?post=4218"}],"curies":[{"name":"wp","href":"https:\/\/api.w.org\/{rel}","templated":true}]}}