{"id":4121,"date":"2015-09-17T07:00:49","date_gmt":"2015-09-17T05:00:49","guid":{"rendered":"http:\/\/spvgg-goldkronach.com\/1946\/?p=4121"},"modified":"2015-09-16T18:48:15","modified_gmt":"2015-09-16T16:48:15","slug":"fichtelgebirgs-schlager-in-weidenberg-so-lauft-das-gronicher-fusball-wochenende","status":"publish","type":"post","link":"https:\/\/spvgg-goldkronach.com\/1946\/2015\/09\/fichtelgebirgs-schlager-in-weidenberg-so-lauft-das-gronicher-fusball-wochenende\/","title":{"rendered":"Fichtelgebirgs-Schlager in Weidenberg: So l\u00e4uft das Gronicher Fu\u00dfball-Wochenende!"},"content":{"rendered":"<p><strong>Am Wochenende sind nun erstmals auch alle Jugendteams im Spielbetrieb \u2013 das sorgt f\u00fcr ein pickepackevolles Fu\u00dfball-Programm bei den Gronichern. H\u00f6hepunkt ist dabei sicherlich der Fichtelgebirgs-Schlager in der Kreisklasse, der am Sonntag um 15 Uhr beim SV Weidenberg steigt.<\/strong><\/p>\n<div id=\"attachment_4061\" style=\"width: 310px\" class=\"wp-caption alignleft\"><img loading=\"lazy\" decoding=\"async\" aria-describedby=\"caption-attachment-4061\" class=\"size-medium wp-image-4061\" title=\"Daniel Oberst und Sebastian Katholing jubeln.\" src=\"https:\/\/spvgg-goldkronach.com\/1946\/wp-content\/uploads\/2015\/08\/web11-300x215.jpg\" alt=\"Daniel Oberst und Sebastian Katholing jubeln.\" width=\"300\" height=\"215\" srcset=\"https:\/\/spvgg-goldkronach.com\/1946\/wp-content\/uploads\/2015\/08\/web11-300x215.jpg 300w, https:\/\/spvgg-goldkronach.com\/1946\/wp-content\/uploads\/2015\/08\/web11.jpg 320w\" sizes=\"auto, (max-width: 300px) 100vw, 300px\" \/><p id=\"caption-attachment-4061\" class=\"wp-caption-text\">Folgt der n\u00e4chste Ausw\u00e4rts-Streich?<\/p><\/div>\n<p>Los geht es aber schon am Freitag, lohnen k\u00f6nnte sich hier ein Abstecher zum Jugendspiel in der C-Junioren-Kreisliga. In Bad Berneck empf\u00e4ngt die JFG Fichtelgebirge um 18 Uhr den FSV Bayreuth. Am sp\u00e4ten Samstagvormittag geht es dann mit dem ersten Heimspiel unserer E-Junioren weiter. Der Anpfiff der Partie gegen den Bayreuther Sportring ert\u00f6nt um 11 Uhr an der Kronach. A- und B-Junioren m\u00fcssen jeweils Ausw\u00e4rts ran und haben dort (JFG Mainauen bzw. die frisch fusionierte JFG Bayreuth-West\/Neub\u00fcrg) anspruchsvolle Aufgaben vor sich.<\/p>\n<p><strong>Erste am Sonntag, 15 Uhr, beim SV Weidenberg<\/strong><\/p>\n<p>Der Sonntagnachmittag steht dann im Zeichen eines Klassikers im Fichtelgebirge: Der SV Weidenberg empf\u00e4ngt die Gronicher um 15 Uhr zum Duell der ersten Mannschaften in der Kreisklasse (Vorspiel Reserven um 13 Uhr). W\u00e4hrend die SpVgg verh\u00e4ltnism\u00e4\u00dfig locker an die Warme Steinach reisen k\u00f6nnen, steht die Heimmannschaft schon etwas unter Druck. Die Elf von Neu-Coach Johannes Wauter, im Vorjahr noch in der Landesliga beim BSC Saas aktiv, droht sich mit zwei Punkten aus acht Spielen am Tabellenende einzunisten.<\/p>\n<p>Umso mehr wird Weidenberg alles daran setzen, in diesem Heimspiel zu punkten. Die Goldkronacher sollten also gewarnt sein \u2013 das 1:1 gegen den Sportring am vorletzten Spieltag und der trotz Niederlage ansprechende Auftritt beim SV Schreez am vergangenen Sonntag legen eine ansteigende Form nahe. Der letzte Sieg der Weidenberger in diesem Duell datiert \u00fcbrigens vom 2. September 2012. Damals verlor die SpVgg nach ihrem fr\u00fchen F\u00fchrungstreffer noch mit 1:2 beim SVW, der zu diesem Zeitpunkt vom heutigen Goldkronacher Chefcoach Stefan Sommerer trainiert wurde.<\/p>\n<p><strong>Die Spiele in der \u00dcbersicht<\/strong><\/p>\n<p><span style=\"text-decoration: underline;\">Freitag, 18. September<\/span><\/p>\n<ul>\n<li><strong><\/strong>17:00 Uhr: SG Bischofsgr\u00fcn\/Fichtelberg\/Mehlmeisel\/Warmensteinach \u2013 JFG Fichtelgebirge II (U13-Kreisgruppe, beim TSV Bischofsgr\u00fcn)<\/li>\n<li>18:00 Uhr: JFG Fichtelgebirge \u2013 FSV Bayreuth (U15-Kreisliga, beim TSV Bad Berneck)<\/li>\n<li>18:30 Uhr: JFG Rauhe Ebrach Frensdorf \u2013 JFG Fichtelgebirge (U13-Kreisliga, beim SV Reundorf)<\/li>\n<\/ul>\n<p><span style=\"text-decoration: underline;\">Samstag, 19. September<\/span><\/p>\n<ul>\n<li>11:00 Uhr: SpVgg Goldkronach \u2013 Sportring Bayreuth (U11-Kreisgruppe)<\/li>\n<li>12:00 Uhr: SC Kreuz Bayreuth \u2013 SpVgg Goldkronach (U9-Kreisgruppe)<\/li>\n<li>13:30 Uhr: JFG Bayreuth-West\/\u200bNeub\u00fcrg \u2013 JFG Fichtelgebirge (U17-Kreisliga, beim SV Mistelgau)<\/li>\n<li>17:00 Uhr: JFG Bayreuth Mainauen \u2013 JFG Fichtelgebirge (U19-Kreisliga, beim BSC Saas Bayreuth)<\/li>\n<\/ul>\n<p><span style=\"text-decoration: underline;\">Sonntag, 20. September<\/span><\/p>\n<ul>\n<li>10:30 Uhr: JFG Steinachtal \u2013 JFG Fichtelgebirge II (U17-Kreisgruppe, beim TSV Rugendorf)<\/li>\n<li>13:00 Uhr: SV Weidenberg II \u2013 SpVgg Goldkronach II (B-Klasse)<\/li>\n<li>15:00 Uhr: SV Weidenberg \u2013 SpVgg Goldkronach (Kreisklasse)<\/li>\n<\/ul>\n","protected":false},"excerpt":{"rendered":"<p>Am Wochenende sind nun erstmals auch alle Jugendteams im Spielbetrieb \u2013 das sorgt f\u00fcr ein pickepackevolles Fu\u00dfball-Programm bei den Gronichern. H\u00f6hepunkt ist dabei sicherlich der Fichtelgebirgs-Schlager in der Kreisklasse, der am Sonntag um 15 Uhr beim SV Weidenberg steigt. Los geht es aber schon am Freitag, lohnen k\u00f6nnte sich hier ein Abstecher zum Jugendspiel in [&hellip;]<\/p>\n","protected":false},"author":1,"featured_media":4123,"comment_status":"open","ping_status":"closed","sticky":false,"template":"","format":"standard","meta":{"footnotes":""},"categories":[5,7,6],"tags":[259,105,54,589,620,72],"class_list":["post-4121","post","type-post","status-publish","format-standard","has-post-thumbnail","hentry","category-1-mannschaft","category-junioren","category-2-mannschaft","tag-fichtelgebirge","tag-fsv-bayreuth","tag-jfg-fichtelgebirge","tag-klassiker","tag-sportring-bayreuth","tag-weidenberg"],"_links":{"self":[{"href":"https:\/\/spvgg-goldkronach.com\/1946\/wp-json\/wp\/v2\/posts\/4121","targetHints":{"allow":["GET"]}}],"collection":[{"href":"https:\/\/spvgg-goldkronach.com\/1946\/wp-json\/wp\/v2\/posts"}],"about":[{"href":"https:\/\/spvgg-goldkronach.com\/1946\/wp-json\/wp\/v2\/types\/post"}],"author":[{"embeddable":true,"href":"https:\/\/spvgg-goldkronach.com\/1946\/wp-json\/wp\/v2\/users\/1"}],"replies":[{"embeddable":true,"href":"https:\/\/spvgg-goldkronach.com\/1946\/wp-json\/wp\/v2\/comments?post=4121"}],"version-history":[{"count":7,"href":"https:\/\/spvgg-goldkronach.com\/1946\/wp-json\/wp\/v2\/posts\/4121\/revisions"}],"predecessor-version":[{"id":4130,"href":"https:\/\/spvgg-goldkronach.com\/1946\/wp-json\/wp\/v2\/posts\/4121\/revisions\/4130"}],"wp:featuredmedia":[{"embeddable":true,"href":"https:\/\/spvgg-goldkronach.com\/1946\/wp-json\/wp\/v2\/media\/4123"}],"wp:attachment":[{"href":"https:\/\/spvgg-goldkronach.com\/1946\/wp-json\/wp\/v2\/media?parent=4121"}],"wp:term":[{"taxonomy":"category","embeddable":true,"href":"https:\/\/spvgg-goldkronach.com\/1946\/wp-json\/wp\/v2\/categories?post=4121"},{"taxonomy":"post_tag","embeddable":true,"href":"https:\/\/spvgg-goldkronach.com\/1946\/wp-json\/wp\/v2\/tags?post=4121"}],"curies":[{"name":"wp","href":"https:\/\/api.w.org\/{rel}","templated":true}]}}