{"id":3974,"date":"2015-07-21T17:27:45","date_gmt":"2015-07-21T15:27:45","guid":{"rendered":"http:\/\/spvgg-goldkronach.com\/1946\/?p=3974"},"modified":"2015-07-22T15:37:15","modified_gmt":"2015-07-22T13:37:15","slug":"10-jahre-jfg-fichtelgebirge-fest-am-samstag-in-goldkronach","status":"publish","type":"post","link":"https:\/\/spvgg-goldkronach.com\/1946\/2015\/07\/10-jahre-jfg-fichtelgebirge-fest-am-samstag-in-goldkronach\/","title":{"rendered":"10 Jahre JFG Fichtelgebirge: Fest am Samstag in Goldkronach"},"content":{"rendered":"<div id=\"attachment_3922\" style=\"width: 310px\" class=\"wp-caption alignleft\"><img loading=\"lazy\" decoding=\"async\" aria-describedby=\"caption-attachment-3922\" class=\"size-medium wp-image-3922\" title=\"C-Junioren Kreisligameister 2009: JFG Fichtelgebirge.\" src=\"https:\/\/spvgg-goldkronach.com\/1946\/wp-content\/uploads\/2015\/06\/oberst_kurier-300x195.jpg\" alt=\"C-Junioren Kreisligameister 2009: JFG Fichtelgebirge.\" width=\"300\" height=\"195\" srcset=\"https:\/\/spvgg-goldkronach.com\/1946\/wp-content\/uploads\/2015\/06\/oberst_kurier-300x195.jpg 300w, https:\/\/spvgg-goldkronach.com\/1946\/wp-content\/uploads\/2015\/06\/oberst_kurier.jpg 700w\" sizes=\"auto, (max-width: 300px) 100vw, 300px\" \/><p id=\"caption-attachment-3922\" class=\"wp-caption-text\">Im Jahr 2009 stiegen U17 und U15 in die BOL auf.<\/p><\/div>\n<p><strong>Im Fr\u00fchjahr 2005 wurde die JFG Fichtelgebirge gegr\u00fcndet, im Sommer nahmen die Teams unter diesem Namen den Spielbetrieb auf. Zehn Jahre sind seither vergangen, Meisterschaften errungen, Hallenturniere gespielt worden. Die Erfolgsgeschichte JFG feiert Jubil\u00e4um \u2013 am kommenden Samstag, 27. Juli, auf dem Sportgel\u00e4nde der SpVgg.<\/strong><\/p>\n<p>Traditionsverein \u2013 so nennt sich die SpVgg gerne, und das zurecht, denn der in der Zwischenkriegszeit als Arbeitersportklub gegr\u00fcndete Verein hat viel erlebt. 2005 wurde ein neues Kapitel aufgeschlagen: Um dem demographisch begr\u00fcndeten Nachwuchsmangel zu begegnen, schloss sich die Jugendabteilung der Gronicher ab den D-Junioren mit den Nachbarn aus Bad Berneck und Dressendorf zusammen. Dass eine derartige Erfolgsstory daraus entspringen sollte, war kaum abzusehen. Bis in die Bezirksoberliga f\u00fchrte der Weg, alle Altersklassen halten sich seit Jahren mindestens im Oberhaus des Fu\u00dfballkreises Bamberg-Bayreuth, zahlreiche Jugendspieler haben den Sprung in die ersten Mannschaften geschafft.<\/p>\n<p>Mittlerweile ist auch der SV R\u00f6hrenhof an Bord. An ihrem ersten runden Geburtstag ist die JFG schon selbst wieder eine der traditionsreichsten Jugendfu\u00dfball-F\u00f6rdergemeinschaften in der Umgebung. Gefeiert wird die zehnj\u00e4hrige Erfolgsstory nun am <strong>Samstag, 27. Juli, auf dem Sportgel\u00e4nde der SpVgg<\/strong> im Kronachtal. Und zwar so, wie es f\u00fcr die JFG sinnbildlich ist: Ohne gro\u00dfes Festwochenende, aber mit allen, die die Erfolgsgeschichte der letzten Jahre mitgeschrieben haben und die sich zur JFG-Familie zugeh\u00f6rig f\u00fchlen.<\/p>\n<p><strong>Das Programm:<\/strong><\/p>\n<ul>\n<li>12 Uhr: Begr\u00fc\u00dfung durch den Vorsitzenden Matthias Dorner, anschlie\u00dfend Gru\u00dfworte des Schirmerrn Hartmut Koschyk, MdB<\/li>\n<li>13 Uhr: Beginn des Gauditurniers der JFG-Mannschaften (bis ca. 17 Uhr)<\/li>\n<li>anschlie\u00dfend Siegerehrung und gem\u00fctliches Beisammensein<\/li>\n<\/ul>\n<p><strong>Angebote w\u00e4hrend des Nachmittags:<\/strong><\/p>\n<ul>\n<li>Bogenschie\u00dfen mit den Goldkronacher Sch\u00fctzen<\/li>\n<li>Tauziehen<\/li>\n<li>Torwanschie\u00dfen<\/li>\n<li>evtl. Goldwaschen<\/li>\n<\/ul>\n<p><strong>Auf Euer Kommen freut sich die Vorstandschaft der JFG!<\/strong><\/p>\n","protected":false},"excerpt":{"rendered":"<p>Im Fr\u00fchjahr 2005 wurde die JFG Fichtelgebirge gegr\u00fcndet, im Sommer nahmen die Teams unter diesem Namen den Spielbetrieb auf. Zehn Jahre sind seither vergangen, Meisterschaften errungen, Hallenturniere gespielt worden. Die Erfolgsgeschichte JFG feiert Jubil\u00e4um \u2013 am kommenden Samstag, 27. Juli, auf dem Sportgel\u00e4nde der SpVgg. Traditionsverein \u2013 so nennt sich die SpVgg gerne, und das [&hellip;]<\/p>\n","protected":false},"author":1,"featured_media":3922,"comment_status":"open","ping_status":"closed","sticky":false,"template":"","format":"standard","meta":{"footnotes":""},"categories":[7],"tags":[143,54,110,611,59,66,577,610,609,608],"class_list":["post-3974","post","type-post","status-publish","format-standard","has-post-thumbnail","hentry","category-junioren","tag-bad-berneck","tag-jfg-fichtelgebirge","tag-jubilaum","tag-jugendarbeit","tag-nemmersdorf","tag-rohrenhof","tag-u13","tag-u15","tag-u17","tag-u19"],"_links":{"self":[{"href":"https:\/\/spvgg-goldkronach.com\/1946\/wp-json\/wp\/v2\/posts\/3974","targetHints":{"allow":["GET"]}}],"collection":[{"href":"https:\/\/spvgg-goldkronach.com\/1946\/wp-json\/wp\/v2\/posts"}],"about":[{"href":"https:\/\/spvgg-goldkronach.com\/1946\/wp-json\/wp\/v2\/types\/post"}],"author":[{"embeddable":true,"href":"https:\/\/spvgg-goldkronach.com\/1946\/wp-json\/wp\/v2\/users\/1"}],"replies":[{"embeddable":true,"href":"https:\/\/spvgg-goldkronach.com\/1946\/wp-json\/wp\/v2\/comments?post=3974"}],"version-history":[{"count":6,"href":"https:\/\/spvgg-goldkronach.com\/1946\/wp-json\/wp\/v2\/posts\/3974\/revisions"}],"predecessor-version":[{"id":3981,"href":"https:\/\/spvgg-goldkronach.com\/1946\/wp-json\/wp\/v2\/posts\/3974\/revisions\/3981"}],"wp:featuredmedia":[{"embeddable":true,"href":"https:\/\/spvgg-goldkronach.com\/1946\/wp-json\/wp\/v2\/media\/3922"}],"wp:attachment":[{"href":"https:\/\/spvgg-goldkronach.com\/1946\/wp-json\/wp\/v2\/media?parent=3974"}],"wp:term":[{"taxonomy":"category","embeddable":true,"href":"https:\/\/spvgg-goldkronach.com\/1946\/wp-json\/wp\/v2\/categories?post=3974"},{"taxonomy":"post_tag","embeddable":true,"href":"https:\/\/spvgg-goldkronach.com\/1946\/wp-json\/wp\/v2\/tags?post=3974"}],"curies":[{"name":"wp","href":"https:\/\/api.w.org\/{rel}","templated":true}]}}