{"id":3919,"date":"2015-06-20T13:45:49","date_gmt":"2015-06-20T11:45:49","guid":{"rendered":"http:\/\/spvgg-goldkronach.com\/1946\/?p=3919"},"modified":"2015-06-23T14:32:15","modified_gmt":"2015-06-23T12:32:15","slug":"spvgg-bestatigt-erste-neuzugange","status":"publish","type":"post","link":"https:\/\/spvgg-goldkronach.com\/1946\/2015\/06\/spvgg-bestatigt-erste-neuzugange\/","title":{"rendered":"SpVgg best\u00e4tigt erste Neuzug\u00e4nge"},"content":{"rendered":"<p><strong>Die SpVgg Goldkronach steckt mitten in den Vorbereitungen f\u00fcr die Kreisklassen-Saison 2015\/16. Dabei arbeitet der R\u00fcckkehrer aus dem Fichtelgebirge auch an punktuellen Verst\u00e4rkungen der Aufstiegsmannschaft. Die Gronicher best\u00e4tigen nun erste Neuzug\u00e4nge, unter ihnen der 19-j\u00e4hrige Offensivspieler Daniel Oberst. Trainingsauftakt unter dem neuen Coach Stefan Sommerer ist voraussichtlich am Samstag, 27. Juni.<br \/>\n<\/strong><\/p>\n<p>&#8222;Wir alle haben auf den Aufstieg gehofft, aber seri\u00f6s und verbindlich zu planen ist nat\u00fcrlich leichter, wenn alles feststeht&#8220;, erkl\u00e4rt Vorstand Manfred Hautsch die Schwierigkeiten, denen sich die Verantwortlichen gegen\u00fcber sahen. Gerade, dass Trainer Stefan Sommerer bereits fr\u00fchzeitig und unabh\u00e4ngig von der Ligazugeh\u00f6rigkeit sein Wort gab, zeige, dass bei der SpVgg gut gearbeitet werde und die Mannschaft eine Perspektive besitze. Eine gute Woche, nachdem die Gronicher \u00fcber die Relegation den Aufstieg fixiert haben, kann die SpVgg nun auch die ersten Zug\u00e4nge im Spielerkader vermelden.<\/p>\n<p>Vom Nachbarverein ASV Nemmersdorf st\u00f6\u00dft <strong>Daniel Oberst<\/strong> zum Team. Der talentierte St\u00fcrmer kam im abgelaufenen Spieljahr 29-mal in der Kreisklasse zum Einsatz und erzielte dabei acht Tore. Der Youngster entstammt der Jugendarbeit der JFG Fichtelgebirge und trainierte bereits unter Neu-Coach Stefan Sommerer \u2013 durchaus erfolgreich, wie der unten beigef\u00fcgte Zeitungsausschnitt vom 29. Juni 2009 belegt. Damals stiegen beide gemeinsam mit der U15 der JFG in die Bezirksoberliga auf.<\/p>\n<p>Die SpVgg freut sich zudem auf <strong>Sebastian H\u00fcbner<\/strong> vom SV R\u00f6hrenhof. Der Kreisliga-erfahrene Offensivmann steht allerdings berufsbedingt nicht immer zur Verf\u00fcgung. Bereits Erfahrung in der ersten Mannschaft der SpVgg konnten zudem <strong>Lukas Weihrauch<\/strong> und <strong>Fabian Neuner<\/strong> sammeln, die gemeinsam mit <strong>Jannik Walter<\/strong> aus der U19 der JFG Fichtelgebirge aufr\u00fccken, mit der sie in der abgelaufenen Saison einen hervorragenden dritten Platz in der Kreisliga Bamberg-Bayreuth belegten. Zudem werden <strong>Ingo M\u00fcller<\/strong> (R\u00f6hrenhof) und <strong>Nico Zapf<\/strong> (Nemmersdorf) zum Goldkronacher Kader sto\u00dfen. Damit passen die bis dato sicheren Neuzug\u00e4nge voll und ganz in die SpVgg-Philosphie, die gute Mischung im Team mit jungen Kr\u00e4ften aus der direkten Umgebung weiter zu verst\u00e4rken. Die erste Trainingseinheit wird die Mannschaft voraussichtlich am Samstag, 27. Juni, absolvieren. Weitere Infos und Testspieltermine folgen.<\/p>\n<p>Herzlich Willkommen, Daniel, Sebastian, Lukas, Fabian, Jannik, Ingo und Nico!<\/p>\n<div id=\"attachment_3922\" style=\"width: 710px\" class=\"wp-caption aligncenter\"><img loading=\"lazy\" decoding=\"async\" aria-describedby=\"caption-attachment-3922\" class=\"size-full wp-image-3922 \" title=\"C-Junioren Kreisligameister 2009: JFG Fichtelgebirge.\" src=\"https:\/\/spvgg-goldkronach.com\/1946\/wp-content\/uploads\/2015\/06\/oberst_kurier.jpg\" alt=\"C-Junioren Kreisligameister 2009: JFG Fichtelgebirge.\" width=\"700\" height=\"457\" srcset=\"https:\/\/spvgg-goldkronach.com\/1946\/wp-content\/uploads\/2015\/06\/oberst_kurier.jpg 700w, https:\/\/spvgg-goldkronach.com\/1946\/wp-content\/uploads\/2015\/06\/oberst_kurier-300x195.jpg 300w\" sizes=\"auto, (max-width: 700px) 100vw, 700px\" \/><p id=\"caption-attachment-3922\" class=\"wp-caption-text\">Der Nordbayerische Kurier vom Montag, 29. Juni 2009: Die U15 der JFG steigt in die Bezirksoberliga auf.<\/p><\/div>\n<p>&nbsp;<\/p>\n","protected":false},"excerpt":{"rendered":"<p>Die SpVgg Goldkronach steckt mitten in den Vorbereitungen f\u00fcr die Kreisklassen-Saison 2015\/16. Dabei arbeitet der R\u00fcckkehrer aus dem Fichtelgebirge auch an punktuellen Verst\u00e4rkungen der Aufstiegsmannschaft. Die Gronicher best\u00e4tigen nun erste Neuzug\u00e4nge, unter ihnen der 19-j\u00e4hrige Offensivspieler Daniel Oberst. Trainingsauftakt unter dem neuen Coach Stefan Sommerer ist voraussichtlich am Samstag, 27. Juni. &#8222;Wir alle haben auf [&hellip;]<\/p>\n","protected":false},"author":1,"featured_media":3921,"comment_status":"open","ping_status":"closed","sticky":false,"template":"","format":"standard","meta":{"footnotes":""},"categories":[5,6],"tags":[184,602,33,601,603,250],"class_list":["post-3919","post","type-post","status-publish","format-standard","has-post-thumbnail","hentry","category-1-mannschaft","category-2-mannschaft","tag-hautsch","tag-hubner","tag-neuzugange","tag-oberst","tag-saison-201516","tag-sommerer"],"_links":{"self":[{"href":"https:\/\/spvgg-goldkronach.com\/1946\/wp-json\/wp\/v2\/posts\/3919","targetHints":{"allow":["GET"]}}],"collection":[{"href":"https:\/\/spvgg-goldkronach.com\/1946\/wp-json\/wp\/v2\/posts"}],"about":[{"href":"https:\/\/spvgg-goldkronach.com\/1946\/wp-json\/wp\/v2\/types\/post"}],"author":[{"embeddable":true,"href":"https:\/\/spvgg-goldkronach.com\/1946\/wp-json\/wp\/v2\/users\/1"}],"replies":[{"embeddable":true,"href":"https:\/\/spvgg-goldkronach.com\/1946\/wp-json\/wp\/v2\/comments?post=3919"}],"version-history":[{"count":11,"href":"https:\/\/spvgg-goldkronach.com\/1946\/wp-json\/wp\/v2\/posts\/3919\/revisions"}],"predecessor-version":[{"id":3939,"href":"https:\/\/spvgg-goldkronach.com\/1946\/wp-json\/wp\/v2\/posts\/3919\/revisions\/3939"}],"wp:featuredmedia":[{"embeddable":true,"href":"https:\/\/spvgg-goldkronach.com\/1946\/wp-json\/wp\/v2\/media\/3921"}],"wp:attachment":[{"href":"https:\/\/spvgg-goldkronach.com\/1946\/wp-json\/wp\/v2\/media?parent=3919"}],"wp:term":[{"taxonomy":"category","embeddable":true,"href":"https:\/\/spvgg-goldkronach.com\/1946\/wp-json\/wp\/v2\/categories?post=3919"},{"taxonomy":"post_tag","embeddable":true,"href":"https:\/\/spvgg-goldkronach.com\/1946\/wp-json\/wp\/v2\/tags?post=3919"}],"curies":[{"name":"wp","href":"https:\/\/api.w.org\/{rel}","templated":true}]}}