{"id":3819,"date":"2015-05-16T06:30:07","date_gmt":"2015-05-16T04:30:07","guid":{"rendered":"http:\/\/spvgg-goldkronach.com\/1946\/?p=3819"},"modified":"2015-05-16T14:59:18","modified_gmt":"2015-05-16T12:59:18","slug":"stefan-sommerer-ubernimmt-zur-saison-201516","status":"publish","type":"post","link":"https:\/\/spvgg-goldkronach.com\/1946\/2015\/05\/stefan-sommerer-ubernimmt-zur-saison-201516\/","title":{"rendered":"Stefan Sommerer \u00fcbernimmt zur Saison 2015\/16"},"content":{"rendered":"<p><strong>Die erste Mannschaft der SpVgg Goldkronach wird mit Stefan Sommerer als Trainer in die neue Saison gehen. Sommerer wird das Amt unabh\u00e4ngig von der Spielklasse \u00fcbernehmen. &#8222;Wir sind uns sicher, mit ihm den richtigen Mann gefunden zu haben&#8220;, kommentierte Vorstand Manfred Hautsch. Gleichzeitig bedanken sich die Gronicher schon jetzt bei Matthias Bauer, der mit dem Team noch heuer den Aufstieg realisieren kann.<\/strong><\/p>\n<div id=\"attachment_3820\" style=\"width: 310px\" class=\"wp-caption alignleft\"><img loading=\"lazy\" decoding=\"async\" aria-describedby=\"caption-attachment-3820\" class=\"size-full wp-image-3820 \" title=\"Stefan Sommerer\" src=\"https:\/\/spvgg-goldkronach.com\/1946\/wp-content\/uploads\/2015\/05\/Sommerer_Anpfiff.jpg\" alt=\"Stefan Sommerer\" width=\"300\" height=\"207\" \/><p id=\"caption-attachment-3820\" class=\"wp-caption-text\">Stefan Sommerer. Foto: anpfiff.<\/p><\/div>\n<p>Ob das neue Saisonziel Klassenerhalt in der oder doch Aufstieg in die Kreisklasse lauten wird, wird sich dabei in den n\u00e4chsten Wochen entscheiden. Noch hoffen die Goldkronacher Fu\u00dfballanh\u00e4nger, dass das personell etwas gebeutelte Team den Sprung zur\u00fcck in die Kreisklasse packen kann. Egal in welcher Liga, d\u00fcrfte der neue Coach kaum Eingew\u00f6hnungszeit ben\u00f6tigen: Sommerer, der zuletzt im Herrenbereich zwei Jahre beim SV Weidenberg t\u00e4tig war, trainiert aktuell die A-Junioren der JFG Fichtelgebirge. Mit der U19 belegt er derzeit Rang drei in der Kreisliga, die Weidenberger f\u00fchrte er in den Vorjahren jeweils zum Klassenerhalt in der Kreisklasse. Goldkronach scheint f\u00fcr Sommerer durchaus ein erfolgversprechendes Pflaster zu sein: 2009 machten die von ihm gecoachten C-Junioren der JFG hier den Aufstieg in die Bezirksoberliga klar.<\/p>\n<p><strong>Dank an Matthias Bauer<\/strong><\/p>\n<p>Die Spielvereinigung hei\u00dft jedoch nicht nur ihren Trainer f\u00fcr die neue Saison bereits jetzt herzlich willkommen. Der Verein m\u00f6chte sich auch beim aktuellen Coach Matthias Bauer herzlich f\u00fcr die geleistete Arbeit bedanken. Bauer hatte die Gronicher in der Vorsaison in einer \u00e4u\u00dferst schwierigen Situation \u00fcbernommen. Die SpVgg konnte nach anf\u00e4nglichen Erfolgen den Klassenerhalt leider nicht realisieren. Mittlerweile liegt das Team jedoch in einer aussichtsreichen Position im Rennen um Relegationsplatz und Wiederaufstieg. Wir freuen uns auf das Saisonfinale und hoffen, dass Matthias in den letzten Spielen mit unserer SpVgg noch wichtige Erfolge feiern kann!<\/p>\n","protected":false},"excerpt":{"rendered":"<p>Die erste Mannschaft der SpVgg Goldkronach wird mit Stefan Sommerer als Trainer in die neue Saison gehen. Sommerer wird das Amt unabh\u00e4ngig von der Spielklasse \u00fcbernehmen. &#8222;Wir sind uns sicher, mit ihm den richtigen Mann gefunden zu haben&#8220;, kommentierte Vorstand Manfred Hautsch. Gleichzeitig bedanken sich die Gronicher schon jetzt bei Matthias Bauer, der mit dem [&hellip;]<\/p>\n","protected":false},"author":1,"featured_media":1780,"comment_status":"open","ping_status":"closed","sticky":false,"template":"","format":"standard","meta":{"footnotes":""},"categories":[5],"tags":[591,440,184,250,86],"class_list":["post-3819","post","type-post","status-publish","format-standard","has-post-thumbnail","hentry","category-1-mannschaft","tag-591","tag-bauer","tag-hautsch","tag-sommerer","tag-trainer"],"_links":{"self":[{"href":"https:\/\/spvgg-goldkronach.com\/1946\/wp-json\/wp\/v2\/posts\/3819","targetHints":{"allow":["GET"]}}],"collection":[{"href":"https:\/\/spvgg-goldkronach.com\/1946\/wp-json\/wp\/v2\/posts"}],"about":[{"href":"https:\/\/spvgg-goldkronach.com\/1946\/wp-json\/wp\/v2\/types\/post"}],"author":[{"embeddable":true,"href":"https:\/\/spvgg-goldkronach.com\/1946\/wp-json\/wp\/v2\/users\/1"}],"replies":[{"embeddable":true,"href":"https:\/\/spvgg-goldkronach.com\/1946\/wp-json\/wp\/v2\/comments?post=3819"}],"version-history":[{"count":2,"href":"https:\/\/spvgg-goldkronach.com\/1946\/wp-json\/wp\/v2\/posts\/3819\/revisions"}],"predecessor-version":[{"id":3822,"href":"https:\/\/spvgg-goldkronach.com\/1946\/wp-json\/wp\/v2\/posts\/3819\/revisions\/3822"}],"wp:featuredmedia":[{"embeddable":true,"href":"https:\/\/spvgg-goldkronach.com\/1946\/wp-json\/wp\/v2\/media\/1780"}],"wp:attachment":[{"href":"https:\/\/spvgg-goldkronach.com\/1946\/wp-json\/wp\/v2\/media?parent=3819"}],"wp:term":[{"taxonomy":"category","embeddable":true,"href":"https:\/\/spvgg-goldkronach.com\/1946\/wp-json\/wp\/v2\/categories?post=3819"},{"taxonomy":"post_tag","embeddable":true,"href":"https:\/\/spvgg-goldkronach.com\/1946\/wp-json\/wp\/v2\/tags?post=3819"}],"curies":[{"name":"wp","href":"https:\/\/api.w.org\/{rel}","templated":true}]}}