{"id":3812,"date":"2015-05-15T12:00:32","date_gmt":"2015-05-15T10:00:32","guid":{"rendered":"http:\/\/spvgg-goldkronach.com\/1946\/?p=3812"},"modified":"2015-05-15T00:11:17","modified_gmt":"2015-05-14T22:11:17","slug":"volles-programm-und-viertelfinale-so-lauft-das-gronicher-fusball-wochenende","status":"publish","type":"post","link":"https:\/\/spvgg-goldkronach.com\/1946\/2015\/05\/volles-programm-und-viertelfinale-so-lauft-das-gronicher-fusball-wochenende\/","title":{"rendered":"Volles Programm und Viertelfinale: So l\u00e4uft das Gronicher Fu\u00dfball-Wochenende"},"content":{"rendered":"<p><strong>Das wird ein Wochenende: Von Freitag bis Montag ist f\u00fcr die Goldkronacher Fu\u00dfballfans so richtig was geboten! Vier Heimspiele unserer Junioren, Spannung pur in der A-Klasse und zum Abschluss das Halbfinale im Jugendpokal lassen das Fu\u00dfballherz auf der Zielgeraden der Saison h\u00f6her schlagen. Die Erste reist am Sonntag zum wichtigen Ausw\u00e4rtsspiel nach Trebgast.<\/strong><\/p>\n<div id=\"attachment_3793\" style=\"width: 310px\" class=\"wp-caption alignleft\"><img loading=\"lazy\" decoding=\"async\" aria-describedby=\"caption-attachment-3793\" class=\"size-full wp-image-3793\" title=\"Sebastian Katholing und Fabian Neuner jubeln\" src=\"https:\/\/spvgg-goldkronach.com\/1946\/wp-content\/uploads\/2015\/05\/web2.jpg\" alt=\"Sebastian Katholing und Fabian Neuner jubeln\" width=\"300\" height=\"200\" \/><p id=\"caption-attachment-3793\" class=\"wp-caption-text\">Am Sonntag will unsere Erste wieder ausw\u00e4rts jubeln!<\/p><\/div>\n<p>Ebenfalls mit dem TSV Trebgast er\u00f6ffnet unsere U15 am Freitagabend das Fu\u00dfballwochenende. Um 17 Uhr empf\u00e4ngt die C2 der JFG Fichtelgebirge in Nemmersdorf die G\u00e4ste aus dem Kulmbacher Landkreis. Am Samstagvormittag laden dann unsere E-Junioren zur Pokal-Generalprobe: Um 11 Uhr wird die Ligapartie gegen den SC Altenplos angepfiffen, die <a title=\"U11: Morgenmuffel im Viertelfinale\" href=\"https:\/\/spvgg-goldkronach.com\/1946\/2015\/05\/u11-morgenmuffel-im-viertelfinale\/\" target=\"_blank\">Langschl\u00e4fter aus der E-Jugend wollen endlich wieder einen Vormittags-Dreier<\/a> verbuchen. Weitere Jugend-Heimspiele folgen am Nachmittag. In Goldkronach gibt es das Spiel der D-Junioren der JFG Fichtelgebirge II gegen Creu\u00dfen zu sehen (Ansto\u00df um 12:30 Uhr).<\/p>\n<p><strong>Erste spielt am Sonntag um 15 Uhr in Trebgast<br \/>\n<\/strong><\/p>\n<p>Der Sonntag steht im Zeichen des Aufstiegskampfes in der A-Klasse: W\u00e4hrend sich Spitzenreiter Neudrossenfeld und der Drittplatzierte Leuchau gegen\u00fcber stehen, muss die SpVgg beim TSV Trebgast ran. Der Ex-Bayernligist rangiert derzeit auf dem achten Rang, verhagelte den Gronichern beim Hinspiel aber die Kerwa: <a title=\"Kopflos zur Kerwa: SpVgg unterliegt Trebgast\" href=\"https:\/\/spvgg-goldkronach.com\/1946\/2014\/10\/kopflos-zur-kerwa-spvgg-unterliegt-trebgast\/\" target=\"_blank\">Mit 1:3 triumphierten die Trebgaster am 26. Oktober 2014<\/a> an der Kronach \u2013 die Mannschaft der SpVgg d\u00fcrfte gewarnt sein. Allerdings scheint Trebgast ein gutes Pflaster in der entscheidenden Saisonphase zu sein: Am 9. Mai 2010 machten die Gronicher hier ihre letzte A-Klassen-Meisterschaft klar. Ansto\u00df in Trebgast ist um 15 Uhr.<\/p>\n<p><strong>Reserve: &#8222;Abschiedsspiel&#8220; f\u00fcr Spielleiter N\u00fcssel<\/strong><\/p>\n<p>Zuvor tritt die Reserve um 13 Uhr beim ASV Laineck II an. Es ist das letzte Spiel f\u00fcr Spielleiter Philipp N\u00fcssel, der dieses Amt zu Saisonende abgibt. F\u00fcr seine Arbeit bedankt sich der Verein ganz herzlich. Gr\u00f6\u00dfter Erfolg der vergangenen Jahre war sicherlich der <a title=\"Gronicher Reserve steigt in die A-Klasse auf!\" href=\"https:\/\/spvgg-goldkronach.com\/1946\/2013\/06\/gronicher-reserve-steigt-in-die-a-klasse-auf\/\" target=\"_blank\">Aufstieg unserer Zweiten in die A-Klasse im Jahr 2013<\/a>. Nun gilt es, die Saison in der B-Klasse ordentlich zu beschlie\u00dfen.<\/p>\n<div id=\"attachment_3137\" style=\"width: 310px\" class=\"wp-caption alignright\"><a href=\"https:\/\/spvgg-goldkronach.com\/1946\/wp-content\/uploads\/2011\/09\/dfbmobil_500px.jpg\"><img loading=\"lazy\" decoding=\"async\" aria-describedby=\"caption-attachment-3137\" class=\"size-medium wp-image-3137\" title=\"DFB-Mobil in Goldkronach\" src=\"https:\/\/spvgg-goldkronach.com\/1946\/wp-content\/uploads\/2011\/09\/dfbmobil_500px-300x172.jpg\" alt=\"DFB-Mobil in Goldkronach\" width=\"300\" height=\"172\" srcset=\"https:\/\/spvgg-goldkronach.com\/1946\/wp-content\/uploads\/2011\/09\/dfbmobil_500px-300x172.jpg 300w, https:\/\/spvgg-goldkronach.com\/1946\/wp-content\/uploads\/2011\/09\/dfbmobil_500px.jpg 500w\" sizes=\"auto, (max-width: 300px) 100vw, 300px\" \/><\/a><p id=\"caption-attachment-3137\" class=\"wp-caption-text\">Unterst\u00fctzt unsere J\u00fcngsten \u2013 kommt am Montag um 18 Uhr zum Pokalspiel!<\/p><\/div>\n<p><strong>Unterst\u00fctzt unsere U11 am Montag!<\/strong><\/p>\n<p><strong><\/strong>Ein kleines Highlight gibt es dann nochmal am Montagabend: Unsere E-Jugendlichen haben sich bekannterma\u00dfen bis ins Viertelfinale des Kreispokals gespielt! Damit stehen die jungen Kicker aus dem Fichtelgebirge unter den besten Acht aus dem gesamten Kreis Bamberg-Bayreuth. Au\u00dfer der SpVgg sind nur noch drei Teams aus dem &#8222;alten&#8220; Kreis Bayreuth-Kulmbach dabei \u2013 die Jungs und M\u00e4dels haben sich die Unterst\u00fctzung also redlich verdient. Schaut am Montag um 18 Uhr vorbei, wenn die jungen Gronicher im Viertelfinale auf den FC Neuenmarkt treffen! Die Kids freuen sich \u00fcber viele Zuschauer!<\/p>\n<p><strong>Das Gronicher Fu\u00dfball-Wochenende in der \u00dcbersicht<\/strong><\/p>\n<p><span style=\"text-decoration: underline;\">Freitag, 15. Mai<\/span><\/p>\n<ul>\n<li>17:00 Uhr: JFG Fichtelgebirge II \u2013 TSV Trebgast (U15, in Nemmersdorf)<\/li>\n<\/ul>\n<p><span style=\"text-decoration: underline;\">Samstag, 16. Mai<\/span><\/p>\n<ul>\n<li>11:00 Uhr: SpVgg Goldkronach \u2013 SC Altenplos (U11)<\/li>\n<li>12:30 Uhr: JFG Fichtelgebirge II \u2013 1. FC Creu\u00dfen (U13, in Goldkronach)<\/li>\n<li>14:00 Uhr: JFG Bayreuth-West \u2013 JFG Fichtelgebirge (U19, in Altenplos)<\/li>\n<li>14:00 Uhr: JFG Fichtelgebirge \u2013 FSV Bayreuth (U15, in Nemmersdorf)<\/li>\n<li>16:00 Uhr: JFG Fichtelgebirge \u2013 Breiteng\u00fc\u00dfbach (U17, in R\u00f6hrenhof)<\/li>\n<\/ul>\n<p><span style=\"text-decoration: underline;\">Sonntag, 17. Mai<\/span><\/p>\n<ul>\n<li>11:00 Uhr: SSV Kirchenpingarten \u2013 SpVgg Goldkronach (U9)<\/li>\n<li>13:00 Uhr: ASV Laineck II \u2013 SpVgg Goldkronach II (B-Klasse)<\/li>\n<li>15:00 Uhr: TSV Trebgast \u2013 SpVgg Goldkronach (A-Klasse)<\/li>\n<\/ul>\n<p><span style=\"text-decoration: underline;\">Montag, 18. Mai<\/span><\/p>\n<ul>\n<li>18:00 Uhr: SpVgg Goldkronach \u2013 FC Neuenmarkt (U11)<\/li>\n<\/ul>\n","protected":false},"excerpt":{"rendered":"<p>Das wird ein Wochenende: Von Freitag bis Montag ist f\u00fcr die Goldkronacher Fu\u00dfballfans so richtig was geboten! Vier Heimspiele unserer Junioren, Spannung pur in der A-Klasse und zum Abschluss das Halbfinale im Jugendpokal lassen das Fu\u00dfballherz auf der Zielgeraden der Saison h\u00f6her schlagen. Die Erste reist am Sonntag zum wichtigen Ausw\u00e4rtsspiel nach Trebgast. Ebenfalls mit [&hellip;]<\/p>\n","protected":false},"author":1,"featured_media":3269,"comment_status":"open","ping_status":"closed","sticky":false,"template":"","format":"standard","meta":{"footnotes":""},"categories":[5,7,6],"tags":[179,65,140,544,111,537,171],"class_list":["post-3812","post","type-post","status-publish","format-standard","has-post-thumbnail","hentry","category-1-mannschaft","category-junioren","category-2-mannschaft","tag-creusen","tag-laineck","tag-neuenmarkt","tag-nussel","tag-pokal","tag-trebgast","tag-u11"],"_links":{"self":[{"href":"https:\/\/spvgg-goldkronach.com\/1946\/wp-json\/wp\/v2\/posts\/3812","targetHints":{"allow":["GET"]}}],"collection":[{"href":"https:\/\/spvgg-goldkronach.com\/1946\/wp-json\/wp\/v2\/posts"}],"about":[{"href":"https:\/\/spvgg-goldkronach.com\/1946\/wp-json\/wp\/v2\/types\/post"}],"author":[{"embeddable":true,"href":"https:\/\/spvgg-goldkronach.com\/1946\/wp-json\/wp\/v2\/users\/1"}],"replies":[{"embeddable":true,"href":"https:\/\/spvgg-goldkronach.com\/1946\/wp-json\/wp\/v2\/comments?post=3812"}],"version-history":[{"count":6,"href":"https:\/\/spvgg-goldkronach.com\/1946\/wp-json\/wp\/v2\/posts\/3812\/revisions"}],"predecessor-version":[{"id":3818,"href":"https:\/\/spvgg-goldkronach.com\/1946\/wp-json\/wp\/v2\/posts\/3812\/revisions\/3818"}],"wp:featuredmedia":[{"embeddable":true,"href":"https:\/\/spvgg-goldkronach.com\/1946\/wp-json\/wp\/v2\/media\/3269"}],"wp:attachment":[{"href":"https:\/\/spvgg-goldkronach.com\/1946\/wp-json\/wp\/v2\/media?parent=3812"}],"wp:term":[{"taxonomy":"category","embeddable":true,"href":"https:\/\/spvgg-goldkronach.com\/1946\/wp-json\/wp\/v2\/categories?post=3812"},{"taxonomy":"post_tag","embeddable":true,"href":"https:\/\/spvgg-goldkronach.com\/1946\/wp-json\/wp\/v2\/tags?post=3812"}],"curies":[{"name":"wp","href":"https:\/\/api.w.org\/{rel}","templated":true}]}}