{"id":3748,"date":"2015-04-24T07:18:38","date_gmt":"2015-04-24T05:18:38","guid":{"rendered":"http:\/\/spvgg-goldkronach.com\/1946\/?p=3748"},"modified":"2015-04-23T09:18:52","modified_gmt":"2015-04-23T07:18:52","slug":"im-pokal-laufts-u11-entert-das-achtelfinale","status":"publish","type":"post","link":"https:\/\/spvgg-goldkronach.com\/1946\/2015\/04\/im-pokal-laufts-u11-entert-das-achtelfinale\/","title":{"rendered":"Im Pokal l\u00e4uft&#8217;s: U11 entert das Achtelfinale!"},"content":{"rendered":"<p><strong>Dem holprigen Start in der Liga folgte der n\u00e4chste Pokal-Coup: Mit 1:5 verloren die Gronicher E-Junioren am Samstag in Altenplos \u2013 mit 5:1 siegten sie am Mittwoch beim BSC Kulmbach! Damit stehen die jungen Kicker von der Kronach unter den letzten 16 Teams im Kreis Bamberg-Bayreuth. Die n\u00e4chste Runde wird Anfang Mai ausgespielt.<\/strong><\/p>\n<div id=\"attachment_3685\" style=\"width: 310px\" class=\"wp-caption alignleft\"><a href=\"https:\/\/spvgg-goldkronach.com\/1946\/wp-content\/uploads\/2015\/04\/u11_2015-04.jpg\"><img loading=\"lazy\" decoding=\"async\" aria-describedby=\"caption-attachment-3685\" class=\"size-medium wp-image-3685\" title=\"SpVgg Goldkronach \u2013 E-Jugend\" src=\"https:\/\/spvgg-goldkronach.com\/1946\/wp-content\/uploads\/2015\/04\/u11_2015-04-300x232.jpg\" alt=\"SpVgg Goldkronach \u2013 E-Jugend\" width=\"300\" height=\"232\" srcset=\"https:\/\/spvgg-goldkronach.com\/1946\/wp-content\/uploads\/2015\/04\/u11_2015-04-300x232.jpg 300w, https:\/\/spvgg-goldkronach.com\/1946\/wp-content\/uploads\/2015\/04\/u11_2015-04.jpg 350w\" sizes=\"auto, (max-width: 300px) 100vw, 300px\" \/><\/a><p id=\"caption-attachment-3685\" class=\"wp-caption-text\">Die U11 freut sich auf das Achtelfinale.<\/p><\/div>\n<p>&#8222;In der ersten Halbzeit haben wir unerkl\u00e4rliche Fehler gemacht&#8220;, haderte Trainer Sven Herrmann noch nach dem Liga-Auftakt beim SC Altenplos. Der gastgebende SC, bei den J\u00fcngsten eigentlich schon traditionell mit spielstarken Mannschaften vertreten, f\u00fchrte zur Pause mit 2:0. Dass die jungen Gronicher durchaus mithalten konnten, bewiesen sie mit einer sch\u00f6nen Kombination \u00fcber Tom H., die Steffen zum Anschlustreffer abschloss. Nun hatte die SpVgg Lunte gerochen und dr\u00e4ngte auf den Ausgleich. &#8222;Dann bekommen wir durch einen eigenen Fehler das 3:1 und die Luft ist raus&#8220;, so Herrmann. &#8222;Altenplos hat verdient gewonnen.&#8220; Dabei hob der Coach noch seinen Schlussmann Patrick hervor, der eigentlich in der F-Jugend das Tor\u00a0 h\u00fctet und den verletzten Marvin zwischen den Pfosten der U11 gl\u00e4nzend vertrat.<\/p>\n<p><strong>Am 6. Mai gegen Hollfeld<\/strong><\/p>\n<p>Das Lob des Trainers verdiente sich der junge Keeper auch im folgenden Pokalspiel beim Blaicher SC Kulmbach am Mittwochabend. Der Unterschied: Hier f\u00fchrten die Goldkronacher zur Pause mit 2:0 und lie\u00dfen sich diesen Vorsprung auch nicht mehr nehmen. Drei Treffer von Steffen und je ein Tor von Alex B. und Tom H. sicherten den Einzug in die n\u00e4chste Runde und verhalfen Coach Sven Herrmann zu guter Laune. &#8222;Auch Alex und Simon R. haben ihre Aufgaben in der Abwehr gut gemacht&#8220;, lobte dieser. Mit dem Drittrunden-Erfolg beim BSC geh\u00f6ren unsere E-Junioren zu den letzten acht Teams, die den Teilkreis Bayreuth-Kulmbach im Pokal vertreten. Die andere H\u00e4fte der Mannschaften im Achtelfinale kommt aus dem Teilkreis Bamberg. Die SpVgg darf sich nun am Mittwochabend, 6. Mai, auf den ASV Hollfeld freuen \u2013 das Achtelfinale wird um 17:30 Uhr angepfiffen.<\/p>\n<p><strong>Das Achtelfinale in der \u00dcbersicht <\/strong>(Ansto\u00df jeweils 6. Mai, 17:30 Uhr)<\/p>\n<ul>\n<li>Post-SV Bamberg \u2013 FC Eintracht Bamberg<\/li>\n<li>TSV Burghaslach \u2013 SpVgg M\u00fchlhausen<\/li>\n<li>RSV Drosendorf \u2013 SV Zapfendorf<\/li>\n<li>\u00a0FSG Gunzendorf \u2013 SV Waizendorf<\/li>\n<li>SpVgg Goldkronach \u2013 ASV Hollfeld<\/li>\n<li>FC Neuenmarkt \u2013 1. FC Marktleugast<\/li>\n<li>TSV Kirchenlaibach \u2013 SG R\u00f6hrenhof\/Bad Berneck<\/li>\n<li>TSC Mainleus \u2013 JFG Thurnauer Land<\/li>\n<\/ul>\n","protected":false},"excerpt":{"rendered":"<p>Dem holprigen Start in der Liga folgte der n\u00e4chste Pokal-Coup: Mit 1:5 verloren die Gronicher E-Junioren am Samstag in Altenplos \u2013 mit 5:1 siegten sie am Mittwoch beim BSC Kulmbach! Damit stehen die jungen Kicker von der Kronach unter den letzten 16 Teams im Kreis Bamberg-Bayreuth. Die n\u00e4chste Runde wird Anfang Mai ausgespielt. &#8222;In der [&hellip;]<\/p>\n","protected":false},"author":1,"featured_media":1686,"comment_status":"open","ping_status":"closed","sticky":false,"template":"","format":"standard","meta":{"footnotes":""},"categories":[7],"tags":[581,427,402,439,580,111],"class_list":["post-3748","post","type-post","status-publish","format-standard","has-post-thumbnail","hentry","category-junioren","tag-achtelfinale","tag-altenplos","tag-bsc-kulmbach","tag-herrmann","tag-hollfeld","tag-pokal"],"_links":{"self":[{"href":"https:\/\/spvgg-goldkronach.com\/1946\/wp-json\/wp\/v2\/posts\/3748","targetHints":{"allow":["GET"]}}],"collection":[{"href":"https:\/\/spvgg-goldkronach.com\/1946\/wp-json\/wp\/v2\/posts"}],"about":[{"href":"https:\/\/spvgg-goldkronach.com\/1946\/wp-json\/wp\/v2\/types\/post"}],"author":[{"embeddable":true,"href":"https:\/\/spvgg-goldkronach.com\/1946\/wp-json\/wp\/v2\/users\/1"}],"replies":[{"embeddable":true,"href":"https:\/\/spvgg-goldkronach.com\/1946\/wp-json\/wp\/v2\/comments?post=3748"}],"version-history":[{"count":4,"href":"https:\/\/spvgg-goldkronach.com\/1946\/wp-json\/wp\/v2\/posts\/3748\/revisions"}],"predecessor-version":[{"id":3752,"href":"https:\/\/spvgg-goldkronach.com\/1946\/wp-json\/wp\/v2\/posts\/3748\/revisions\/3752"}],"wp:featuredmedia":[{"embeddable":true,"href":"https:\/\/spvgg-goldkronach.com\/1946\/wp-json\/wp\/v2\/media\/1686"}],"wp:attachment":[{"href":"https:\/\/spvgg-goldkronach.com\/1946\/wp-json\/wp\/v2\/media?parent=3748"}],"wp:term":[{"taxonomy":"category","embeddable":true,"href":"https:\/\/spvgg-goldkronach.com\/1946\/wp-json\/wp\/v2\/categories?post=3748"},{"taxonomy":"post_tag","embeddable":true,"href":"https:\/\/spvgg-goldkronach.com\/1946\/wp-json\/wp\/v2\/tags?post=3748"}],"curies":[{"name":"wp","href":"https:\/\/api.w.org\/{rel}","templated":true}]}}