{"id":3715,"date":"2015-04-22T06:00:07","date_gmt":"2015-04-22T04:00:07","guid":{"rendered":"http:\/\/spvgg-goldkronach.com\/1946\/?p=3715"},"modified":"2017-02-06T21:30:03","modified_gmt":"2017-02-06T20:30:03","slug":"frischzellenkur-fur-den-vorstand-junge-mitglieder-ubernehmen-verantwortung","status":"publish","type":"post","link":"https:\/\/spvgg-goldkronach.com\/1946\/2015\/04\/frischzellenkur-fur-den-vorstand-junge-mitglieder-ubernehmen-verantwortung\/","title":{"rendered":"Frischzellenkur f\u00fcr den Vorstand: Junge Mitglieder \u00fcbernehmen Verantwortung"},"content":{"rendered":"<p><strong>Die Jahreshauptversammlung der Spielvereinigung lie\u00df die Mitglieder auf eine in der Summe positive Entwicklung zur\u00fcckblicken. Neben Berichten und Ehrungen ist dabei vor allem eine Ver\u00e4nderung herauszuheben: Es gelang, junge Mitglieder zu finden, die im Vorstand Verantwortung \u00fcbernehmen.<\/strong><\/p>\n<div id=\"attachment_3719\" style=\"width: 310px\" class=\"wp-caption alignleft\"><img loading=\"lazy\" decoding=\"async\" aria-describedby=\"caption-attachment-3719\" class=\"size-medium wp-image-3719\" title=\"SpVgg Goldkronach: Die neu gew\u00e4hlte Vorstandschaft.\" src=\"https:\/\/spvgg-goldkronach.com\/1946\/wp-content\/uploads\/2015\/04\/vorstand500px-300x202.jpg\" alt=\"SpVgg Goldkronach: Die neu gew\u00e4hlte Vorstandschaft.\" width=\"300\" height=\"202\" srcset=\"https:\/\/spvgg-goldkronach.com\/1946\/wp-content\/uploads\/2015\/04\/vorstand500px-300x202.jpg 300w, https:\/\/spvgg-goldkronach.com\/1946\/wp-content\/uploads\/2015\/04\/vorstand500px.jpg 500w\" sizes=\"auto, (max-width: 300px) 100vw, 300px\" \/><p id=\"caption-attachment-3719\" class=\"wp-caption-text\">Die neu gew\u00e4hlte Vorstandschaft.<\/p><\/div>\n<p><em>Bericht aus dem Nordbayerischen Kurier:<\/em><\/p>\n<p>Bei der Jahresversammlung der Spielvereinigung im Sportheim standen die gut vorbereitenden Neuwahlen des Vorstands im Vordergrund, die ohne Probleme \u00fcber die B\u00fchne gingen. Vorsitzender bleibt Manfred Hautsch, sein neuer Vertreter ist Fabian Blechschmidt (neu), die Kasse bleibt bei Detlef Vogel und seiner Vertreterin Heike Hautsch, Schriftf\u00fchrer bleibt Karl-Friedrich Weidner und er wird durch Hannes Rabenstein (neu) vertreten. Die Kasse pr\u00fcfen Hans-Georg Neukam und Wieland Pietsch, Platzkassier ist Oliver Bauer und dem \u00c4ltestenrat geh\u00f6ren Hiltrud und Dr. Frank-Ekkehard Kr\u00f6ber und Hans W\u00f6lfel an. Die Jugendarbeit leitet Peter Seibt mit seinem Vertreter Sven Herrmann und neu als Wirtschaftsbeirat ist Jochen Dihler.<\/p>\n<p>B\u00fcrgermeister Holger B\u00e4r dankte in seinem Gru\u00dfwort des Vorstands f\u00fcr die ausgezeichnete Arbeit und hofft, dass es in diesem Jahr mit dem Aufstieg klappt. Weiter lobte er die vereins\u00fcbergreifende Zusammenarbeit bei der Jugend in der JFG Fichtelgebirge. Er dankte dem Verein f\u00fcr die Beteiligung an den \u00f6rtlichen Festen und f\u00fcr die Unterst\u00fctzung bei der bevorstehenden 650-Jahr-Feier. Ferner sagte er die Unterst\u00fctzung der Stadt im Rahmen ihrer M\u00f6glichkeiten zu.Vorsitzender Hautsch konnte berichteten, dass sich der Mitgliederstand um ein Mitglied auf 511 erh\u00f6ht hat. Zudem wurden etwa Fasching oder Johannisfeuer mit Spielstra\u00dfe abgehalten und der Verein beteiligte sich traditionell am Marktplatzfest.<\/p>\n<p><strong>SpVgg bleibt schuldenfrei<\/strong><\/p>\n<p>An den Geb\u00e4uden und dem Sportgel\u00e4nde wurden erforderliche Arbeiten und Sanierungsma\u00dfnahmen durchgef\u00fchrt. Heiko Krause und J\u00fcrgen B\u00e4r halten das Sportgel\u00e4nde in Schuss. Ebenso bedankte sich Hautsch bei den beiden Sportheim-Feen Ulrike Schliwa und Andrea Pittroff. Die Verbandsabgaben und die Turnhallengeb\u00fchren belasten die Vereinskasse schwer, so der Vorsitzende. Weiter wies er noch auf das 40-j\u00e4hrige Jubil\u00e4um der Turn- und Karateabteilung hin. Am Schluss dankte er allen Helfern, Betreuern und Abteilungsleitern f\u00fcr ihre Unterst\u00fctzung. Die w\u00fcnschte er sich auf f\u00fcr das laufende Jahr.<\/p>\n<p>Kassier Detlef Vogel konnte der Versammlung berichten, dass der Verein nicht nur schuldenfrei ist, sondern auch \u00fcber einen guten Kassenstand verf\u00fcgt, der sich jedoch durch anstehende Zahlungen wieder verringern wird. Der Bericht fand die Zustimmung der Mitglieder. Am Schluss wurde noch \u00fcber einen Antrag der stellvertretenden Kassierin Heike Hautsch \u00fcber eine moderate Beitragserh\u00f6hung abgestimmt. Mit einer Gegenstimme wurde der Antrag angenommen. Die neuen Betragss\u00e4tze gelten ab dem Jahr 2016.<\/p>\n<p><strong>Vielseitiger Sportverein<\/strong><\/p>\n<p>Die Spielvereinigung mit ihren \u00fcber 500 Mitgliedern ist jedoch kein reiner Fu\u00dfballverein, denn neben den Fu\u00dfballern geh\u00f6ren auch noch Turner und Karatekas dem Verein an. Bei der Jahresversammlung haben jeweils die Abteilungsleiter Gelegenheit ihre Arbeit vorzustellen. Den Reigen er\u00f6ffnete Horst Lindner von der Karateabteilung, er konnte berichten, dass Montag, Mittwoch und Freitag in der Schulturnhalle eifrig trainiert wird und die verschiedenen Trainingsabende gut ausgelastet sind. Neulinge sto\u00dfen nach Schnupperkursen immer zur Gruppe hinzu. Hiltrud Kr\u00f6ber berichtet, dass 40 Kinder in zwei Gruppen das Kinderturnen besuchen, hier wird besonderer Wert auf Koordinations\u00fcbungen gelegt und spielerisch in die Grundelemente der K\u00f6rperbeherrschung eingef\u00fchrt. Brigitte Freymann vermeldete, dass 43 Frauen sich an der Gymnastik beteiligen. Insgesamt wurden 35 \u00dcbungsstunden mit gutem Besuch abgehalten. Die Zusammenarbeit mit der VHS klappt ebenfalls gut. Eine Wanderung und zum Jahresschluss die Weihnachtsfeier rundeten<br \/>\ndas Angebot ab.<\/p>\n<div id=\"attachment_3717\" style=\"width: 510px\" class=\"wp-caption alignright\"><img loading=\"lazy\" decoding=\"async\" aria-describedby=\"caption-attachment-3717\" class=\"size-full wp-image-3717\" title=\"SpVgg Goldkronach \u2013 JHV 2015: Ehrungen\" src=\"https:\/\/spvgg-goldkronach.com\/1946\/wp-content\/uploads\/2015\/04\/ehrungen500px.jpg\" alt=\"SpVgg Goldkronach \u2013 JHV 2015: Ehrungen\" width=\"500\" height=\"294\" srcset=\"https:\/\/spvgg-goldkronach.com\/1946\/wp-content\/uploads\/2015\/04\/ehrungen500px.jpg 500w, https:\/\/spvgg-goldkronach.com\/1946\/wp-content\/uploads\/2015\/04\/ehrungen500px-300x176.jpg 300w\" sizes=\"auto, (max-width: 500px) 100vw, 500px\" \/><p id=\"caption-attachment-3717\" class=\"wp-caption-text\">Im Bild (von links): die Geehrten Konrad W\u00f6lfel, Gerd B\u00f6rgert, Heiko Krause, Birgit Pietsch, Vorsitzender Manfred Hautsch, Joachim B\u00f6rgert und J\u00f6rg Kierzkowski.<\/p><\/div>\n<p>F\u00fcr die kleinen Fu\u00dfballer berichteten Michael Schuster, Matthias Eibl und Sven Herrmann, dass die M\u00e4dchen und Buben mit viel Begeisterung bei der Sache sind und es immer wieder zu vorderen Pl\u00e4tzen bei Turnieren reichte. Etwas mehr Unterst\u00fctzung bei der Trainingsarbeit w\u00e4re sehr hilfreich. Philipp N\u00fcssel beklagte bei der Reserve, dass es meist schwierig sei, eine Mannschaft auf die Beine zustellen, doch am Sonntag sind gen\u00fcgend Spieler zur Verf\u00fcgung. Der Abstieg der Mannschaft in eine schw\u00e4chere Gruppe hat ihr gut getan. Peter Pittroff berichtete, dass im letzten Jahr lange Zeit die Hoffnung bestand die Klasse zu halten, doch auch ein Trainerwechsel konnte den Abstieg nicht verhindern. Zwischenzeitlich hat sich alles zum Positiven gewendet und in der A-Klasse steht aktuell die Mannschaft auf dem zweiten Tabellenplatz mit zwei Spielen im R\u00fcckstand. Aufgrund der gezeigten Leistungen ist die Meisterschaft und der damit verbundene Aufstieg nicht auszuschlie\u00dfen.<\/p>\n<p><strong>Ehrung verdienter Mitglieder<\/strong><\/p>\n<p>Die Jahresversammlung ist auch immer der richtige Rahmen um langj\u00e4hrige Mitglieder f\u00fcr ihre Treue zum Verein mit Urkunde und Anstecknadel auszuzeichnen und so konnte Vorsitzender Manfred Hautsch f\u00fcr 25-j\u00e4hrige Mitgliedschaft Jens Hase, Daniel Koska, Heiko Krause und Birgit Pietsch, f\u00fcr 40 Jahre Emmi Birke, Karl-Heinz Breitfelder, Renate Engelhardt, Sigrid Hieckmann, J\u00f6rg Kierzkowski, Hartmut Lottes, Henrik Schott und Anne-Marie W\u00f6lfel und f\u00fcr 60 Jahre Konrad Beck, Gerd B\u00f6rgert, Joachim B\u00f6rgert, Hans W\u00f6lfel und Konrad W\u00f6lfel ehren. F\u00fcr nicht anwesende Mitglieder wird die Ehrung in geeigneter<br \/>\nForm nachgeholt.<\/p>\n","protected":false},"excerpt":{"rendered":"<p>Die Jahreshauptversammlung der Spielvereinigung lie\u00df die Mitglieder auf eine in der Summe positive Entwicklung zur\u00fcckblicken. Neben Berichten und Ehrungen ist dabei vor allem eine Ver\u00e4nderung herauszuheben: Es gelang, junge Mitglieder zu finden, die im Vorstand Verantwortung \u00fcbernehmen. Bericht aus dem Nordbayerischen Kurier: Bei der Jahresversammlung der Spielvereinigung im Sportheim standen die gut vorbereitenden Neuwahlen des [&hellip;]<\/p>\n","protected":false},"author":1,"featured_media":3718,"comment_status":"open","ping_status":"closed","sticky":false,"template":"","format":"standard","meta":{"footnotes":""},"categories":[674,12,1,4],"tags":[445,184,230,130,311,37,399,579],"class_list":["post-3715","post","type-post","status-publish","format-standard","has-post-thumbnail","hentry","category-spvgg-goldkronach-pressespiegel","category-veranstaltungen","category-verein","category-vereinsleben","tag-blechschmidt","tag-hautsch","tag-jhv","tag-presse","tag-rabenstein","tag-versammlung","tag-vogel","tag-weidner"],"_links":{"self":[{"href":"https:\/\/spvgg-goldkronach.com\/1946\/wp-json\/wp\/v2\/posts\/3715","targetHints":{"allow":["GET"]}}],"collection":[{"href":"https:\/\/spvgg-goldkronach.com\/1946\/wp-json\/wp\/v2\/posts"}],"about":[{"href":"https:\/\/spvgg-goldkronach.com\/1946\/wp-json\/wp\/v2\/types\/post"}],"author":[{"embeddable":true,"href":"https:\/\/spvgg-goldkronach.com\/1946\/wp-json\/wp\/v2\/users\/1"}],"replies":[{"embeddable":true,"href":"https:\/\/spvgg-goldkronach.com\/1946\/wp-json\/wp\/v2\/comments?post=3715"}],"version-history":[{"count":4,"href":"https:\/\/spvgg-goldkronach.com\/1946\/wp-json\/wp\/v2\/posts\/3715\/revisions"}],"predecessor-version":[{"id":4820,"href":"https:\/\/spvgg-goldkronach.com\/1946\/wp-json\/wp\/v2\/posts\/3715\/revisions\/4820"}],"wp:featuredmedia":[{"embeddable":true,"href":"https:\/\/spvgg-goldkronach.com\/1946\/wp-json\/wp\/v2\/media\/3718"}],"wp:attachment":[{"href":"https:\/\/spvgg-goldkronach.com\/1946\/wp-json\/wp\/v2\/media?parent=3715"}],"wp:term":[{"taxonomy":"category","embeddable":true,"href":"https:\/\/spvgg-goldkronach.com\/1946\/wp-json\/wp\/v2\/categories?post=3715"},{"taxonomy":"post_tag","embeddable":true,"href":"https:\/\/spvgg-goldkronach.com\/1946\/wp-json\/wp\/v2\/tags?post=3715"}],"curies":[{"name":"wp","href":"https:\/\/api.w.org\/{rel}","templated":true}]}}