{"id":3480,"date":"2015-03-12T03:00:47","date_gmt":"2015-03-12T02:00:47","guid":{"rendered":"http:\/\/spvgg-goldkronach.com\/1946\/?p=3480"},"modified":"2015-03-19T12:30:10","modified_gmt":"2015-03-19T11:30:10","slug":"69-jahre-spvgg-glanzvolle-feier-souveraner-aufstieg","status":"publish","type":"post","link":"https:\/\/spvgg-goldkronach.com\/1946\/2015\/03\/69-jahre-spvgg-glanzvolle-feier-souveraner-aufstieg\/","title":{"rendered":"69 Jahre SpVgg: Glanzvolle Feier, souver\u00e4ner Aufstieg"},"content":{"rendered":"<p><strong>Es war der 17. M\u00e4rz 1946, als die Goldkronacher ihren vormaligen <em>Arbeiter-Turn- und Sportverein &#8222;Vorw\u00e4rts&#8220;<\/em> zu neuem Leben erweckten. Heuer j\u00e4hrt sich diese Wiedergr\u00fcndung zum 69. Mal. Wir blicken anl\u00e4sslich des Jubil\u00e4ums zur\u00fcck auf Geschichte und Geschichten des Goldkronacher Sports \u2013 und entdecken Parallelen: Vor genau 50 Jahren feierte die SpVgg das 600-j\u00e4hrige Jubil\u00e4um ihrer Heimatstadt. Und vor genau 20 Jahren stiegen die Fu\u00dfballer wieder in die Kreisklasse auf.<\/strong><\/p>\n<div id=\"attachment_3494\" style=\"width: 310px\" class=\"wp-caption alignleft\"><img loading=\"lazy\" decoding=\"async\" aria-describedby=\"caption-attachment-3494\" class=\"size-medium wp-image-3494\" title=\"Skiabteilung der SpVgg beim Festumzug &quot;625 Jahre Stadt Goldkronach&quot; (1990)\" src=\"https:\/\/spvgg-goldkronach.com\/1946\/wp-content\/uploads\/2015\/03\/Skiabteilung_Festzug1990_1-Weg-zum-Treffpunkt-300x225.jpg\" alt=\"Skiabteilung der SpVgg beim Festumzug &quot;625 Jahre Stadt Goldkronach&quot; (1990)\" width=\"300\" height=\"225\" srcset=\"https:\/\/spvgg-goldkronach.com\/1946\/wp-content\/uploads\/2015\/03\/Skiabteilung_Festzug1990_1-Weg-zum-Treffpunkt-300x225.jpg 300w, https:\/\/spvgg-goldkronach.com\/1946\/wp-content\/uploads\/2015\/03\/Skiabteilung_Festzug1990_1-Weg-zum-Treffpunkt.jpg 1024w\" sizes=\"auto, (max-width: 300px) 100vw, 300px\" \/><p id=\"caption-attachment-3494\" class=\"wp-caption-text\">Noch ein Stadtjubil\u00e4um: Die Skiabteilung im Jahre 1990 beim Festumzug anl\u00e4sslich des 625-j\u00e4hrigen der Stadterhebung: Auf dem Weg zum Treffpunkt...<\/p><\/div>\n<p>So wie im Jahr 2015 der 650-j\u00e4hrige Jahrestag der Stadterhebung ansteht, so wollte man sich vor 50 Jahren nicht lumpen lassen. Im September 1365 hatte Burggraf Friedrich V. von N\u00fcrnberg der St\u00e4tte seiner Goldbergwerke, der Siedlung &#8222;Cranach&#8220;, die vermutlich schon seit der ersten Jahrtausendwende bestand, die Stadtrechte verliehen. 600 Jahre sp\u00e4ter bat die Stadtverwaltung die Goldkronacher Vereine, im Rahmen der Festwochen ein Wochenende zu gestalten. &#8222;Man war sich einig&#8220;, erkl\u00e4rt die Chronik schlicht: Nat\u00fcrlich war die Spielvereinigung dabei!<\/p>\n<p><strong>Vor 50 Jahren: Glanzvoller Festkommers<\/strong><\/p>\n<p>Der Festausschuss um Gerhard Schr\u00f6ll beschloss, den 20. Jahrestag der Wiedergr\u00fcndung des Sportvereins gleich mit zu begehen \u2013 die Feier musste daf\u00fcr zwar um ein Jahr vorgezogen werden, doch ein so w\u00fcrdiger Rahmen bot sich ja nicht alle Tage! Und das Programm f\u00fcr das Festwochenende im Sommer 1965 konnte sich wahrlich sehen lassen: Zun\u00e4chst lud die SpVgg ihre Nachbarvereine aus Bad Berneck, Bischofsgr\u00fcn und Warmensteinach zum Pokalturnier. Zwei weitere sportliche Leckerbissen gab es obendrein: Eine &#8222;Fichtelgebirgsauswahl&#8220; aus den vier Mannschaften bestritt Freundschaftsspiele gegen die gro\u00dfe SpVgg Bayreuth, damals Bayernliga-Dritte, und eine Bundeswehrauswahl.<\/p>\n<div id=\"attachment_3495\" style=\"width: 310px\" class=\"wp-caption alignright\"><img loading=\"lazy\" decoding=\"async\" aria-describedby=\"caption-attachment-3495\" class=\"size-medium wp-image-3495\" title=\"Skiabteilung der SpVgg beim Festumzug &quot;625 Jahre Stadt Goldkronach&quot; (1990)\" src=\"https:\/\/spvgg-goldkronach.com\/1946\/wp-content\/uploads\/2015\/03\/Skiabteilung_Festzug1990_2-Bachgasse-300x225.jpg\" alt=\"Skiabteilung der SpVgg beim Festumzug &quot;625 Jahre Stadt Goldkronach&quot; (1990)\" width=\"300\" height=\"225\" srcset=\"https:\/\/spvgg-goldkronach.com\/1946\/wp-content\/uploads\/2015\/03\/Skiabteilung_Festzug1990_2-Bachgasse-300x225.jpg 300w, https:\/\/spvgg-goldkronach.com\/1946\/wp-content\/uploads\/2015\/03\/Skiabteilung_Festzug1990_2-Bachgasse.jpg 1024w\" sizes=\"auto, (max-width: 300px) 100vw, 300px\" \/><p id=\"caption-attachment-3495\" class=\"wp-caption-text\">...und durch die Bachgasse paradierend.<\/p><\/div>\n<p>Der Attraktionen nicht genug, organisierte die Spielvereinigung einen glanzvollen Festkommers. Allen Mitgliedern, die dem Club seit der Wiedergr\u00fcndung treu geblieben waren, wurde feierlich die silberne Vereinsnadel an die Brust geheftet. &#8222;Herr Willi Blechschmidt erh\u00e4lt die goldene Vereinsnadel&#8220;, hielt die Chronik zudem in gro\u00dfen Lettern fest. F\u00fcr den &#8222;bunten Abend&#8220;, der im Anschluss steigen sollte, wurden keine Kosten und M\u00fchen gescheut und &#8222;ein Ansager aus N\u00fcrnberg, die N\u00fcrnberger Peterlesboum und die Hummelgauer Blaskapelle&#8220; verpflichtet. Offenbar waren die G\u00e4ste in Feierlaune, denn im Jahr darauf sprach man auf der Hauptversammlung von einem &#8222;vollen Erfolg&#8220; und hielt fest, dass &#8222;der Verein seine Finanzen aufbessern&#8220; konnte.<\/p>\n<p><strong>Vor 20 Jahren: Wiederaufstieg in die Kreisklasse<\/strong><\/p>\n<p>Auch sportlich war das Jahr 1965 durchaus erfolgreich, wenngleich der anvisierte Wiederaufstieg in die Kreisliga knapp missgl\u00fcckte. Von solchen Aussichten war die SpVgg 30 Jahre sp\u00e4ter doch etwas entfernt, denn in den fr\u00fchen 90er Jahren musste sich der einst stolze Kreis- und sogar Amateurligist in der C-Klasse plagen. Umso gr\u00f6\u00dfer war die Freude, dieser Leidenszeit ein Ende zu setzen: Im Mai 1995 war es soweit, und die SpVgg konnte als souver\u00e4ner Meister in die B-Klasse zur\u00fcckkehren. Ein frohes Ereignis in der Vereinsgeschichte, das sich 2015 zum 20. Mal j\u00e4hrt.<\/p>\n<p>Von der Meisterurkunde abgescannt und bei auf der Facebook-Seite der Spielvereinigung \u2013 facebook.com\/SpVgg1946 \u2013 erst einmal ohne Erkl\u00e4rung ver\u00f6ffentlicht, lie\u00dfen launige Kommentare nicht lange auf sich warten. &#8222;Das ist das Bild zur Meisterschaft 94\/95&#8220;, wusste der selbst darauf abgebildete Burkhard Kopp, &#8222;unvergessen weil ohne Niederlage. In der Serie gab es nur acht Gegentore!&#8220; \u00dcber diese Marke ist die SpVgg im aktuellen Spieljahr bereits jetzt hinaus; doch liegen die Gronicher in der A-Klasse als Tabellenzweiter auf Kurs. Aufstieg <em>und<\/em> Stadtjubil\u00e4um \u2013 das w\u00e4re selbst in der bewegten Geschichte des Goldkronacher Fu\u00dfballs ein absolutes Novum!<\/p>\n<div id=\"attachment_3508\" style=\"width: 750px\" class=\"wp-caption aligncenter\"><img loading=\"lazy\" decoding=\"async\" aria-describedby=\"caption-attachment-3508\" class=\"size-full wp-image-3508\" title=\"Meistermannschaft der C-Klasse: SpVgg Goldkronach 1994\/95\" src=\"https:\/\/spvgg-goldkronach.com\/1946\/wp-content\/uploads\/2015\/03\/Meister1995_740px.jpg\" alt=\"Meistermannschaft der C-Klasse: SpVgg Goldkronach 1994\/95\" width=\"740\" height=\"438\" srcset=\"https:\/\/spvgg-goldkronach.com\/1946\/wp-content\/uploads\/2015\/03\/Meister1995_740px.jpg 740w, https:\/\/spvgg-goldkronach.com\/1946\/wp-content\/uploads\/2015\/03\/Meister1995_740px-300x177.jpg 300w\" sizes=\"auto, (max-width: 740px) 100vw, 740px\" \/><p id=\"caption-attachment-3508\" class=\"wp-caption-text\">Die Meistermannschaft der Saison 1994\/95. Hintere Reihe von links Spielleiter Gerhard Koska, Hans Hoffmann, Peter Ruppel, Reinhard Neukam, Alexander W\u00f6lfel, Fritz Stockinger, Erich B\u00f6hner, Andreas Wiemann, Heiko Krause, Vorsitzender Hans W\u00f6lfel, stellv. Vorsitzender Peter Krause. Vorne von links: Klaus Postmann, Friedhelm Br\u00f6del, Gerd Drescher, Burkhard Kopp, Matthias Ehl, Stefan Katholing.<\/p><\/div>\n<p><strong>Happy Birthday, Spielvereinigung!<\/strong><\/p>\n<ul>\n<li><a title=\"Geschichte\" href=\"https:\/\/spvgg-goldkronach.com\/1946\/geschichte\/\" target=\"_blank\">Einen \u00dcberblick \u00fcber die gesamte Geschichte des Goldkronacher Sports k\u00f6nnt ihr hier gewinnen.<\/a><\/li>\n<li><a title=\"SpVgg Goldkronach bei Facebook\" href=\"https:\/\/www.facebook.com\/SpVgg1946\" target=\"_blank\">Der SpVgg auf Facebook gratulieren&#8230;<\/a><\/li>\n<\/ul>\n","protected":false},"excerpt":{"rendered":"<p>Es war der 17. M\u00e4rz 1946, als die Goldkronacher ihren vormaligen Arbeiter-Turn- und Sportverein &#8222;Vorw\u00e4rts&#8220; zu neuem Leben erweckten. Heuer j\u00e4hrt sich diese Wiedergr\u00fcndung zum 69. Mal. Wir blicken anl\u00e4sslich des Jubil\u00e4ums zur\u00fcck auf Geschichte und Geschichten des Goldkronacher Sports \u2013 und entdecken Parallelen: Vor genau 50 Jahren feierte die SpVgg das 600-j\u00e4hrige Jubil\u00e4um ihrer [&hellip;]<\/p>\n","protected":false},"author":1,"featured_media":3497,"comment_status":"open","ping_status":"closed","sticky":false,"template":"","format":"standard","meta":{"footnotes":""},"categories":[498],"tags":[404,564,500,488,110,197],"class_list":["post-3480","post","type-post","status-publish","format-standard","has-post-thumbnail","hentry","category-tradition","tag-aufstieg","tag-feier","tag-geschichte","tag-historie","tag-jubilaum","tag-stadt"],"_links":{"self":[{"href":"https:\/\/spvgg-goldkronach.com\/1946\/wp-json\/wp\/v2\/posts\/3480","targetHints":{"allow":["GET"]}}],"collection":[{"href":"https:\/\/spvgg-goldkronach.com\/1946\/wp-json\/wp\/v2\/posts"}],"about":[{"href":"https:\/\/spvgg-goldkronach.com\/1946\/wp-json\/wp\/v2\/types\/post"}],"author":[{"embeddable":true,"href":"https:\/\/spvgg-goldkronach.com\/1946\/wp-json\/wp\/v2\/users\/1"}],"replies":[{"embeddable":true,"href":"https:\/\/spvgg-goldkronach.com\/1946\/wp-json\/wp\/v2\/comments?post=3480"}],"version-history":[{"count":29,"href":"https:\/\/spvgg-goldkronach.com\/1946\/wp-json\/wp\/v2\/posts\/3480\/revisions"}],"predecessor-version":[{"id":3522,"href":"https:\/\/spvgg-goldkronach.com\/1946\/wp-json\/wp\/v2\/posts\/3480\/revisions\/3522"}],"wp:featuredmedia":[{"embeddable":true,"href":"https:\/\/spvgg-goldkronach.com\/1946\/wp-json\/wp\/v2\/media\/3497"}],"wp:attachment":[{"href":"https:\/\/spvgg-goldkronach.com\/1946\/wp-json\/wp\/v2\/media?parent=3480"}],"wp:term":[{"taxonomy":"category","embeddable":true,"href":"https:\/\/spvgg-goldkronach.com\/1946\/wp-json\/wp\/v2\/categories?post=3480"},{"taxonomy":"post_tag","embeddable":true,"href":"https:\/\/spvgg-goldkronach.com\/1946\/wp-json\/wp\/v2\/tags?post=3480"}],"curies":[{"name":"wp","href":"https:\/\/api.w.org\/{rel}","templated":true}]}}