{"id":3006,"date":"2014-08-21T19:24:38","date_gmt":"2014-08-21T17:24:38","guid":{"rendered":"http:\/\/spvgg-goldkronach.com\/1946\/?p=3006"},"modified":"2014-08-22T11:22:54","modified_gmt":"2014-08-22T09:22:54","slug":"hochbetrieb-bei-unseren-jungsten","status":"publish","type":"post","link":"https:\/\/spvgg-goldkronach.com\/1946\/2014\/08\/hochbetrieb-bei-unseren-jungsten\/","title":{"rendered":"Hochbetrieb bei unseren J\u00fcngsten"},"content":{"rendered":"<div id=\"attachment_3009\" style=\"width: 310px\" class=\"wp-caption alignleft\"><img loading=\"lazy\" decoding=\"async\" aria-describedby=\"caption-attachment-3009\" class=\"size-medium wp-image-3009\" title=\"E-Junioren SpVgg Goldkronach 2014\/15\" src=\"https:\/\/spvgg-goldkronach.com\/1946\/wp-content\/uploads\/2014\/08\/Teamfoto-Baelle-U11-400px-300x225.jpg\" alt=\"\" width=\"300\" height=\"225\" srcset=\"https:\/\/spvgg-goldkronach.com\/1946\/wp-content\/uploads\/2014\/08\/Teamfoto-Baelle-U11-400px-300x225.jpg 300w, https:\/\/spvgg-goldkronach.com\/1946\/wp-content\/uploads\/2014\/08\/Teamfoto-Baelle-U11-400px.jpg 400w\" sizes=\"auto, (max-width: 300px) 100vw, 300px\" \/><p id=\"caption-attachment-3009\" class=\"wp-caption-text\">Die E-Jugend freut sich \u00fcber die Ballspende von Klaus Beck.<\/p><\/div>\n<p><strong>Ein Sommerabend im Kronachtal, die Sonne taucht die Goldkronacher Au in warmes Licht. Doch auf dem Sportgel\u00e4nde der Spielvereinigung herrscht Hochbetrieb: Trotz der Sommerferien wuseln die jungen Kicker \u00fcber den gepflegten Rasenplatz.<\/strong><\/p>\n<p>Heute, am Donnerstag, trainieren E-Jugend (U11) und F-Jugend (U9) parallel. Sven Herrmann, Trainer der Goldkronacher E-Junioren, freut sich auf die neue Saison, die im September startet. Im vergangenen Fr\u00fchjahr wurde das Team Dritter, vielleicht geht es nun sogar noch ein St\u00fcck nach oben. \u201eIch habe eine tolle Truppe, es macht viel Spa\u00df\u201c, plaudert er am Spielfeldrand, gibt ab und zu Anweisungen. Passspiel steht auf dem Trainingsplan. Zwischendurch ein Fototermin: Klaus Beck von der B\u00e4ckerei Beck\u2019s Backstadl hat nagelneue B\u00e4lle spendiert, strahlend halten die jungen Spielerinnen und Spieler die Kugeln in Bundesliga-Optik in die Kamera.<\/p>\n<p><strong>Viele Neue bei der F-Jugend<\/strong><\/p>\n<p>Flexibel gehen die Trainer die Vorbereitung an, unter Herrmanns Sch\u00fctzlingen finden sich zwei, die eigentlich mit den J\u00fcngeren nebenan trainieren m\u00fcssten. \u201eAber die sind stark drauf\u201c, sagt er \u00fcber die beiden Jungs. Bei ihm fehlen urlaubsbedingt einige Fu\u00dfballer und bei den F-Junioren sei ohnehin schon viel Betrieb. Ein paar der Kids dort haben ganz neu mit dem Fu\u00dfballspielen begonnen, au\u00dferdem gibt es viele, die erst aus der G-Jugend, also von den J\u00fcngsten, aufger\u00fcckt sind. \u201eDa hat der Matthias also schon genug zu tun\u201c, schmunzelt Herrmann.<\/p>\n<div id=\"attachment_3008\" style=\"width: 310px\" class=\"wp-caption alignright\"><img loading=\"lazy\" decoding=\"async\" aria-describedby=\"caption-attachment-3008\" class=\"size-medium wp-image-3008 \" title=\"E-Junioren SpVgg Goldkronach 2014\/15\" src=\"https:\/\/spvgg-goldkronach.com\/1946\/wp-content\/uploads\/2014\/08\/U11-Training-400px-300x225.jpg\" alt=\"E-Junioren SpVgg Goldkronach 2014\/15\" width=\"300\" height=\"225\" srcset=\"https:\/\/spvgg-goldkronach.com\/1946\/wp-content\/uploads\/2014\/08\/U11-Training-400px-300x225.jpg 300w, https:\/\/spvgg-goldkronach.com\/1946\/wp-content\/uploads\/2014\/08\/U11-Training-400px.jpg 400w\" sizes=\"auto, (max-width: 300px) 100vw, 300px\" \/><p id=\"caption-attachment-3008\" class=\"wp-caption-text\">Auf gepflegtem Gr\u00fcn wird an der Technik gefeilt.<\/p><\/div>\n<p><strong>Zwei G-Junioren-Teams am Start<\/strong><\/p>\n<p>Das hat Matthias Eibl, der erst k\u00fcrzlich einen Trainerlehrgang absolvierte, tats\u00e4chlich. Auch f\u00fcr die F-Junioren startet die Saison im September. Die lebhafte Meute macht dem Coach ganz sch\u00f6n zu schaffen, doch er bleibt ruhig. Zwei M\u00fctter beobachten das Geschehen. Eibl hatte zuletzt auch die G-Junioren betreut, wo die Kicker unter sieben Jahren dem Leder nachjagen. Insgesamt vier Mannschaften unterhalb der JFG Fichtelgebirge bringt die SpVgg im Herbst eigenst\u00e4ndig an den Start, zwei davon in dieser j\u00fcngsten Altersklasse, in der nun Brigitte Brod federf\u00fchrend ist.<\/p>\n<p>Einen Spielplan f\u00fcr die G-Junioren gibt es noch nicht: Bei der U7 werden wechselnd Turniere ausgetragen, die genauen Termine stehen noch aus. Bei der U11 und U9 ist das anders, der Spielplan ist l\u00e4ngst bekannt. Besonders die F-Junioren haben eine anspruchsvolle Gruppe erwischt, viele Derbys, starke Gegner. \u201eBei den J\u00fcngsten steht aber ohnehin der Spa\u00df im Vordergrund und nicht die Ergebnisse\u201c, wird Vorstand Manfred Hautsch auch dieses Mal nicht m\u00fcde zu betonen. Dennoch: Die Abende, an denen im Kronachtal ungest\u00f6rte Idylle herrscht, werden sich wohl auch zuk\u00fcnftig in Grenzen halten.<\/p>\n<p>Alle Informationen zu unseren Jugendmannschaften gibt es unter <a title=\"SpVgg Goldkronach \u2013 Fu\u00dfball-Jugend\" href=\"https:\/\/spvgg-goldkronach.com\/1946\/jugend\/\" target=\"_blank\">spvgg-goldkronach.com\/1946\/jugend<\/a>.<\/p>\n<p><strong>E-Junioren, Herbstrunde 2014\/15, Gruppe 22<\/strong><\/p>\n<ul>\n<li>19. September, 17 Uhr: SpVgg Bayreuth II \u2013 SpVgg Goldkronach<\/li>\n<li>23. September, 17:30 Uhr: SpVgg Goldkronach \u2013 TSV St. Johannis II<\/li>\n<li>26. September, 17:45 Uhr: FSV Bayreuth II \u2013 SpVgg Goldkronach (beim BSV 98 Bayreuth)<\/li>\n<li>3. Oktober, 17:30 Uhr: SV Mistelgau II \u2013 SpVgg Goldkronach<\/li>\n<li>11. Oktober, 11 Uhr: SpVgg Goldkronach \u2013 JFC Thurnauer Land II<\/li>\n<li>18. Oktober, 11 Uhr: SpVgg Goldkronach \u2013 SpVgg Bayreuth II<\/li>\n<li>25. Oktober, 10 Uhr: TSV St. Johannis II \u2013 SpVgg Goldkronach<\/li>\n<li>1. November, 11 Uhr: SpVgg Goldkronach \u2013 FSV Bayreuth II<\/li>\n<li>8. November, 11 Uhr: SpVgg Goldkronach \u2013 SV Mistelgau II<\/li>\n<li>14. November, 16:30 Uhr: JFC Thurnauer Land II \u2013 SpVgg Goldkronach (beim SV Hutschdorf)<\/li>\n<\/ul>\n<p>(Stand: 21. August 2014)<\/p>\n<p><strong>F-Junioren, Herbstrunde 2014\/15, Gruppe 2<br \/>\n<\/strong><\/p>\n<ul>\n<li>20. September, 10 Uhr: SSV Warmensteinach \u2013 SpVgg Goldkronach<\/li>\n<li>24. September, 17:15 Uhr: SpVgg Goldkronach \u2013 SV Ramsenthal<\/li>\n<li>27. September, 11 Uhr: ASV Oberpreuschwitz \u2013 SpVgg Goldkronach<\/li>\n<li>3. Oktober, 16 Uhr: TSV Bindlach \u2013 SpVgg Goldkronach<\/li>\n<li>11. Oktober, 10 Uhr: SpVgg Goldkronach \u2013 SG R\u00f6hrenhof\/Bad Berneck<\/li>\n<li>18. Oktober, 10 Uhr: SpVgg Goldkronach \u2013 SSV Warmensteinach<\/li>\n<li>25. Oktober, 10:30 Uhr: SV Ramsenthal \u2013 SpVgg Goldkronach<\/li>\n<li>1. November, 10 Uhr: SpVgg Goldkronach \u2013 ASV Oberpreuschwitz<\/li>\n<li>8. November, 10 Uhr: SpVgg Goldkronach \u2013 TSV Bindlach<\/li>\n<li>15. November, 11 Uhr: SG R\u00f6hrenhof\/Bad Berneck \u2013 SpVgg Goldkronach<\/li>\n<\/ul>\n<p>(Stand: 21. August 2014)<\/p>\n","protected":false},"excerpt":{"rendered":"<p>Ein Sommerabend im Kronachtal, die Sonne taucht die Goldkronacher Au in warmes Licht. Doch auf dem Sportgel\u00e4nde der Spielvereinigung herrscht Hochbetrieb: Trotz der Sommerferien wuseln die jungen Kicker \u00fcber den gepflegten Rasenplatz. Heute, am Donnerstag, trainieren E-Jugend (U11) und F-Jugend (U9) parallel. Sven Herrmann, Trainer der Goldkronacher E-Junioren, freut sich auf die neue Saison, die [&hellip;]<\/p>\n","protected":false},"author":1,"featured_media":3007,"comment_status":"open","ping_status":"closed","sticky":false,"template":"","format":"standard","meta":{"footnotes":""},"categories":[7],"tags":[214,515,212,517,346,447,516,171,396,225],"class_list":["post-3006","post","type-post","status-publish","format-standard","has-post-thumbnail","hentry","category-junioren","tag-becks-backstadl","tag-brod","tag-e-jugend","tag-eibl","tag-f-jugend","tag-g-jugend","tag-hermann","tag-u11","tag-u7","tag-u9"],"_links":{"self":[{"href":"https:\/\/spvgg-goldkronach.com\/1946\/wp-json\/wp\/v2\/posts\/3006","targetHints":{"allow":["GET"]}}],"collection":[{"href":"https:\/\/spvgg-goldkronach.com\/1946\/wp-json\/wp\/v2\/posts"}],"about":[{"href":"https:\/\/spvgg-goldkronach.com\/1946\/wp-json\/wp\/v2\/types\/post"}],"author":[{"embeddable":true,"href":"https:\/\/spvgg-goldkronach.com\/1946\/wp-json\/wp\/v2\/users\/1"}],"replies":[{"embeddable":true,"href":"https:\/\/spvgg-goldkronach.com\/1946\/wp-json\/wp\/v2\/comments?post=3006"}],"version-history":[{"count":7,"href":"https:\/\/spvgg-goldkronach.com\/1946\/wp-json\/wp\/v2\/posts\/3006\/revisions"}],"predecessor-version":[{"id":3032,"href":"https:\/\/spvgg-goldkronach.com\/1946\/wp-json\/wp\/v2\/posts\/3006\/revisions\/3032"}],"wp:featuredmedia":[{"embeddable":true,"href":"https:\/\/spvgg-goldkronach.com\/1946\/wp-json\/wp\/v2\/media\/3007"}],"wp:attachment":[{"href":"https:\/\/spvgg-goldkronach.com\/1946\/wp-json\/wp\/v2\/media?parent=3006"}],"wp:term":[{"taxonomy":"category","embeddable":true,"href":"https:\/\/spvgg-goldkronach.com\/1946\/wp-json\/wp\/v2\/categories?post=3006"},{"taxonomy":"post_tag","embeddable":true,"href":"https:\/\/spvgg-goldkronach.com\/1946\/wp-json\/wp\/v2\/tags?post=3006"}],"curies":[{"name":"wp","href":"https:\/\/api.w.org\/{rel}","templated":true}]}}