{"id":2958,"date":"2014-07-28T11:00:27","date_gmt":"2014-07-28T09:00:27","guid":{"rendered":"http:\/\/spvgg-goldkronach.com\/1946\/?p=2958"},"modified":"2014-07-28T11:58:40","modified_gmt":"2014-07-28T09:58:40","slug":"3-august-heimspiel-gegen-lanzendorf-zum-auftakt","status":"publish","type":"post","link":"https:\/\/spvgg-goldkronach.com\/1946\/2014\/07\/3-august-heimspiel-gegen-lanzendorf-zum-auftakt\/","title":{"rendered":"3. August: Heimspiel gegen Lanzendorf zum Auftakt!"},"content":{"rendered":"<p><strong>Endlich geht&#8217;s wieder los \u2013 nach dem bitteren Abstieg starten die Gronicher am Sonntag, 3. August, mit einem Heimspiel in die neue Saison. Zum Auftakt gibt&#8217;s gleich das spannende Lokalduell gegen den SV Lanzendorf. Das Fu\u00dfballportal <em>anpfiff.info<\/em> hat die Partie zum Topspiel erkl\u00e4rt und ist mit einem Reporter vor Ort. Angepfiffen werden Spiel und Saison um 14 Uhr, im Anschluss findet ab 16 Uhr das &#8222;kleine Derby&#8220; gegen den ASV Nemmersdorf in der B-Klasse statt.<\/strong><\/p>\n<div id=\"attachment_2296\" style=\"width: 310px\" class=\"wp-caption alignleft\"><img loading=\"lazy\" decoding=\"async\" aria-describedby=\"caption-attachment-2296\" class=\"size-medium wp-image-2296\" title=\"SV Lanzendorf \u2013 SpVgg Goldkronach\" src=\"https:\/\/spvgg-goldkronach.com\/1946\/wp-content\/uploads\/2013\/07\/luthner_schulte_wagner-300x225.jpg\" alt=\"SV Lanzendorf \u2013 SpVgg Goldkronach\" width=\"300\" height=\"225\" srcset=\"https:\/\/spvgg-goldkronach.com\/1946\/wp-content\/uploads\/2013\/07\/luthner_schulte_wagner-300x225.jpg 300w, https:\/\/spvgg-goldkronach.com\/1946\/wp-content\/uploads\/2013\/07\/luthner_schulte_wagner.jpg 400w\" sizes=\"auto, (max-width: 300px) 100vw, 300px\" \/><p id=\"caption-attachment-2296\" class=\"wp-caption-text\">Letztes Punktspiel am 5. April 2010: Hier bedr\u00e4ngen Oliver Wagner und Henning Schulte im Busch den Lanzendorfer Franz Luthner.<\/p><\/div>\n<p>Freilich ist das Duell mit dem Nachbarn aus Lanzendorf gleich ein erster H\u00f6hepunkt der Saison 2014\/15. Der Elf von Matthias Bauer wird als Absteiger, zumal, da wichtige Spieler an der Kronach blieben, eine gute Rolle zugetraut. Doch die Goldkronacher gehen l\u00e4ngst nicht als Favorit in die Partie. Denn der SVL, der in der Vorsaison sogar in den Abstiegsstrudel geriet, holte mit Andre Russ vom TSV Bad Berneck einen neuen Spielertrainer. Und hat auch sonst aufger\u00fcstet: So verst\u00e4rkte etwa Arslan Aydin die Mannschaft. Der 33-j\u00e4hrige Spielmacher sammelte bereits reichlich Landesliga-Erfahrung.<\/p>\n<p><strong>Letzter Liga-Vergleich vor mehr als vier Jahren<\/strong><\/p>\n<p>F\u00fcr Spannung d\u00fcrfte also gesorgt sein, auch wenn die letzten Vergleiche mit dem SVL f\u00fcr die Goldkronacher sprechen: Am 21. Juli 2013 siegte der damalige Kreisklassist deutlich mit 6:1 beim freundschaftlichen Kr\u00e4ftemessen in Ramsenthal. Das letzte Aufeinandertreffen in der Liga entschied ebenfalls die SpVgg f\u00fcr sich. Am 5. April 2010 holte die SpVgg einen so knappen wie wichtigen 1:0-Ausw\u00e4rtssieg \u2013 am Ende der Saison stand der ersehnte Aufstieg.<\/p>\n<p><strong>Starkes Auftaktprogramm f\u00fcr die SpVgg<\/strong><\/p>\n<p>Doch nicht nur am ersten Spieltag, auch in den beiden folgenden Partien liegt ein hartes St\u00fcck Arbeit vor dem Team aus der Goldbergbaustadt. Denn da geht es f\u00fcr die Gronicher zun\u00e4chst zur Bayernliga-Dritten des TSV Neudrossenfeld. Dessen erste Mannschaft ist durchaus eine kleine Goldkronacher Dependance \u2013 denn Daniel Meyer, Lorenz Hofmann und Steffen Zinke, die dort allesamt im Kader stehen, durchliefen einige Jugendteams der SpVgg und der JFG Fichtelgebirge. Mit ihrem Einsatz ist kaum zu rechnen, indes gilt der Vorjahres-Sechste der A-Klasse durchaus als ambitioniert. Immerhin spielt selbst die Zweite des TSV mittlerweile in der Bezirksliga. Und am dritten Spieltag kommt dann der T\u00fcrk-FC Bayreuth an die Kronach \u2013 diesem werden mit die deutlichsten Aufstiegsambitionen nachgesagt.<\/p>\n","protected":false},"excerpt":{"rendered":"<p>Endlich geht&#8217;s wieder los \u2013 nach dem bitteren Abstieg starten die Gronicher am Sonntag, 3. August, mit einem Heimspiel in die neue Saison. Zum Auftakt gibt&#8217;s gleich das spannende Lokalduell gegen den SV Lanzendorf. Das Fu\u00dfballportal anpfiff.info hat die Partie zum Topspiel erkl\u00e4rt und ist mit einem Reporter vor Ort. Angepfiffen werden Spiel und Saison [&hellip;]<\/p>\n","protected":false},"author":1,"featured_media":2959,"comment_status":"open","ping_status":"closed","sticky":false,"template":"","format":"standard","meta":{"footnotes":""},"categories":[5,6],"tags":[141,24,133,391,59],"class_list":["post-2958","post","type-post","status-publish","format-standard","has-post-thumbnail","hentry","category-1-mannschaft","category-2-mannschaft","tag-auftakt","tag-heimspiel","tag-lanzendorf","tag-lokalderby","tag-nemmersdorf"],"_links":{"self":[{"href":"https:\/\/spvgg-goldkronach.com\/1946\/wp-json\/wp\/v2\/posts\/2958","targetHints":{"allow":["GET"]}}],"collection":[{"href":"https:\/\/spvgg-goldkronach.com\/1946\/wp-json\/wp\/v2\/posts"}],"about":[{"href":"https:\/\/spvgg-goldkronach.com\/1946\/wp-json\/wp\/v2\/types\/post"}],"author":[{"embeddable":true,"href":"https:\/\/spvgg-goldkronach.com\/1946\/wp-json\/wp\/v2\/users\/1"}],"replies":[{"embeddable":true,"href":"https:\/\/spvgg-goldkronach.com\/1946\/wp-json\/wp\/v2\/comments?post=2958"}],"version-history":[{"count":5,"href":"https:\/\/spvgg-goldkronach.com\/1946\/wp-json\/wp\/v2\/posts\/2958\/revisions"}],"predecessor-version":[{"id":2968,"href":"https:\/\/spvgg-goldkronach.com\/1946\/wp-json\/wp\/v2\/posts\/2958\/revisions\/2968"}],"wp:featuredmedia":[{"embeddable":true,"href":"https:\/\/spvgg-goldkronach.com\/1946\/wp-json\/wp\/v2\/media\/2959"}],"wp:attachment":[{"href":"https:\/\/spvgg-goldkronach.com\/1946\/wp-json\/wp\/v2\/media?parent=2958"}],"wp:term":[{"taxonomy":"category","embeddable":true,"href":"https:\/\/spvgg-goldkronach.com\/1946\/wp-json\/wp\/v2\/categories?post=2958"},{"taxonomy":"post_tag","embeddable":true,"href":"https:\/\/spvgg-goldkronach.com\/1946\/wp-json\/wp\/v2\/tags?post=2958"}],"curies":[{"name":"wp","href":"https:\/\/api.w.org\/{rel}","templated":true}]}}