{"id":2949,"date":"2014-06-24T22:24:53","date_gmt":"2014-06-24T20:24:53","guid":{"rendered":"http:\/\/spvgg-goldkronach.com\/1946\/?p=2949"},"modified":"2019-04-17T10:23:25","modified_gmt":"2019-04-17T08:23:25","slug":"spvgg-trauert-um-gerhard-schmidt","status":"publish","type":"post","link":"https:\/\/spvgg-goldkronach.com\/1946\/2014\/06\/spvgg-trauert-um-gerhard-schmidt\/","title":{"rendered":"SpVgg trauert um Gerhard Schmidt"},"content":{"rendered":"<p><strong>Die Spielvereinigung Goldkronach trauert um ihren Ehrenvorsitzenden Gerhard Schmidt.\u00a0<\/strong><\/p>\n<div id=\"attachment_2951\" style=\"width: 284px\" class=\"wp-caption alignleft\"><a href=\"https:\/\/spvgg-goldkronach.com\/1946\/wp-content\/uploads\/2014\/06\/Gerhard-Schmidt-Trauer.jpg\"><img loading=\"lazy\" decoding=\"async\" aria-describedby=\"caption-attachment-2951\" class=\"size-full wp-image-2951\" title=\"Trauer um Gerhard Schmidt\" src=\"https:\/\/spvgg-goldkronach.com\/1946\/wp-content\/uploads\/2014\/06\/Gerhard-Schmidt-Trauer.jpg\" alt=\"Trauer um Gerhard Schmidt\" width=\"274\" height=\"210\" \/><\/a><p id=\"caption-attachment-2951\" class=\"wp-caption-text\">Trauer um Gerhard Schmidt.<\/p><\/div>\n<p>Er begann bei der SpVgg als aktiver Fu\u00dfballspieler und war Teil einer der erfolgreichsten Mannschaften im Goldkronacher Trikot. Vom Jahr 1960 an, als das Team das Tor zur Zweiten Amateurliga aufstie\u00df, bis 1978 leitete er zudem unz\u00e4hlige Begegnungen als Schiedsrichter auf Oberfrankens Sportpl\u00e4tzen.<\/p>\n<p>Insgesamt 20 Jahre lang engagierte er sich in der Vorstandschaft der SpVgg, darunter von 1973 bis 1979 als erster Vorsitzender. In die Amtszeit Gerhard Schmidts fiel etwa die Errichtung von Flutlichtmasten um das Spielfeld und die Gr\u00fcndung der Gymnastiksparte. Als wichtigstes Projekt z\u00e4hlt sicherlich die Vollendung des Sportheims, das noch heute die Anlage an der Kronach schm\u00fcckt.<\/p>\n<p><a title=\"Erwin Schott und Gerhard Schmidt zu Ehrenvorsitzenden ernannt\" href=\"https:\/\/spvgg-goldkronach.com\/1946\/2013\/04\/erwin-schott-und-gerhard-schmidt-zu-ehrenvorsitzenden-ernannt\/\">Im April 2013 ernannte die Spielvereinigung ihren langj\u00e4hrigen Spieler und Funktion\u00e4r zum Ehrenvorsitzenden.<\/a> Gleichzeitig erhielt er die Verdienstmedaille des Bayerischen Landessportverbands in Silber und Gold. Noch bei den letzten Spielen der vergangenen Saison hielt er seinen Gronichern am Spielfeldrand die Treue. <a title=\"Goldkronacher Fu\u00dfballtradition: Kleines Foto, gro\u00dfe Geschichte\" href=\"https:\/\/spvgg-goldkronach.com\/1946\/2014\/04\/goldkronacher-fusballtradition-kleines-foto-grose-geschichte\/\">So trug es sich erst an Ostern 2014 zu, dass wir ein historisches Foto im Mitteilungsblatt der Stadt abdruckten \u2013 uns war das Aufnahmedatum ein R\u00e4tsel, doch mit gro\u00dfem Enthusiasmus suchte er in seinem Archiv nach der richtigen Zuordnung und wurde nat\u00fcrlich f\u00fcndig.<\/a><\/p>\n<p>Gerhard Schmidt engagierte sich \u00fcber viele Jahre f\u00fcr die Goldkronacher Stadtgesellschaft \u2013 nicht nur im sportlichen Bereich, er war \u00fcberdies ein verdienter Altstadtrat unserer Gemeinde.<\/p>\n<p>In der Nacht zum Sonntag ist er friedlich eingeschlafen. Die Spielvereinigung wird ihm ein ehrendes Andenken bewahren. Unser herzliches Beileid gilt allen Angeh\u00f6rigen.<\/p>\n<p>Der Trauergottesdienst findet am Donnerstag, 26. Juni, um 14 Uhr in der Goldkronacher Friedhofskirche statt.<\/p>\n","protected":false},"excerpt":{"rendered":"<p>Die Spielvereinigung Goldkronach trauert um ihren Ehrenvorsitzenden Gerhard Schmidt.\u00a0 Er begann bei der SpVgg als aktiver Fu\u00dfballspieler und war Teil einer der erfolgreichsten Mannschaften im Goldkronacher Trikot. Vom Jahr 1960 an, als das Team das Tor zur Zweiten Amateurliga aufstie\u00df, bis 1978 leitete er zudem unz\u00e4hlige Begegnungen als Schiedsrichter auf Oberfrankens Sportpl\u00e4tzen. Insgesamt 20 Jahre [&hellip;]<\/p>\n","protected":false},"author":1,"featured_media":2952,"comment_status":"open","ping_status":"closed","sticky":false,"template":"","format":"standard","meta":{"footnotes":""},"categories":[1],"tags":[373,505,792,506],"class_list":["post-2949","post","type-post","status-publish","format-standard","has-post-thumbnail","hentry","category-verein","tag-ehrenvorsitzender","tag-gerhard-schmidt","tag-nachruf","tag-trauer"],"_links":{"self":[{"href":"https:\/\/spvgg-goldkronach.com\/1946\/wp-json\/wp\/v2\/posts\/2949","targetHints":{"allow":["GET"]}}],"collection":[{"href":"https:\/\/spvgg-goldkronach.com\/1946\/wp-json\/wp\/v2\/posts"}],"about":[{"href":"https:\/\/spvgg-goldkronach.com\/1946\/wp-json\/wp\/v2\/types\/post"}],"author":[{"embeddable":true,"href":"https:\/\/spvgg-goldkronach.com\/1946\/wp-json\/wp\/v2\/users\/1"}],"replies":[{"embeddable":true,"href":"https:\/\/spvgg-goldkronach.com\/1946\/wp-json\/wp\/v2\/comments?post=2949"}],"version-history":[{"count":6,"href":"https:\/\/spvgg-goldkronach.com\/1946\/wp-json\/wp\/v2\/posts\/2949\/revisions"}],"predecessor-version":[{"id":4808,"href":"https:\/\/spvgg-goldkronach.com\/1946\/wp-json\/wp\/v2\/posts\/2949\/revisions\/4808"}],"wp:featuredmedia":[{"embeddable":true,"href":"https:\/\/spvgg-goldkronach.com\/1946\/wp-json\/wp\/v2\/media\/2952"}],"wp:attachment":[{"href":"https:\/\/spvgg-goldkronach.com\/1946\/wp-json\/wp\/v2\/media?parent=2949"}],"wp:term":[{"taxonomy":"category","embeddable":true,"href":"https:\/\/spvgg-goldkronach.com\/1946\/wp-json\/wp\/v2\/categories?post=2949"},{"taxonomy":"post_tag","embeddable":true,"href":"https:\/\/spvgg-goldkronach.com\/1946\/wp-json\/wp\/v2\/tags?post=2949"}],"curies":[{"name":"wp","href":"https:\/\/api.w.org\/{rel}","templated":true}]}}