{"id":2718,"date":"2013-12-19T00:29:53","date_gmt":"2013-12-18T23:29:53","guid":{"rendered":"http:\/\/spvgg-goldkronach.com\/1946\/?p=2718"},"modified":"2013-12-23T21:12:36","modified_gmt":"2013-12-23T20:12:36","slug":"drei-neue-fur-die-spvgg-im-winter","status":"publish","type":"post","link":"https:\/\/spvgg-goldkronach.com\/1946\/2013\/12\/drei-neue-fur-die-spvgg-im-winter\/","title":{"rendered":"Drei Neue f\u00fcr die SpVgg im Winter"},"content":{"rendered":"<div id=\"attachment_2720\" style=\"width: 130px\" class=\"wp-caption alignleft\"><img loading=\"lazy\" decoding=\"async\" aria-describedby=\"caption-attachment-2720\" class=\"size-full wp-image-2720\" title=\"Michael Schwelerski\" src=\"https:\/\/spvgg-goldkronach.com\/1946\/wp-content\/uploads\/2013\/12\/68290.jpg\" alt=\"Michael Schwelerski\" width=\"120\" height=\"160\" \/><p id=\"caption-attachment-2720\" class=\"wp-caption-text\">Michael Schwelerski<\/p><\/div>\n<div id=\"attachment_2721\" style=\"width: 130px\" class=\"wp-caption alignleft\"><img loading=\"lazy\" decoding=\"async\" aria-describedby=\"caption-attachment-2721\" class=\"size-full wp-image-2721\" title=\"Marc Helger\" src=\"https:\/\/spvgg-goldkronach.com\/1946\/wp-content\/uploads\/2013\/12\/68306.jpg\" alt=\"Marc Helger\" width=\"120\" height=\"160\" \/><p id=\"caption-attachment-2721\" class=\"wp-caption-text\">Marc Helger<\/p><\/div>\n<p><strong>Die SpVgg Goldkronach verst\u00e4rkt sich f\u00fcr die R\u00fcckrunde: Bereits vor den Weihnachtsfeiertagen sind drei Zug\u00e4nge fix. Vor allem die Offensive der Kreisklassen-Elf k\u00f6nnte von den Neuen im Goldkronacher Trikot profitieren.<\/strong><\/p>\n<p>Denn unter ihnen sind gleich zwei Angreifer, die Trainer Matthias Bauer f\u00fcr die Erste zur Verf\u00fcgung stehen. Michael Schwelerski wechselt vom FSV Bayreuth II an die Kronach. Der 28-j\u00e4hrige erzielte in der laufenden Serie in sieben Spielen acht Treffer f\u00fcr den FSV, in der Saison 2012\/13 waren es zw\u00f6lf Treffer in 18 Spielen. Marc Helger kommt vom Nachbarverein und Klassenkameraden ASV Laineck, wo der 29-j\u00e4hrige in der vergangenen Hinrunde siebenmal zum Einsatz kam.<\/p>\n<p>Au\u00dferdem verst\u00e4rkt Philipp Schneider, der zuletzt f\u00fcr den aktuellen A-Klassen-Dritten TSV Glash\u00fctten kickte, die Gronicher. &#8222;Wir freuen uns, dass wir schon zu einem so fr\u00fchen Zeitpunkt drei Neuzug\u00e4nge vermelden k\u00f6nnen&#8220;, kommentierte Vorstand Manfred Hautsch. Angesichts der d\u00fcnnen Personaldecke und weiter dr\u00fcckender Verletzungssorgen seien Verst\u00e4rkungen beinahe unumg\u00e4nglich gewesen. Weitere Wechsel in der Winterpause schloss Hautsch nicht g\u00e4nzlich aus, allerdings biete die aktuelle Situation keinen Anlass, den Kader in gro\u00dfem Umfang zu ver\u00e4ndern.<\/p>\n","protected":false},"excerpt":{"rendered":"<p>Die SpVgg Goldkronach verst\u00e4rkt sich f\u00fcr die R\u00fcckrunde: Bereits vor den Weihnachtsfeiertagen sind drei Zug\u00e4nge fix. Vor allem die Offensive der Kreisklassen-Elf k\u00f6nnte von den Neuen im Goldkronacher Trikot profitieren. Denn unter ihnen sind gleich zwei Angreifer, die Trainer Matthias Bauer f\u00fcr die Erste zur Verf\u00fcgung stehen. Michael Schwelerski wechselt vom FSV Bayreuth II an [&hellip;]<\/p>\n","protected":false},"author":1,"featured_media":2719,"comment_status":"open","ping_status":"closed","sticky":false,"template":"","format":"standard","meta":{"footnotes":""},"categories":[5,6],"tags":[460,33,461,459,137,82],"class_list":["post-2718","post","type-post","status-publish","format-standard","has-post-thumbnail","hentry","category-1-mannschaft","category-2-mannschaft","tag-helger","tag-neuzugange","tag-schneider","tag-schwelerski","tag-transfers","tag-winterpause"],"_links":{"self":[{"href":"https:\/\/spvgg-goldkronach.com\/1946\/wp-json\/wp\/v2\/posts\/2718","targetHints":{"allow":["GET"]}}],"collection":[{"href":"https:\/\/spvgg-goldkronach.com\/1946\/wp-json\/wp\/v2\/posts"}],"about":[{"href":"https:\/\/spvgg-goldkronach.com\/1946\/wp-json\/wp\/v2\/types\/post"}],"author":[{"embeddable":true,"href":"https:\/\/spvgg-goldkronach.com\/1946\/wp-json\/wp\/v2\/users\/1"}],"replies":[{"embeddable":true,"href":"https:\/\/spvgg-goldkronach.com\/1946\/wp-json\/wp\/v2\/comments?post=2718"}],"version-history":[{"count":7,"href":"https:\/\/spvgg-goldkronach.com\/1946\/wp-json\/wp\/v2\/posts\/2718\/revisions"}],"predecessor-version":[{"id":2734,"href":"https:\/\/spvgg-goldkronach.com\/1946\/wp-json\/wp\/v2\/posts\/2718\/revisions\/2734"}],"wp:featuredmedia":[{"embeddable":true,"href":"https:\/\/spvgg-goldkronach.com\/1946\/wp-json\/wp\/v2\/media\/2719"}],"wp:attachment":[{"href":"https:\/\/spvgg-goldkronach.com\/1946\/wp-json\/wp\/v2\/media?parent=2718"}],"wp:term":[{"taxonomy":"category","embeddable":true,"href":"https:\/\/spvgg-goldkronach.com\/1946\/wp-json\/wp\/v2\/categories?post=2718"},{"taxonomy":"post_tag","embeddable":true,"href":"https:\/\/spvgg-goldkronach.com\/1946\/wp-json\/wp\/v2\/tags?post=2718"}],"curies":[{"name":"wp","href":"https:\/\/api.w.org\/{rel}","templated":true}]}}