{"id":2524,"date":"2013-09-27T12:35:36","date_gmt":"2013-09-27T10:35:36","guid":{"rendered":"http:\/\/spvgg-goldkronach.com\/1946\/?p=2524"},"modified":"2013-09-27T13:30:05","modified_gmt":"2013-09-27T11:30:05","slug":"matthias-bauer-neuer-trainer-bei-der-spvgg-2","status":"publish","type":"post","link":"https:\/\/spvgg-goldkronach.com\/1946\/2013\/09\/matthias-bauer-neuer-trainer-bei-der-spvgg-2\/","title":{"rendered":"Matthias Bauer neuer Trainer bei der SpVgg"},"content":{"rendered":"<p><strong>Die Spielvereinigung Goldkronach hat sich von Trainer Torsten Heumann getrennt. Damit reagieren die Gronicher auf die sportliche Talfahrt der letzten Wochen. Die SpVgg bedankt sich jedoch gleichzeitig bei ihrem nunmehrigen Ex-Trainer f\u00fcr die erfolgreiche Zusammenarbeit. Mit Matthias Bauer pr\u00e4sentierte der Vorstand bereits einen Nachfolger.<\/strong><\/p>\n<div id=\"attachment_2527\" style=\"width: 260px\" class=\"wp-caption alignleft\"><img loading=\"lazy\" decoding=\"async\" aria-describedby=\"caption-attachment-2527\" class=\"size-full wp-image-2527\" title=\"Matthias Bauer\" src=\"https:\/\/spvgg-goldkronach.com\/1946\/wp-content\/uploads\/2013\/09\/124691.jpg\" alt=\"Matthias Bauer\" width=\"250\" height=\"250\" srcset=\"https:\/\/spvgg-goldkronach.com\/1946\/wp-content\/uploads\/2013\/09\/124691.jpg 250w, https:\/\/spvgg-goldkronach.com\/1946\/wp-content\/uploads\/2013\/09\/124691-150x150.jpg 150w\" sizes=\"auto, (max-width: 250px) 100vw, 250px\" \/><p id=\"caption-attachment-2527\" class=\"wp-caption-text\">Matthias Bauer \u00fcbernimmt an der Kronach.<\/p><\/div>\n<p>&#8222;Es hat einfach sportlich nicht mehr gestimmt&#8220;, begr\u00fcndet Vorsitzender Manfred Hautsch die Entscheidung. In der Kreisklasse rangieren die Goldkronacher derzeit auf dem letzten Tabellenplatz. Hautsch betont aber gleichzeitig, dass man im Guten auseinander gegangen sei. &#8222;Wir bedanken uns bei Torsten f\u00fcr die hervorragende Arbeit, die er hier in \u00fcber zwei Jahren geleistet hat.&#8220; Heumann hatte die junge Elf zweimal ins sichere Mittelfeld der Kreisklasse gef\u00fchrt. Nun m\u00fcsse der Verein jedoch neue Anreize schaffen.<\/p>\n<p>Der neue Mann in der sportlichen Verantwortung hei\u00dft indes Matthias Bauer. Der 43-j\u00e4hrige Bayreuther war zuletzt f\u00fcnf Jahre beim ASV Laineck t\u00e4tig und f\u00fchrte diesen in der Saison 2011\/12 in die Kreisklasse. Nun soll er die Spielvereinigung wieder auf Kurs bringen. &#8222;Wir glauben, dass wir den Richtigen f\u00fcr diese Aufgabe gefunden haben&#8220;, erkl\u00e4rt Hautsch. Weitere personelle Ver\u00e4nderungen in der Winterpause schlie\u00dft er nicht kategorisch aus, &#8222;es muss aber schon passen&#8220;.<\/p>\n<p>Im ersten Spiel unter dem neuen Coach treffen die Gronicher nun ausw\u00e4rts auf den SV R\u00f6hrenhof. Anpfiff zum neunten Kreisklassen-Spieltag ist am Sonntag, 29. September, um 15 Uhr. Im Anschluss messen sich die beiden Reservemannschaften.<\/p>\n","protected":false},"excerpt":{"rendered":"<p>Die Spielvereinigung Goldkronach hat sich von Trainer Torsten Heumann getrennt. Damit reagieren die Gronicher auf die sportliche Talfahrt der letzten Wochen. Die SpVgg bedankt sich jedoch gleichzeitig bei ihrem nunmehrigen Ex-Trainer f\u00fcr die erfolgreiche Zusammenarbeit. Mit Matthias Bauer pr\u00e4sentierte der Vorstand bereits einen Nachfolger. &#8222;Es hat einfach sportlich nicht mehr gestimmt&#8220;, begr\u00fcndet Vorsitzender Manfred Hautsch [&hellip;]<\/p>\n","protected":false},"author":1,"featured_media":2533,"comment_status":"open","ping_status":"closed","sticky":false,"template":"","format":"standard","meta":{"footnotes":""},"categories":[5],"tags":[440,183,86],"class_list":["post-2524","post","type-post","status-publish","format-standard","has-post-thumbnail","hentry","category-1-mannschaft","tag-bauer","tag-heumann","tag-trainer"],"_links":{"self":[{"href":"https:\/\/spvgg-goldkronach.com\/1946\/wp-json\/wp\/v2\/posts\/2524","targetHints":{"allow":["GET"]}}],"collection":[{"href":"https:\/\/spvgg-goldkronach.com\/1946\/wp-json\/wp\/v2\/posts"}],"about":[{"href":"https:\/\/spvgg-goldkronach.com\/1946\/wp-json\/wp\/v2\/types\/post"}],"author":[{"embeddable":true,"href":"https:\/\/spvgg-goldkronach.com\/1946\/wp-json\/wp\/v2\/users\/1"}],"replies":[{"embeddable":true,"href":"https:\/\/spvgg-goldkronach.com\/1946\/wp-json\/wp\/v2\/comments?post=2524"}],"version-history":[{"count":6,"href":"https:\/\/spvgg-goldkronach.com\/1946\/wp-json\/wp\/v2\/posts\/2524\/revisions"}],"predecessor-version":[{"id":2526,"href":"https:\/\/spvgg-goldkronach.com\/1946\/wp-json\/wp\/v2\/posts\/2524\/revisions\/2526"}],"wp:featuredmedia":[{"embeddable":true,"href":"https:\/\/spvgg-goldkronach.com\/1946\/wp-json\/wp\/v2\/media\/2533"}],"wp:attachment":[{"href":"https:\/\/spvgg-goldkronach.com\/1946\/wp-json\/wp\/v2\/media?parent=2524"}],"wp:term":[{"taxonomy":"category","embeddable":true,"href":"https:\/\/spvgg-goldkronach.com\/1946\/wp-json\/wp\/v2\/categories?post=2524"},{"taxonomy":"post_tag","embeddable":true,"href":"https:\/\/spvgg-goldkronach.com\/1946\/wp-json\/wp\/v2\/tags?post=2524"}],"curies":[{"name":"wp","href":"https:\/\/api.w.org\/{rel}","templated":true}]}}