{"id":2341,"date":"2013-08-03T12:34:16","date_gmt":"2013-08-03T10:34:16","guid":{"rendered":"http:\/\/spvgg-goldkronach.com\/1946\/?p=2341"},"modified":"2013-08-03T19:24:49","modified_gmt":"2013-08-03T17:24:49","slug":"sonntag-in-donndorf-start-in-die-hammer-liga","status":"publish","type":"post","link":"https:\/\/spvgg-goldkronach.com\/1946\/2013\/08\/sonntag-in-donndorf-start-in-die-hammer-liga\/","title":{"rendered":"Sonntag in Donndorf: Start in die Hammer-Liga!"},"content":{"rendered":"<p><strong>Los geht&#8217;s! Am morgigen Sonntag, 4. August, startet die Spielvereinigung in die Kreisklassen-Saison. Beim TSV Donndorf k\u00e4mpfen die Gronicher ab 15 Uhr um Punkte. Bereits um 13 Uhr gibt es eine weitere Premiere: Die Reserve misst sich mit ihrem Donndorfer Pendant. F\u00fcr die SpVgg-Zweite das erste Punktspiel nach dem Aufstieg.<br \/>\n<\/strong><\/p>\n<div id=\"attachment_1602\" style=\"width: 310px\" class=\"wp-caption alignleft\"><img loading=\"lazy\" decoding=\"async\" aria-describedby=\"caption-attachment-1602\" class=\"size-medium wp-image-1602\" title=\"Torsten Heumann musste angesichts der Ausf\u00e4lle \u00fcber Alternativen nachdenken.\" src=\"https:\/\/spvgg-goldkronach.com\/1946\/wp-content\/uploads\/2012\/08\/kl_2-300x204.jpg\" alt=\"Torsten Heumann musste angesichts der Ausf\u00e4lle \u00fcber Alternativen nachdenken.\" width=\"300\" height=\"204\" srcset=\"https:\/\/spvgg-goldkronach.com\/1946\/wp-content\/uploads\/2012\/08\/kl_2-300x204.jpg 300w, https:\/\/spvgg-goldkronach.com\/1946\/wp-content\/uploads\/2012\/08\/kl_2.jpg 594w\" sizes=\"auto, (max-width: 300px) 100vw, 300px\" \/><p id=\"caption-attachment-1602\" class=\"wp-caption-text\">Wen schickt Torsten Heumann zum Auftakt aufs Feld?<\/p><\/div>\n<p>Mit dem Ausw\u00e4rtsspiel beim TSV Donndorf haben die Sch\u00fctzlinge von Trainer Torsten Heumann gleich einen richtigen Kracher zum Auftakt der Kreisklassensaison vor der Brust. In der ohnehin als Hammer-Liga ausgewiesenen Spielgruppe werden unter anderem die Eckersdorfer als Aufstiegsfavorit gehandelt. Allerdings wollen sich auch die Goldkronacher m\u00f6glichst teuer verkaufen und am besten gleich den oder die ersten Z\u00e4hler mit nach Hause bringen.<\/p>\n<p><strong>Reserve gibt ihren Einstand in der A-Klasse<br \/>\n<\/strong><\/p>\n<p>Einfach wird die Saison n\u00e4mlich nicht, in einer \u00e4u\u00dferst ausgewogenen Klasse z\u00e4hlt jeder Punkt. Die Favoritenrolle liegt dabei freilich beim gastgebenden TSV. Eine \u00e4hnliche Konstellation, sicherlich aber mit der gr\u00f6\u00dferen Chance auf eine \u00dcberraschung, l\u00e4sst sich f\u00fcr das Spiel der Reserven in der A-Klasse diagnostizieren. Auch hier steht der erste Spieltag auf dem Programm, f\u00fcr die Goldkronacher Reserve ist es die erste Partie in der A-Klasse seit dem freiwilligen R\u00fcckzug im Jahr 2010. Obwohl die neue Liga aufgrund der Einteilung nur aus Reserveteams besteht, d\u00fcrfte sie durchaus einiges an Qualit\u00e4t zu bieten haben: Immerhin spielt manche Erstvertretung in der Landesliga. F\u00fcr Spannung ist also \u2212 nicht nur an Spieltag eins \u2212 bei beiden Teams gesorgt!<\/p>\n<p><strong>So wollen sie spielen<\/strong><\/p>\n<p><strong>SpVgg Goldkronach I: <\/strong>P\u00f6hlmann<strong> \u2212 <\/strong>Schulte im Busch, M. Rabenstein, H. Rabenstein, Mertins, J. Opel, D. Opel, Etterer, Blechschmidt, Arndt, Wendler; Ruppel \u2212 Vogel, Hajrizaj, Neuner.<strong><br \/>\n<\/strong><\/p>\n<p><strong>SpVgg Goldkronach II:<\/strong> Ruppel \u2013 Amschler, Deinlein, F\u00e4rber, Gr\u00e4f, Malinov, Neuner, N\u00fcssel, Sturm, J. Zaloga, L. Zaloga; Drescher, Hofmann, Sch\u00fctzenmeier.<\/p>\n","protected":false},"excerpt":{"rendered":"<p>Los geht&#8217;s! Am morgigen Sonntag, 4. August, startet die Spielvereinigung in die Kreisklassen-Saison. Beim TSV Donndorf k\u00e4mpfen die Gronicher ab 15 Uhr um Punkte. Bereits um 13 Uhr gibt es eine weitere Premiere: Die Reserve misst sich mit ihrem Donndorfer Pendant. F\u00fcr die SpVgg-Zweite das erste Punktspiel nach dem Aufstieg. Mit dem Ausw\u00e4rtsspiel beim TSV [&hellip;]<\/p>\n","protected":false},"author":1,"featured_media":2342,"comment_status":"open","ping_status":"closed","sticky":false,"template":"","format":"standard","meta":{"footnotes":""},"categories":[5,6],"tags":[407,141,70,412,20,34],"class_list":["post-2341","post","type-post","status-publish","format-standard","has-post-thumbnail","hentry","category-1-mannschaft","category-2-mannschaft","tag-a-klasse","tag-auftakt","tag-donndorf","tag-eckersdorf","tag-kreisklasse","tag-reserve"],"_links":{"self":[{"href":"https:\/\/spvgg-goldkronach.com\/1946\/wp-json\/wp\/v2\/posts\/2341","targetHints":{"allow":["GET"]}}],"collection":[{"href":"https:\/\/spvgg-goldkronach.com\/1946\/wp-json\/wp\/v2\/posts"}],"about":[{"href":"https:\/\/spvgg-goldkronach.com\/1946\/wp-json\/wp\/v2\/types\/post"}],"author":[{"embeddable":true,"href":"https:\/\/spvgg-goldkronach.com\/1946\/wp-json\/wp\/v2\/users\/1"}],"replies":[{"embeddable":true,"href":"https:\/\/spvgg-goldkronach.com\/1946\/wp-json\/wp\/v2\/comments?post=2341"}],"version-history":[{"count":8,"href":"https:\/\/spvgg-goldkronach.com\/1946\/wp-json\/wp\/v2\/posts\/2341\/revisions"}],"predecessor-version":[{"id":2349,"href":"https:\/\/spvgg-goldkronach.com\/1946\/wp-json\/wp\/v2\/posts\/2341\/revisions\/2349"}],"wp:featuredmedia":[{"embeddable":true,"href":"https:\/\/spvgg-goldkronach.com\/1946\/wp-json\/wp\/v2\/media\/2342"}],"wp:attachment":[{"href":"https:\/\/spvgg-goldkronach.com\/1946\/wp-json\/wp\/v2\/media?parent=2341"}],"wp:term":[{"taxonomy":"category","embeddable":true,"href":"https:\/\/spvgg-goldkronach.com\/1946\/wp-json\/wp\/v2\/categories?post=2341"},{"taxonomy":"post_tag","embeddable":true,"href":"https:\/\/spvgg-goldkronach.com\/1946\/wp-json\/wp\/v2\/tags?post=2341"}],"curies":[{"name":"wp","href":"https:\/\/api.w.org\/{rel}","templated":true}]}}