{"id":2222,"date":"2013-06-05T14:53:47","date_gmt":"2013-06-05T12:53:47","guid":{"rendered":"http:\/\/spvgg-goldkronach.com\/1946\/?p=2222"},"modified":"2013-06-05T14:54:25","modified_gmt":"2013-06-05T12:54:25","slug":"am-wochenende-die-jungsten-unterstutzen","status":"publish","type":"post","link":"https:\/\/spvgg-goldkronach.com\/1946\/2013\/06\/am-wochenende-die-jungsten-unterstutzen\/","title":{"rendered":"Am Wochenende die J\u00fcngsten unterst\u00fctzen!"},"content":{"rendered":"<div id=\"attachment_1729\" style=\"width: 310px\" class=\"wp-caption alignleft\"><a href=\"https:\/\/spvgg-goldkronach.com\/1946\/wp-content\/uploads\/2012\/09\/web_fjun.jpg\"><img loading=\"lazy\" decoding=\"async\" aria-describedby=\"caption-attachment-1729\" class=\"size-medium wp-image-1729\" title=\"U9: SpVgg Goldkronach \u2013 ASV Nemmersdorf 1:1\" src=\"https:\/\/spvgg-goldkronach.com\/1946\/wp-content\/uploads\/2012\/09\/web_fjun-300x225.jpg\" alt=\"U9: SpVgg Goldkronach \u2013 ASV Nemmersdorf 1:1\" width=\"300\" height=\"225\" srcset=\"https:\/\/spvgg-goldkronach.com\/1946\/wp-content\/uploads\/2012\/09\/web_fjun-300x225.jpg 300w, https:\/\/spvgg-goldkronach.com\/1946\/wp-content\/uploads\/2012\/09\/web_fjun.jpg 400w\" sizes=\"auto, (max-width: 300px) 100vw, 300px\" \/><\/a><p id=\"caption-attachment-1729\" class=\"wp-caption-text\">Die F-Junioren wollen drei Punkte gegen Kulmbach.<\/p><\/div>\n<p><strong>W\u00e4hrend sich die Ligen der Seniorenteams schon in die Sommerpause verabschiedet haben, geht es bei unseren J\u00fcngsten noch hoch her! Am Wochenende sind unsere E- und F-Jugend-Mannschaften wieder gefordert. Bei zwei Heimspielen und einem Derby sollte f\u00fcr die Gronicher Fu\u00dfballfans auf jeden Fall etwas dabei sein.<\/strong><\/p>\n<p><strong><\/strong>Gleich am Freitagabend haben die E2-Junioren (U11) einen dicken Brocken vor sich. Um 16 Uhr empfangen sie den TSV 08 Kulmbach III an der Kronach, der aktuell den zweiten Tabellenplatz belegt. In der Favoritenrolle befinden sich dagegen unsere F-Jugendlichen (U9): Als Spitzenreiter empfangen sie die G\u00e4ste vom BSC Kulmbach am Samstag um 10 Uhr. Die E1-Junioren k\u00f6nnen mit einem Sieg am Wochenende Rang zwei zur\u00fcckerobern, daf\u00fcr m\u00fcssen sie allerdings das Lokalderby beim SV R\u00f6hrenhof erfolgreich bestreiten. Das <a title=\"U11 siegt im Derby, U9 gewinnt in Kulmbach\" href=\"https:\/\/spvgg-goldkronach.com\/1946\/2013\/04\/u11-siegt-im-derby-u9-gewinnt-in-kulmbach\/\">spannende Hinspiel (hier nachzulesen) <\/a>gewann die SpVgg mit 3:1, eine Wiederholung soll am Samstag ab 11 Uhr gelingen.<\/p>\n<p>Alle Teams freuen sich \u00fcber Eure Unterst\u00fctzung!<\/p>\n<p><strong>Die Spiele in der \u00dcbersicht:<\/strong><\/p>\n<p>E2-Junioren: Freitag, 7. Juni, 16 Uhr: SpVgg Goldkronach II \u2013 TSV 08 Kulmbach III<br \/>\nF-Junioren: Samstag, 8. Juni, 10 Uhr: SpVgg Goldkronach \u2013 Blaicher SC Kulmbach<br \/>\nE1-Junioren: Samstag, 8. Juni, 11 Uhr: SV R\u00f6hrenhof \u2013 SpVgg Goldkronach<\/p>\n","protected":false},"excerpt":{"rendered":"<p>W\u00e4hrend sich die Ligen der Seniorenteams schon in die Sommerpause verabschiedet haben, geht es bei unseren J\u00fcngsten noch hoch her! Am Wochenende sind unsere E- und F-Jugend-Mannschaften wieder gefordert. Bei zwei Heimspielen und einem Derby sollte f\u00fcr die Gronicher Fu\u00dfballfans auf jeden Fall etwas dabei sein. Gleich am Freitagabend haben die E2-Junioren (U11) einen dicken [&hellip;]<\/p>\n","protected":false},"author":1,"featured_media":1686,"comment_status":"open","ping_status":"closed","sticky":false,"template":"","format":"standard","meta":{"footnotes":""},"categories":[7],"tags":[402,212,346,66,376,171,225],"class_list":["post-2222","post","type-post","status-publish","format-standard","has-post-thumbnail","hentry","category-junioren","tag-bsc-kulmbach","tag-e-jugend","tag-f-jugend","tag-rohrenhof","tag-tsv-08-kulmbach","tag-u11","tag-u9"],"_links":{"self":[{"href":"https:\/\/spvgg-goldkronach.com\/1946\/wp-json\/wp\/v2\/posts\/2222","targetHints":{"allow":["GET"]}}],"collection":[{"href":"https:\/\/spvgg-goldkronach.com\/1946\/wp-json\/wp\/v2\/posts"}],"about":[{"href":"https:\/\/spvgg-goldkronach.com\/1946\/wp-json\/wp\/v2\/types\/post"}],"author":[{"embeddable":true,"href":"https:\/\/spvgg-goldkronach.com\/1946\/wp-json\/wp\/v2\/users\/1"}],"replies":[{"embeddable":true,"href":"https:\/\/spvgg-goldkronach.com\/1946\/wp-json\/wp\/v2\/comments?post=2222"}],"version-history":[{"count":2,"href":"https:\/\/spvgg-goldkronach.com\/1946\/wp-json\/wp\/v2\/posts\/2222\/revisions"}],"predecessor-version":[{"id":2224,"href":"https:\/\/spvgg-goldkronach.com\/1946\/wp-json\/wp\/v2\/posts\/2222\/revisions\/2224"}],"wp:featuredmedia":[{"embeddable":true,"href":"https:\/\/spvgg-goldkronach.com\/1946\/wp-json\/wp\/v2\/media\/1686"}],"wp:attachment":[{"href":"https:\/\/spvgg-goldkronach.com\/1946\/wp-json\/wp\/v2\/media?parent=2222"}],"wp:term":[{"taxonomy":"category","embeddable":true,"href":"https:\/\/spvgg-goldkronach.com\/1946\/wp-json\/wp\/v2\/categories?post=2222"},{"taxonomy":"post_tag","embeddable":true,"href":"https:\/\/spvgg-goldkronach.com\/1946\/wp-json\/wp\/v2\/tags?post=2222"}],"curies":[{"name":"wp","href":"https:\/\/api.w.org\/{rel}","templated":true}]}}