{"id":2074,"date":"2013-04-13T18:19:34","date_gmt":"2013-04-13T16:19:34","guid":{"rendered":"http:\/\/spvgg-goldkronach.com\/1946\/?p=2074"},"modified":"2013-04-13T18:19:34","modified_gmt":"2013-04-13T16:19:34","slug":"u11-siegt-im-derby-u9-gewinnt-in-kulmbach","status":"publish","type":"post","link":"https:\/\/spvgg-goldkronach.com\/1946\/2013\/04\/u11-siegt-im-derby-u9-gewinnt-in-kulmbach\/","title":{"rendered":"U11 siegt im Derby, U9 gewinnt in Kulmbach"},"content":{"rendered":"<p><strong>Erfolgreiches Wochenende f\u00fcr unsere J\u00fcngsten: Mit einem 3:1-Derbysieg gegen den SV R\u00f6hrenhof starteten die E1-Junioren am Samstagmittag in die Fr\u00fchjahrssaison. Bereits ihr jeweils zweites Spiel absolvierten unsere E2- und F-Junioren. Die E2 verlor am Freitagabend knapp mit 1:2 beim TSV 08 Kulmbach. Ebenfalls in der Bierstadt, allerdings beim Blaicher SC, war am Samstagvormittag die F-Jugend zu Gast und siegte deutlich mit 6:0.<\/strong><\/p>\n<div id=\"attachment_2079\" style=\"width: 310px\" class=\"wp-caption alignleft\"><img loading=\"lazy\" decoding=\"async\" aria-describedby=\"caption-attachment-2079\" class=\"size-full wp-image-2079\" title=\"SpVgg Goldkronach U11 \u2013 SV R\u00f6hrenhof U11\" src=\"https:\/\/spvgg-goldkronach.com\/1946\/wp-content\/uploads\/2013\/04\/u11roehren.jpg\" alt=\"SpVgg Goldkronach U11 \u2013 SV R\u00f6hrenhof U11\" width=\"300\" height=\"210\" \/><p id=\"caption-attachment-2079\" class=\"wp-caption-text\">Die Goldkronacher U11 siegte am Samstagmittag verdient gegen R\u00f6hrenhof.<\/p><\/div>\n<p>Die Tore f\u00fcr unsere U9 erzielten Steffen (3), Marvin, Tom H. und Julian. Zur Halbzeit f\u00fchrten die Gronicher auf dem holprigen Gel\u00e4uf in Blaich knapp mit 1:0, &#8222;wir waren aber schon da deutlich \u00fcberlegen&#8220;, berichtete Coach Sven Herrmann, der sich gemeinsam mit Vorstand Manfred Hautsch und dessen Stellvertreter Jochen Dihler auch am Spielfeldrand des E-Junioren-Spiels einfand. Dort musste die E1 gegen den SV R\u00f6hrenhof zun\u00e4chst eine brenzlige Situation \u00fcberstehen, doch Jona und der starke Torwart Justin kl\u00e4rten mit vereinten Kr\u00e4ften.<\/p>\n<p><strong>Gef\u00e4llige Kombinationen<\/strong><\/p>\n<p>Der Favorit aus der Goldbergbaustadt \u00fcbernahm dann endlich die Initiative und durfte nach acht Minuten \u00fcber Felix&#8216; F\u00fchrungstreffer jubeln. Mit einem hohen Ball \u00fcberlistete Jason nur zwei Minuten sp\u00e4ter Abwehr und Torh\u00fcter der G\u00e4ste \u2013 2:0. Als sich die Gastgeber postwendend den Ausgleich einfingen, gelangte etwas Nervosit\u00e4t in ihr Spiel. Mit dem 3:1, bei dem Patrick den R\u00f6hrenhofer Verteidiger derart unter Druck setzte, dass dieser nur noch ins eigene Tor kl\u00e4ren konnte, war diese Phase aber \u00fcberstanden.<\/p>\n<p>In der zweiten H\u00e4lfte entwickelten die Goldkronacher mehr Druck als noch in H\u00e4lfte eins, doch nun fehlte es am Torabschluss. Den gef\u00e4lligen Kombinationen, oft \u00fcber die eingewechselte Selina, folgten zwar einige Eckb\u00e4lle und aussichtsreiche Gelegenheiten, am Ergebnis \u00e4nderte sich aber nichts mehr. F\u00fcr die Spielvereinigung steht dennoch ein verdienter 3:1-Erfolg zu Buche, der das in der Summe sehr erfolgreiche Wochenende unserer Jugendmannschaften beschloss.<\/p>\n<p>Alle Bilder vom Spiel der U11 gibt es <a title=\"SpVgg Goldkronach U11 \u2013 SV R\u00f6hrenhof U11 3:1\" href=\"https:\/\/picasaweb.google.com\/sportverein.vorwaerts\/SpVggGoldkronachU11SVRohrenhofU1131\" target=\"_blank\">hier in der Galerie<\/a>.<\/p>\n","protected":false},"excerpt":{"rendered":"<p>Erfolgreiches Wochenende f\u00fcr unsere J\u00fcngsten: Mit einem 3:1-Derbysieg gegen den SV R\u00f6hrenhof starteten die E1-Junioren am Samstagmittag in die Fr\u00fchjahrssaison. Bereits ihr jeweils zweites Spiel absolvierten unsere E2- und F-Junioren. Die E2 verlor am Freitagabend knapp mit 1:2 beim TSV 08 Kulmbach. Ebenfalls in der Bierstadt, allerdings beim Blaicher SC, war am Samstagvormittag die F-Jugend [&hellip;]<\/p>\n","protected":false},"author":1,"featured_media":2078,"comment_status":"open","ping_status":"closed","sticky":false,"template":"","format":"standard","meta":{"footnotes":""},"categories":[7],"tags":[360,66,376,171,225],"class_list":["post-2074","post","type-post","status-publish","format-standard","has-post-thumbnail","hentry","category-junioren","tag-blaicher-sc","tag-rohrenhof","tag-tsv-08-kulmbach","tag-u11","tag-u9"],"_links":{"self":[{"href":"https:\/\/spvgg-goldkronach.com\/1946\/wp-json\/wp\/v2\/posts\/2074","targetHints":{"allow":["GET"]}}],"collection":[{"href":"https:\/\/spvgg-goldkronach.com\/1946\/wp-json\/wp\/v2\/posts"}],"about":[{"href":"https:\/\/spvgg-goldkronach.com\/1946\/wp-json\/wp\/v2\/types\/post"}],"author":[{"embeddable":true,"href":"https:\/\/spvgg-goldkronach.com\/1946\/wp-json\/wp\/v2\/users\/1"}],"replies":[{"embeddable":true,"href":"https:\/\/spvgg-goldkronach.com\/1946\/wp-json\/wp\/v2\/comments?post=2074"}],"version-history":[{"count":4,"href":"https:\/\/spvgg-goldkronach.com\/1946\/wp-json\/wp\/v2\/posts\/2074\/revisions"}],"predecessor-version":[{"id":2080,"href":"https:\/\/spvgg-goldkronach.com\/1946\/wp-json\/wp\/v2\/posts\/2074\/revisions\/2080"}],"wp:featuredmedia":[{"embeddable":true,"href":"https:\/\/spvgg-goldkronach.com\/1946\/wp-json\/wp\/v2\/media\/2078"}],"wp:attachment":[{"href":"https:\/\/spvgg-goldkronach.com\/1946\/wp-json\/wp\/v2\/media?parent=2074"}],"wp:term":[{"taxonomy":"category","embeddable":true,"href":"https:\/\/spvgg-goldkronach.com\/1946\/wp-json\/wp\/v2\/categories?post=2074"},{"taxonomy":"post_tag","embeddable":true,"href":"https:\/\/spvgg-goldkronach.com\/1946\/wp-json\/wp\/v2\/tags?post=2074"}],"curies":[{"name":"wp","href":"https:\/\/api.w.org\/{rel}","templated":true}]}}