{"id":2052,"date":"2013-04-13T01:00:03","date_gmt":"2013-04-12T23:00:03","guid":{"rendered":"http:\/\/spvgg-goldkronach.com\/1946\/?p=2052"},"modified":"2013-04-13T14:27:55","modified_gmt":"2013-04-13T12:27:55","slug":"finanzen-solide-wahlen-ohne-uberraschung","status":"publish","type":"post","link":"https:\/\/spvgg-goldkronach.com\/1946\/2013\/04\/finanzen-solide-wahlen-ohne-uberraschung\/","title":{"rendered":"Finanzen solide, Wahlen ohne \u00dcberraschung"},"content":{"rendered":"<p><strong>Bei der Jahreshauptversammlung der Spielvereinigung Goldkronach zogen die Verantwortlichen eine weitgehend positive Bilanz. Die Anwesenden best\u00e4tigten Vorstand Manfred Hautsch im Amt, w\u00e4hlten mit Jochen Dihler einen neuen Stellvertreter \u2013 und vernahmen mehrheitlich guter Dinge die Berichte \u00fcber Sportbetrieb und gro\u00dfe Investitionen. Einen detaillierten Bericht \u00fcber die Ehrungen im Rahmen der Versammlung liefert spvgg-goldkronach.com in K\u00fcrze!<\/strong><\/p>\n<div id=\"attachment_2056\" style=\"width: 310px\" class=\"wp-caption alignleft\"><img loading=\"lazy\" decoding=\"async\" aria-describedby=\"caption-attachment-2056\" class=\"size-full wp-image-2056\" title=\"Jahreshauptversammlung 2013\" src=\"https:\/\/spvgg-goldkronach.com\/1946\/wp-content\/uploads\/2013\/04\/web_vorstand.jpg\" alt=\"Jahreshauptversammlung 2013\" width=\"300\" height=\"210\" \/><p id=\"caption-attachment-2056\" class=\"wp-caption-text\">Manfred Hautsch und Karl Weidner f\u00fchrten durch die Veranstaltung.<\/p><\/div>\n<p>Rund 40 Mitglieder fanden sich schlie\u00dflich im Sportheim an der Kronach ein \u2013 unter ihnen neben B\u00fcrgermeister G\u00fcnter Exner und dem Sportbeauftragten Wieland Pietsch auch die Stadtr\u00e4te Dr. Frank-Ekkehard Kr\u00f6ber und Dr. Friedrich N\u00fcssel. Nach der Begr\u00fc\u00dfung durch den Vorsitzenden Manfred Hautsch und einer Gedenkminute f\u00fcr die verstorbenen Mitglieder richtete Exner einige Gru\u00dfworte an die Versammlung. Alle Abteilungen der SpVgg, lobte der B\u00fcrgermeister, seien in ihrem Engagement besonders f\u00fcr die Jugend \u201ekaum hoch genug einzusch\u00e4tzen\u201c.<\/p>\n<p><strong>Viele Veranstaltungen<\/strong><\/p>\n<p>Der Tagesordnung folgend verlas Schriftf\u00fchrer Karl-Friedrich Weidner das Protokoll des Vorjahres \u2013 es traf auf keine Einw\u00e4nde, so dass Hautsch mit seinem Vorstandsbericht anschlie\u00dfen konnte. Mit Fasching, \u201eKanzfeierla\u201c, Marktplatzfest, Weihnachtsfeiern und der Adventsh\u00fctte h\u00e4tten die Mitglieder der Spielvereinigung erneut viele Veranstaltungen organisiert. Den Beteiligten dankte der Vorstand ebenso wie den Engagierten in den Sparten und den Pflegern des Sportgel\u00e4ndes.<\/p>\n<p>Hier stellte er besonders die kontinuierliche Arbeit von Heiko Krause und J\u00fcrgen B\u00e4r heraus. Die auff\u00e4lligste Ver\u00e4nderung des schmucken Sportgel\u00e4ndes bewirkte im Jahr 2012 der Neubau der Grillstation gleich neben dem Eingang. Im sportlichen Bereich befindet sich die erste Mannschaft unter Trainer Torsten Heumann nach einer turbulenten und entt\u00e4uschenden Hinrunde wieder in ruhigerem Fahrwasser. Die Reserve \u2013 so erkl\u00e4rte auch deren Trainer Friedrich N\u00fcssel \u2013 steht derzeit an der Spitze der Tabelle und wird wohl mindestens an der Aufstiegsrelegation teilnehmen.<\/p>\n<p><strong>Licht und Schatten im Sportbetrieb<\/strong><\/p>\n<p>Rege Aktivit\u00e4ten lassen sich f\u00fcr den Bereich der Altliga, hier ist Wieland Neuner verantwortlich, notieren. Sorgen bereiten Hautsch eher die Zahlen im Jugendfu\u00dfball: W\u00e4hrend in den unteren Altersklassen, die unter der Regie der SpVgg und mit engagierten Betreuern wie Roland D\u00f6rsch, Max Rabenstein, Sven Herrmann oder J\u00fcrgen Weber am Spielbetrieb teilnehmen, erfreulich viele junge Sportler zum Verein sto\u00dfen, geben auch viele Jugendliche den Sport mit zunehmendem Alter auf.<\/p>\n<div id=\"attachment_2057\" style=\"width: 310px\" class=\"wp-caption alignright\"><img loading=\"lazy\" decoding=\"async\" aria-describedby=\"caption-attachment-2057\" class=\"size-full wp-image-2057\" title=\"Jahreshauptversammlung 2013: G\u00fcnter Exner\" src=\"https:\/\/spvgg-goldkronach.com\/1946\/wp-content\/uploads\/2013\/04\/web_bgm.jpg\" alt=\"Jahreshauptversammlung 2013: G\u00fcnter Exner\" width=\"300\" height=\"210\" \/><p id=\"caption-attachment-2057\" class=\"wp-caption-text\">G\u00fcnter Exner richtete ein Gru\u00dfwort an die Versammlung.<\/p><\/div>\n<p>\u201eHier muss man wirklich sagen: Was letztlich in der A-Jugend oder im Seniorenbereich ankommt, ist zu wenig\u201c, machte Hautsch deutlich. Besonders das Fehlen von Bezugspersonen aus dem eigenen Verein unter dem Dach der JFG Fichtelgebirge mache sich hier bemerkbar. Ebenso kritisch sieht er, dass die Spielvereinigung \u201esehr viele aktive Schiedsrichter hatte \u2013 davon sind wir zur Zeit aber weit entfernt\u201c. Auch die teuren Nutzungsgeb\u00fchren f\u00fcr die Schulsporthalle bereiteten dem Verein Probleme \u2013 hier blockiere der Stadtrat Hilfe f\u00fcr den gr\u00f6\u00dften Verein Goldkronachs.<\/p>\n<p><strong>Kinderturnen: &#8222;Es l\u00e4uft unheimlich gut!&#8220;<br \/>\n<\/strong><\/p>\n<p><strong><\/strong>Meist jedoch bewiesen die Mandatstr\u00e4ger ein offenes Ohr f\u00fcr die W\u00fcnsche der Sportler, lie\u00df Hautsch verlauten \u2013 und freute sich, dass sich auch immer wieder Neub\u00fcrger f\u00fcr die Spielvereinigung begeistern k\u00f6nnten. Hiltrud Kr\u00f6ber berichtete im Anschluss \u00fcber das Kinderturnen: Zwei Gruppen deckten alle Altersbereiche zwischen drei Jahren und dem Ende der Grundschule ab, sie umfassten jeweils rund 20 Kinder \u2013 \u201emanchmal auch viel mehr. Es l\u00e4uft unheimlich gut!\u201c<\/p>\n<p>Brigitte Freymann wusste ebenfalls Positives \u00fcber die Gymnastikgruppe zu vermelden. 72 \u00dcbungsstunden, die Anschaffung neuer Stepper und zwei Wanderungen, die \u201esehr gut ankamen\u201c \u2013 so umriss sie das Jahr der Turnerinnen. Die Karateabteilung trainiere derzeit dreimal w\u00f6chentlich und arbeite bei Anf\u00e4ngerkursen wie gewohnt mit der Volkshochschule zusammen, berichtete Horst Lindner. \u201eAuch wir haben das Problem, dass viele Jugendliche in einem gewissen Alter dem Sport oft den R\u00fccken kehren\u201c, so Lindner. \u201eDas ist schade, denn wenn sie dabei bleiben, ist oft sch\u00f6ner Erfolg zu sehen.\u201c<\/p>\n<p><strong>Investition von 17.000 Euro<\/strong><\/p>\n<div id=\"attachment_1576\" style=\"width: 310px\" class=\"wp-caption alignleft\"><img loading=\"lazy\" decoding=\"async\" aria-describedby=\"caption-attachment-1576\" class=\"size-medium wp-image-1576\" title=\"Die neue Photovoltaikanlage auf dem Dach des Sportheims.\" src=\"https:\/\/spvgg-goldkronach.com\/1946\/wp-content\/uploads\/2012\/08\/solar-300x214.jpg\" alt=\"Die neue Photovoltaikanlage auf dem Dach des Sportheims.\" width=\"300\" height=\"214\" srcset=\"https:\/\/spvgg-goldkronach.com\/1946\/wp-content\/uploads\/2012\/08\/solar-300x214.jpg 300w, https:\/\/spvgg-goldkronach.com\/1946\/wp-content\/uploads\/2012\/08\/solar.jpg 350w\" sizes=\"auto, (max-width: 300px) 100vw, 300px\" \/><p id=\"caption-attachment-1576\" class=\"wp-caption-text\">Die neue Photovoltaikanlage auf dem Dach des Sportheims.<\/p><\/div>\n<p>Der folgende Kassenbericht, den Stellvertreterin Heike Hautsch f\u00fcr den verhinderten Kassier Detlef Vogel vortrug, best\u00e4tigte die soliden Zahlen der Vorjahre. Zwar stehen den Gesamteinnahmen von 74.400 Euro Ausgaben von 80.450 Euro gegen\u00fcber \u2013 das Minus ist jedoch durch die gro\u00dfe Investition von 17.000 Euro in die Photovoltaikanlage auf dem Dach des Sportheims bedingt, durch die der Verein zuk\u00fcnftig kr\u00e4ftig Energiekosten sparen kann. F\u00fcr Kassenpr\u00fcfer Hans-Georg Neukam \u201ehat es jedenfalls nichts gegeben, was wir in irgendeiner Weise beanstanden mussten\u201c.<\/p>\n<p>So ergeben sich auch gro\u00dfe Teile des Umsatzplus\u2019 durch die Finanzierung der Bauma\u00dfnahmen. \u201eDas sind Dinge, die angepackt werden mussten\u201c, erkl\u00e4rte Manfred Hautsch, \u201ein den n\u00e4chsten Jahren werden wir davon profitieren\u201c. Er wurde f\u00fcr weitere zwei Jahre zum Vorsitzenden gew\u00e4hlt, bis auf seinen Stellvertreter gibt es hier keine \u00c4nderungen. Als zweiten Vorsitzenden w\u00e4hlten die Mitglieder Jochen Dihler, der engagierte Familienvater \u00fcbernimmt das Amt des zuletzt beruflich arg eingespannten Peter Mertenz. F\u00fcr den scheidenden Joachim B\u00f6rgert r\u00fcckt Frank-Ekkehard Kr\u00f6ber in den \u00c4ltestenrat auf.<\/p>\n<p>Alle Fotos des Abends sind <a title=\"Jahreshauptversammlung SpVgg Goldkronach 2013\" href=\"https:\/\/picasaweb.google.com\/sportverein.vorwaerts\/Jahreshauptversammlung2013\" target=\"_blank\">hier in der Galerie<\/a> zu finden.<\/p>\n","protected":false},"excerpt":{"rendered":"<p>Bei der Jahreshauptversammlung der Spielvereinigung Goldkronach zogen die Verantwortlichen eine weitgehend positive Bilanz. Die Anwesenden best\u00e4tigten Vorstand Manfred Hautsch im Amt, w\u00e4hlten mit Jochen Dihler einen neuen Stellvertreter \u2013 und vernahmen mehrheitlich guter Dinge die Berichte \u00fcber Sportbetrieb und gro\u00dfe Investitionen. Einen detaillierten Bericht \u00fcber die Ehrungen im Rahmen der Versammlung liefert spvgg-goldkronach.com in K\u00fcrze! [&hellip;]<\/p>\n","protected":false},"author":1,"featured_media":1780,"comment_status":"open","ping_status":"closed","sticky":false,"template":"","format":"standard","meta":{"footnotes":""},"categories":[12,1],"tags":[230,368,369,37,370],"class_list":["post-2052","post","type-post","status-publish","format-standard","has-post-thumbnail","hentry","category-veranstaltungen","category-verein","tag-jhv","tag-kassenbericht","tag-sparten","tag-versammlung","tag-wahlen"],"_links":{"self":[{"href":"https:\/\/spvgg-goldkronach.com\/1946\/wp-json\/wp\/v2\/posts\/2052","targetHints":{"allow":["GET"]}}],"collection":[{"href":"https:\/\/spvgg-goldkronach.com\/1946\/wp-json\/wp\/v2\/posts"}],"about":[{"href":"https:\/\/spvgg-goldkronach.com\/1946\/wp-json\/wp\/v2\/types\/post"}],"author":[{"embeddable":true,"href":"https:\/\/spvgg-goldkronach.com\/1946\/wp-json\/wp\/v2\/users\/1"}],"replies":[{"embeddable":true,"href":"https:\/\/spvgg-goldkronach.com\/1946\/wp-json\/wp\/v2\/comments?post=2052"}],"version-history":[{"count":8,"href":"https:\/\/spvgg-goldkronach.com\/1946\/wp-json\/wp\/v2\/posts\/2052\/revisions"}],"predecessor-version":[{"id":2055,"href":"https:\/\/spvgg-goldkronach.com\/1946\/wp-json\/wp\/v2\/posts\/2052\/revisions\/2055"}],"wp:featuredmedia":[{"embeddable":true,"href":"https:\/\/spvgg-goldkronach.com\/1946\/wp-json\/wp\/v2\/media\/1780"}],"wp:attachment":[{"href":"https:\/\/spvgg-goldkronach.com\/1946\/wp-json\/wp\/v2\/media?parent=2052"}],"wp:term":[{"taxonomy":"category","embeddable":true,"href":"https:\/\/spvgg-goldkronach.com\/1946\/wp-json\/wp\/v2\/categories?post=2052"},{"taxonomy":"post_tag","embeddable":true,"href":"https:\/\/spvgg-goldkronach.com\/1946\/wp-json\/wp\/v2\/tags?post=2052"}],"curies":[{"name":"wp","href":"https:\/\/api.w.org\/{rel}","templated":true}]}}