{"id":2046,"date":"2013-04-09T11:24:43","date_gmt":"2013-04-09T09:24:43","guid":{"rendered":"http:\/\/spvgg-goldkronach.com\/1946\/?p=2046"},"modified":"2013-04-11T00:24:01","modified_gmt":"2013-04-10T22:24:01","slug":"spvgg-will-am-donnerstag-ins-finale-sturmen","status":"publish","type":"post","link":"https:\/\/spvgg-goldkronach.com\/1946\/2013\/04\/spvgg-will-am-donnerstag-ins-finale-sturmen\/","title":{"rendered":"Pokalspiel am Donnerstag f\u00e4llt aus!"},"content":{"rendered":"<p><strong><span style=\"color: #ff0000;\">UPDATE: Das Pokalspiel gegen Presseck f\u00e4llt wegen der Platzverh\u00e4ltnisse aus!<\/span><\/strong><\/p>\n<p><strong>Nach dem starken Auftritt in Bad Berneck erwartet die Spielvereinigung voller Vorfreude das Halbfinale des Toto-Pokals. Am Donnerstag, 11. April, reist der TSV Presseck an die Kronach. Die Partie gegen den ambitionierten Kreisligisten aus dem Frankenwald wird um 18:15 Uhr angepfiffen \u2013 auf geht&#8217;s, unterst\u00fctzt unsere Jungs! Gemeinsam ins Finale!<\/strong><\/p>\n<div id=\"attachment_2003\" style=\"width: 310px\" class=\"wp-caption alignleft\"><img loading=\"lazy\" decoding=\"async\" aria-describedby=\"caption-attachment-2003\" class=\"size-full wp-image-2003\" title=\"SpVgg Goldkronach \u2013 SV Weidenberg 3:1\" src=\"https:\/\/spvgg-goldkronach.com\/1946\/wp-content\/uploads\/2013\/03\/svw_scharnagel.jpg\" alt=\"SpVgg Goldkronach \u2013 SV Weidenberg 3:1\" width=\"300\" height=\"210\" \/><p id=\"caption-attachment-2003\" class=\"wp-caption-text\">Gegen Weidenberg stellte das Team um Ingo Scharnagel Heimst\u00e4rke unter Beweis.<\/p><\/div>\n<p>Die Pressecker, die sich heuer den Bezirksliga-Aufstieg zum Ziel gesetzt haben, setzten sich in ihrem Viertelfinalspiel gegen den Titelverteidiger TSV Mistelbach am gr\u00fcnen Tisch durch. Derzeit weisen sie in der Liga etwas tr\u00fcgerische f\u00fcnf Punkte R\u00fcckstand auf Rang zwei auf: Der Drittplatzierte VfR Katschenreuth hat schon drei Spiele mehr absolviert \u2013 was den angestrebten Aufstieg angeht, hat die Mannschaft von Trainer Michael Werzer also noch alle Chancen.<\/p>\n<p><strong>Die \u00dcberraschung winkt!<\/strong><\/p>\n<p>Obwohl der TSV lange unter den winterlichen Bedingungen im hohen Frankenwald zu leiden hatte, fegten die Pressecker den SC Hummeltal am Samstag mit 5:0 vom Feld. Auch wenn die H\u00f6he des Sieges nicht ganz das Spiel widerspiegelte: F\u00fcr das erste Pflichtspiel nach vier Monaten Pause zeigte sich unser Gegner gl\u00e4nzend aufgelegt. Allerdings gelang nicht nur dem TSV Presseck die Generalprobe im Liga-Spielbetrieb.<\/p>\n<p>Mit einer starken Partie und zielstrebigem Fu\u00dfball erk\u00e4mpften sich die Gronicher am Sonntag in Bad Berneck den 2:0-Derbyerfolg. Die junge Mannschaft bewies einmal mehr, dass sie in der Lage ist, besser eingesch\u00e4tzten Mannschaften ein Bein zu stellen. Es braucht also keine prophetischen Gaben, um f\u00fcr den Donnerstag die M\u00f6glichkeit einer \u00dcberraschung auf dem Zettel zu haben.<\/p>\n<p><strong>Im Sommer gegen einen Regionalligisten?<\/strong><\/p>\n<p>Im zweiten Halbfinale empf\u00e4ngt der Sportring Bayreuth am 25. April den Bezirksligisten VfB Kulmbach. Aller Voraussicht nach trifft der Pokalsieger auf sein Bamberger Pendant, um den Spielkreissieger und damit den Teilnehmer f\u00fcr die erste Runde auf Landesebene auszuspielen. Diese wird im Sommer ausgespielt, dann greifen auch die Drittliga-Clubs, Regional-, Bayern- und Landesligisten ein. Sie werden den Spielkreissiegern, die Heimrecht genie\u00dfen, zugelost. Die Pokalsieger der Landesverb\u00e4nde qualifizieren sich f\u00fcr die erste Hauptrunde im DFB-Pokal.<\/p>\n","protected":false},"excerpt":{"rendered":"<p>UPDATE: Das Pokalspiel gegen Presseck f\u00e4llt wegen der Platzverh\u00e4ltnisse aus! Nach dem starken Auftritt in Bad Berneck erwartet die Spielvereinigung voller Vorfreude das Halbfinale des Toto-Pokals. Am Donnerstag, 11. April, reist der TSV Presseck an die Kronach. Die Partie gegen den ambitionierten Kreisligisten aus dem Frankenwald wird um 18:15 Uhr angepfiffen \u2013 auf geht&#8217;s, unterst\u00fctzt [&hellip;]<\/p>\n","protected":false},"author":1,"featured_media":1968,"comment_status":"open","ping_status":"closed","sticky":false,"template":"","format":"standard","meta":{"footnotes":""},"categories":[5],"tags":[354,359,75,27,148],"class_list":["post-2046","post","type-post","status-publish","format-standard","has-post-thumbnail","hentry","category-1-mannschaft","tag-halbfinale","tag-presseck","tag-sportring","tag-toto-pokal","tag-vfb-kulmbach"],"_links":{"self":[{"href":"https:\/\/spvgg-goldkronach.com\/1946\/wp-json\/wp\/v2\/posts\/2046","targetHints":{"allow":["GET"]}}],"collection":[{"href":"https:\/\/spvgg-goldkronach.com\/1946\/wp-json\/wp\/v2\/posts"}],"about":[{"href":"https:\/\/spvgg-goldkronach.com\/1946\/wp-json\/wp\/v2\/types\/post"}],"author":[{"embeddable":true,"href":"https:\/\/spvgg-goldkronach.com\/1946\/wp-json\/wp\/v2\/users\/1"}],"replies":[{"embeddable":true,"href":"https:\/\/spvgg-goldkronach.com\/1946\/wp-json\/wp\/v2\/comments?post=2046"}],"version-history":[{"count":4,"href":"https:\/\/spvgg-goldkronach.com\/1946\/wp-json\/wp\/v2\/posts\/2046\/revisions"}],"predecessor-version":[{"id":2050,"href":"https:\/\/spvgg-goldkronach.com\/1946\/wp-json\/wp\/v2\/posts\/2046\/revisions\/2050"}],"wp:featuredmedia":[{"embeddable":true,"href":"https:\/\/spvgg-goldkronach.com\/1946\/wp-json\/wp\/v2\/media\/1968"}],"wp:attachment":[{"href":"https:\/\/spvgg-goldkronach.com\/1946\/wp-json\/wp\/v2\/media?parent=2046"}],"wp:term":[{"taxonomy":"category","embeddable":true,"href":"https:\/\/spvgg-goldkronach.com\/1946\/wp-json\/wp\/v2\/categories?post=2046"},{"taxonomy":"post_tag","embeddable":true,"href":"https:\/\/spvgg-goldkronach.com\/1946\/wp-json\/wp\/v2\/tags?post=2046"}],"curies":[{"name":"wp","href":"https:\/\/api.w.org\/{rel}","templated":true}]}}