{"id":2019,"date":"2013-04-04T18:45:52","date_gmt":"2013-04-04T16:45:52","guid":{"rendered":"http:\/\/spvgg-goldkronach.com\/1946\/?p=2019"},"modified":"2013-04-04T18:47:28","modified_gmt":"2013-04-04T16:47:28","slug":"erste-in-berneck-u9-und-u11-starten","status":"publish","type":"post","link":"https:\/\/spvgg-goldkronach.com\/1946\/2013\/04\/erste-in-berneck-u9-und-u11-starten\/","title":{"rendered":"Erste in Berneck, U9 und U11 starten!"},"content":{"rendered":"<p><strong>Die prestigetr\u00e4chtigen Duelle mit dem TSV Bad Berneck, der Start unserer J\u00fcngsten ins Fr\u00fchjahr oder das Nachbarduell bei der U19: Das Gronicher Fu\u00dfball-Wochenende hat einiges zu bieten! H\u00f6hepunkt ist sicherlich das Ausw\u00e4rtsspiel unserer Ersten in Bad Berneck am Sonntag um 15 Uhr.<br \/>\n<\/strong><\/p>\n<div class=\"mceTemp\" style=\"text-align: left;\">\n<dl id=\"attachment_2002\" class=\"wp-caption alignleft\" style=\"width: 310px;\">\n<dt class=\"wp-caption-dt\"><img loading=\"lazy\" decoding=\"async\" class=\"size-full wp-image-2002\" title=\"SpVgg Goldkronach \u2013 SV Weidenberg 3:1\" src=\"https:\/\/spvgg-goldkronach.com\/1946\/wp-content\/uploads\/2013\/03\/svw_jubel30.jpg\" alt=\"SpVgg Goldkronach \u2013 SV Weidenberg 3:1\" width=\"300\" height=\"210\" \/><\/dt>\n<dd class=\"wp-caption-dd\">So wollen die Gronicher am Sonntag in Berneck wieder jubeln.<\/dd>\n<\/dl>\n<\/div>\n<p>Der Vergleich mit dem TSV verstr\u00f6mt Derby-Atmosph\u00e4re und lockte zuletzt immer wieder zahlreiche Zuschauer. Dabei d\u00fcrften die Rollen am Sonntag klar verteilt sein, denn die gastgebenden Bernecker k\u00f6nnen sich mit derzeit 28 Punkten noch vage Hoffnungen auf den Relegationsplatz machen, w\u00e4hrend die Gronicher sich weiter im unteren Tabellendrittel befinden. Allerdings bewies die SpVgg zuletzt beim starken 3:1 gegen Weidenberg, dass sie auch gegen besser postierte Teams erfolgreich sein kann.<\/p>\n<p><strong>Auch Reserve will punkten<\/strong><\/p>\n<p>Dem Sieg in den neuen Trikots von <em>Fritsche Ger\u00fcstbau<\/em> am Karsamstag folgte am Montag zwar ein etwas uninspiriertes 0:2 auf holprigem Grund in Kirchahorn, gegen den TSV wollen die Goldkronacher aber wieder punkten. Zumal auch Relegationsplatzinhaber Post-SV Bayreuth am Wochenende bewies, dass er zu \u00fcberraschen imstande ist. Sollte sich die Personalsituation noch etwas bessern, kann mit den Gronichern jedenfalls gerechnet werden.<\/p>\n<p>F\u00fcr die Reserve steht nach dem wichtigen 1:0-Erfolg in Kirchahorn eine weitere schwere Aufgabe auf dem Programm. Zwar liegt die Zweite der SpVgg mit 27 Punkten scheinbar deutlich vor dem TSV II mit 11 Punkten, doch haben die Bernecker vier Spiele weniger auf dem Konto. Das Hinspiel gewannen die Gronicher mit 2:0, nun wollen sie ihre Siegesserie von zuletzt sechs Dreiern in Folge fortsetzen. Ihr \u00e4rgster Verfolger, der 1. FC Creu\u00dfen II, gastiert \u00fcbrigens zeitgleich beim ASV Nemmersdorf.<\/p>\n<p><strong>U9 und U11 starten \u2013 U19 in Bindlach<br \/>\n<\/strong><\/p>\n<p>Zuvor jedoch gibt es am Wochenende schon etliche interessante Partien unserer Jugendmannschaften zu sehen. Zwar pausieren E1- und C-Junioren, doch starten F- und E2-Jugend am Samstagvormittag in ihre neue Saison. Und beide beginnen zu Hause: Um 10 Uhr empf\u00e4ngt die U9 den SV Lanzendorf, um 11:30 Uhr ist bei der U11 der TSV St. Johannis zu Gast. Am Nachmittag will die U17 ab 14 Uhr beim TSV Hirschaid den Anschluss an das Tabellenmittelfeld in der Kreisliga Bamberg\/Bayreuth herstellen. Die U19 trifft um 16 Uhr ausw\u00e4rts auf den Nachbarn TSV Bindlach.<\/p>\n<p><strong>Die Partien im \u00dcberblick<\/strong><\/p>\n<ul>\n<li>F-Junioren: Samstag, 6. April, 10 Uhr: SpVgg Goldkronach \u2013 SV Lanzendorf<\/li>\n<li>E2-Junioren: Samstag, 6. April, 11:30 Uhr: SpVgg Goldkronach II \u2013 TSV St. Johannis II<\/li>\n<li>Reserve: Sonntag, 7. April, 13 Uhr: TSV Bad Berneck II \u2013 SpVgg Goldkronach II<\/li>\n<li>Erste: Sonntag, 7. April, 15 Uhr: TSV Bad Berneck \u2013 SpVgg Goldkronach<\/li>\n<\/ul>\n<p><strong>JFG-Spiele am Wochenende<\/strong><\/p>\n<ul>\n<li>D3-Junioren: Freitag, 5. April, 17 Uhr: JFG Fichtelgebirge III \u2013 JFG Mainauen Bayreuth II (in R\u00f6hrenhof)<\/li>\n<li>D2-Junioren: Samstag, 6. April, 13:15 Uhr: SSV Warmensteinach \u2013 JFG Fichtelgebirge II<\/li>\n<li>C2-Junioren: Samstag, 6. April, 13:30 Uhr: TSV Bindlach \u2013 JFG Fichtelgebirge II<\/li>\n<li>B-Junioren: Samstag, 6. April, 14 Uhr: TSV Hirschaid \u2013 JFG Fichtelgebirge<\/li>\n<li>A-Junioren: Samstag, 6. April, 16 Uhr: TSV Bindlach \u2013 JFG Fichtelgebirge<\/li>\n<li>B2-Junioren: Sonntag, 7. April, 10:30 Uhr: JFG Fichtelgebirge II \u2013 TSV Engelmannsreuth (in Bad Berneck)<\/li>\n<li>D1-Junioren: Sonntag, 7. April, 10:30 Uhr: TSV St. Johannis \u2013 JFG Fichtelgebirge<\/li>\n<\/ul>\n","protected":false},"excerpt":{"rendered":"<p>Die prestigetr\u00e4chtigen Duelle mit dem TSV Bad Berneck, der Start unserer J\u00fcngsten ins Fr\u00fchjahr oder das Nachbarduell bei der U19: Das Gronicher Fu\u00dfball-Wochenende hat einiges zu bieten! H\u00f6hepunkt ist sicherlich das Ausw\u00e4rtsspiel unserer Ersten in Bad Berneck am Sonntag um 15 Uhr. So wollen die Gronicher am Sonntag in Berneck wieder jubeln. Der Vergleich mit [&hellip;]<\/p>\n","protected":false},"author":1,"featured_media":1623,"comment_status":"open","ping_status":"closed","sticky":false,"template":"","format":"standard","meta":{"footnotes":""},"categories":[5,7,6],"tags":[261,364,346,365],"class_list":["post-2019","post","type-post","status-publish","format-standard","has-post-thumbnail","hentry","category-1-mannschaft","category-junioren","category-2-mannschaft","tag-berneck","tag-e2-jugend","tag-f-jugend","tag-fritsche-gerustbau"],"_links":{"self":[{"href":"https:\/\/spvgg-goldkronach.com\/1946\/wp-json\/wp\/v2\/posts\/2019","targetHints":{"allow":["GET"]}}],"collection":[{"href":"https:\/\/spvgg-goldkronach.com\/1946\/wp-json\/wp\/v2\/posts"}],"about":[{"href":"https:\/\/spvgg-goldkronach.com\/1946\/wp-json\/wp\/v2\/types\/post"}],"author":[{"embeddable":true,"href":"https:\/\/spvgg-goldkronach.com\/1946\/wp-json\/wp\/v2\/users\/1"}],"replies":[{"embeddable":true,"href":"https:\/\/spvgg-goldkronach.com\/1946\/wp-json\/wp\/v2\/comments?post=2019"}],"version-history":[{"count":10,"href":"https:\/\/spvgg-goldkronach.com\/1946\/wp-json\/wp\/v2\/posts\/2019\/revisions"}],"predecessor-version":[{"id":2029,"href":"https:\/\/spvgg-goldkronach.com\/1946\/wp-json\/wp\/v2\/posts\/2019\/revisions\/2029"}],"wp:featuredmedia":[{"embeddable":true,"href":"https:\/\/spvgg-goldkronach.com\/1946\/wp-json\/wp\/v2\/media\/1623"}],"wp:attachment":[{"href":"https:\/\/spvgg-goldkronach.com\/1946\/wp-json\/wp\/v2\/media?parent=2019"}],"wp:term":[{"taxonomy":"category","embeddable":true,"href":"https:\/\/spvgg-goldkronach.com\/1946\/wp-json\/wp\/v2\/categories?post=2019"},{"taxonomy":"post_tag","embeddable":true,"href":"https:\/\/spvgg-goldkronach.com\/1946\/wp-json\/wp\/v2\/tags?post=2019"}],"curies":[{"name":"wp","href":"https:\/\/api.w.org\/{rel}","templated":true}]}}