{"id":2010,"date":"2013-04-01T22:02:45","date_gmt":"2013-04-01T20:02:45","guid":{"rendered":"http:\/\/spvgg-goldkronach.com\/1946\/?p=2010"},"modified":"2013-04-01T22:12:42","modified_gmt":"2013-04-01T20:12:42","slug":"02-aber-big-points-fur-die-reserve","status":"publish","type":"post","link":"https:\/\/spvgg-goldkronach.com\/1946\/2013\/04\/02-aber-big-points-fur-die-reserve\/","title":{"rendered":"0:2 \u2013 aber Big Points f\u00fcr die Reserve"},"content":{"rendered":"<p><strong>Die Spielvereinigung hat die Ausw\u00e4rtspartie der Kreisklasse beim SV Kirchahorn verloren. Auf dem schwer bespielbaren Nebenplatz unterlagen die Gronicher in einem wenig spektakul\u00e4ren Vergleich mit 0:2 (0:1). Im Vorspiel der Reserven gelang der Goldkronacher Zweiten allerdings ein wichtiger Sieg. Die SpVgg bezwang einen ihrer \u00e4rgsten Verfolger mit 1:0 und konnte damit die Tabellenf\u00fchrung weiter festigen.<\/strong><\/p>\n<div class=\"mceTemp\" style=\"text-align: center;\">\n<dl id=\"attachment_2012\" class=\"wp-caption alignleft\" style=\"width: 310px;\">\n<dt class=\"wp-caption-dt\"><img loading=\"lazy\" decoding=\"async\" class=\"size-full wp-image-2012\" title=\"SV Kirchahorn \u2013 SpVgg Goldkronach\" src=\"https:\/\/spvgg-goldkronach.com\/1946\/wp-content\/uploads\/2013\/04\/katholing_gegen_haas.jpg\" alt=\"SV Kirchahorn \u2013 SpVgg Goldkronach\" width=\"300\" height=\"210\" \/><\/dt>\n<dd class=\"wp-caption-dd\">Sebastian Katholing gegen Dominik Haas, Kirchahorns St\u00e4rksten.<\/dd>\n<\/dl>\n<\/div>\n<p>Aufgrund einer soliden Defensivleistung reichte der &#8222;Res\u00e4rf&#8220; ein sehenswerter Treffer von Wieland Neuner zum Erfolg. Die Gastgeber verzeichneten ein deutliches Ballbesitz-Plus, doch konnten die sichere Abwehrreihe der SpVgg um Matthias Ehl vor allem im zweiten Durchgang kaum in Bedr\u00e4ngnis bringen. Zwar musste Torh\u00fcter Hofmann zweifach in h\u00f6chster Not kl\u00e4ren und gegen Ende der ersten Halbzeit waren die Gronicher in der Offensive kaum pr\u00e4sent, sie legten allerdings viel Konsequenz und Laufbereitschaft an den Tag, so dass die drei Punkte nicht unverdient ins Fichtelgebirge gingen. W\u00e4hrend die Reserve der Spielvereinigung nun immer lauter ans Tor der A-Klasse klopft, kann Kirchahorn mit nunmehr zw\u00f6lf Punkten R\u00fcckstand auf den Spitzenreiter kaum mehr ins Aufstiegsrennen eingreifen.<\/p>\n<p><strong>Spielbericht SV Kirchahorn \u2013 SpVgg Goldkronach 2:0 (1:0)<\/strong><\/p>\n<p><em>Vom SV Kirchahorn bei anpfiff.info \u2013 <\/em>Bis zur 27. Minute tat sich wenig auf beiden Seiten. Ballverluste im Mittelfeld waren an der Tagesordnung auf schwer bespielbarem Boden, wenn auch Kirchahorn optisch \u00fcberlegen war. In der 28. Minute fiel \u00fcberraschend das 1:0 durch ein Kopfballtor von D. Haas nach Vorarbeit von E. Franik. Nach der Pause schien kurzzeitig Goldkronach etwas besser ins Spiel zu kommen, jedoch zerst\u00f6rte K. B\u00fcttner in der 53. Minute nach einem Freisto\u00df von D. Dormann die Hoffnungen der Kronicher, als er den Abpraller aus 14 Metern im Tor versenkte. Im Gegenzug hatte der SVK Gl\u00fcck, dass ein Fernschuss nur am Geb\u00e4lk landete. In der 60. Minute hatte Scharnagel den Anschluss-Treffer auf dem Kopf, setzte den Ball jedoch knapp dar\u00fcber. In der Folgezeit erspielte sich der SVK noch einige gute Chancen durch Franik, der einen Kopfball knapp daneben setzte, J. Poser, der am Torwart scheiterte und Prochnau, der \u00fcbers Tor zielte. In der 88. Minute verursachte M. R\u00fchr nach Foulspiel im 16-Meter-Raum einen Elfmeter, dabei fand Rabenstein in Torwart Dressel seinen Meister, der den Ball hielt.<\/p>\n<p><strong>Bilder vom Spiel gibt es <a title=\"Bilder zum Spiel SV Kirchahorn \u2013 SpVgg Goldkronach\" href=\"https:\/\/picasaweb.google.com\/sportverein.vorwaerts\/SVKirchahornSpVggGoldkronach20\" target=\"_blank\">hier in der Galerie<\/a>.<\/strong><\/p>\n","protected":false},"excerpt":{"rendered":"<p>Die Spielvereinigung hat die Ausw\u00e4rtspartie der Kreisklasse beim SV Kirchahorn verloren. Auf dem schwer bespielbaren Nebenplatz unterlagen die Gronicher in einem wenig spektakul\u00e4ren Vergleich mit 0:2 (0:1). Im Vorspiel der Reserven gelang der Goldkronacher Zweiten allerdings ein wichtiger Sieg. Die SpVgg bezwang einen ihrer \u00e4rgsten Verfolger mit 1:0 und konnte damit die Tabellenf\u00fchrung weiter festigen. [&hellip;]<\/p>\n","protected":false},"author":1,"featured_media":2011,"comment_status":"open","ping_status":"closed","sticky":false,"template":"","format":"standard","meta":{"footnotes":""},"categories":[5,6],"tags":[331,21,363,48],"class_list":["post-2010","post","type-post","status-publish","format-standard","has-post-thumbnail","hentry","category-1-mannschaft","category-2-mannschaft","tag-331","tag-b-klasse","tag-big-points","tag-kirchahorn"],"_links":{"self":[{"href":"https:\/\/spvgg-goldkronach.com\/1946\/wp-json\/wp\/v2\/posts\/2010","targetHints":{"allow":["GET"]}}],"collection":[{"href":"https:\/\/spvgg-goldkronach.com\/1946\/wp-json\/wp\/v2\/posts"}],"about":[{"href":"https:\/\/spvgg-goldkronach.com\/1946\/wp-json\/wp\/v2\/types\/post"}],"author":[{"embeddable":true,"href":"https:\/\/spvgg-goldkronach.com\/1946\/wp-json\/wp\/v2\/users\/1"}],"replies":[{"embeddable":true,"href":"https:\/\/spvgg-goldkronach.com\/1946\/wp-json\/wp\/v2\/comments?post=2010"}],"version-history":[{"count":6,"href":"https:\/\/spvgg-goldkronach.com\/1946\/wp-json\/wp\/v2\/posts\/2010\/revisions"}],"predecessor-version":[{"id":2018,"href":"https:\/\/spvgg-goldkronach.com\/1946\/wp-json\/wp\/v2\/posts\/2010\/revisions\/2018"}],"wp:featuredmedia":[{"embeddable":true,"href":"https:\/\/spvgg-goldkronach.com\/1946\/wp-json\/wp\/v2\/media\/2011"}],"wp:attachment":[{"href":"https:\/\/spvgg-goldkronach.com\/1946\/wp-json\/wp\/v2\/media?parent=2010"}],"wp:term":[{"taxonomy":"category","embeddable":true,"href":"https:\/\/spvgg-goldkronach.com\/1946\/wp-json\/wp\/v2\/categories?post=2010"},{"taxonomy":"post_tag","embeddable":true,"href":"https:\/\/spvgg-goldkronach.com\/1946\/wp-json\/wp\/v2\/tags?post=2010"}],"curies":[{"name":"wp","href":"https:\/\/api.w.org\/{rel}","templated":true}]}}