{"id":1973,"date":"2013-03-21T09:00:41","date_gmt":"2013-03-21T08:00:41","guid":{"rendered":"http:\/\/spvgg-goldkronach.com\/1946\/?p=1973"},"modified":"2013-03-25T10:11:43","modified_gmt":"2013-03-25T09:11:43","slug":"verspateter-liga-start-in-speichersdorf","status":"publish","type":"post","link":"https:\/\/spvgg-goldkronach.com\/1946\/2013\/03\/verspateter-liga-start-in-speichersdorf\/","title":{"rendered":"Update: Spiel in Speichersdorf f\u00e4llt aus"},"content":{"rendered":"<p><strong>Das f\u00fcr Sonntag, 24. M\u00e4rz, angesetzte Ausw\u00e4rtsspiel beim TSV Kirchenlaibach II f\u00e4llt wahrscheinlich aus. Wie am Mittag gemeldet wurde, wird der Verband wohl den kompletten Spieltag am Wochenende absagen. Grund daf\u00fcr sind die anhaltend winterlichen Verh\u00e4ltnisse in weiten Teilen des Spielkreises. Nach Angaben des BFV sollen die Partien an Fronleichnam, Donnerstag, 30. Mai, nachgeholt werden.<\/strong><\/p>\n<p><strong>Der urspr\u00fcngliche Vorbericht von spvgg-goldkronach.com:<\/strong><\/p>\n<p>Am Sonntag, 24. M\u00e4rz, starten die Gronicher mit dem Ausw\u00e4rtsspiel beim TSV Kirchenlaibach II wieder in den Ligabetrieb. Da das Speichersdorfer Sportgel\u00e4nde \u00fcber einen Hartplatz verf\u00fcgt, ist davon auszugehen, dass die Partie auf jeden Fall planm\u00e4\u00dfig um 13 Uhr angepfiffen wird. F\u00fcr die Gastgeber hat das Match beinahe Endspielcharakter, f\u00fcr die SpVgg k\u00f6nnte es richtungsweisend sein.<\/p>\n<div id=\"attachment_1726\" style=\"width: 310px\" class=\"wp-caption alignleft\"><img loading=\"lazy\" decoding=\"async\" aria-describedby=\"caption-attachment-1726\" class=\"size-medium wp-image-1726\" title=\"ASV Laineck \u2013 SpVgg Goldkronach 3:4\" src=\"https:\/\/spvgg-goldkronach.com\/1946\/wp-content\/uploads\/2012\/09\/web_11-300x225.jpg\" alt=\"ASV Laineck \u2013 SpVgg Goldkronach 3:4\" width=\"300\" height=\"225\" srcset=\"https:\/\/spvgg-goldkronach.com\/1946\/wp-content\/uploads\/2012\/09\/web_11-300x225.jpg 300w, https:\/\/spvgg-goldkronach.com\/1946\/wp-content\/uploads\/2012\/09\/web_11.jpg 400w\" sizes=\"auto, (max-width: 300px) 100vw, 300px\" \/><p id=\"caption-attachment-1726\" class=\"wp-caption-text\">Am Sonntag wollen die Gronicher einen erfolgreichen Liga-Start bejubeln.<\/p><\/div>\n<p>Die Kirchenlaibacher stehen als Vorletzter der Kreisklasse mit nur f\u00fcnf Punkten aus 16 Spielen denkbar schlecht da. Noch allerdings ist der Relegationsplatz nicht vollends au\u00dfer Sicht, dort steht derzeit der Post-SV Bayreuth mit zw\u00f6lf Z\u00e4hlern; und auch die Gronicher sind nach der alles andere als optimalen Hinrunde mit 16 Punkten zumindest auf dem Papier einer jener Gegner, gegen die der TSV zu Hause punkten sollte, wenn er die Chance auf den Klassenerhalt wahren m\u00f6chte.<\/p>\n<p><strong>Die SpVgg ist gewarnt<\/strong><\/p>\n<p>F\u00fcr Motivation d\u00fcrfte beim Gastgeber also gesorgt sein. Und es gibt ein weiteres Faktum, das die Verantwortlichen der SpVgg gewarnt sein l\u00e4sst: Die Bezirksliga-Mannschaft der Kirchenlaibacher spielt bereits am Samstag. Freilich, im Aufstiegskampf wird der TSV kaum Kr\u00e4fte schonen und zugunsten der Zweiten abstellen. Dass unter den gegebenen Voraussetzungen aber mit etwas Unterst\u00fctzung f\u00fcr die Reserve zu rechnen sein wird, erscheint logisch.<\/p>\n<p>Im Hinspiel am 26. August fuhren die Gronicher den ersten Heimsieg der Saison ein und zeigten eine souver\u00e4ne Leistung. Angesichts der beschriebenen Vorgeschichte l\u00e4uft das Team aber wohl kaum Gefahr, den Gegner zu untersch\u00e4tzen. Daf\u00fcr wird auch Trainer Torsten Heumann sorgen. Der Coach gab j\u00fcngst zu Protokoll, dass die SpVgg in der R\u00fcckrunde den Fokus auf den Klassenerhalt richten werde \u2013 auch f\u00fcr die G\u00e4ste ist der Vergleich am Sonntag also ein Schl\u00fcsselspiel.<\/p>\n<p><strong>Drei Punkte als erstes Etappenziel<\/strong><\/p>\n<p>Und zwar eines, auf das die Gronicher trotz aller Widrigkeiten brennen: Bereits zum eigentlichen Auftakt am 17. M\u00e4rz wollte die Mannschaft damit beginnen, den Beweis anzutreten, dass das in der Hinrunde gezeigtes Gesicht nicht ihr wahres ist. Drei Punkte im Heimspiel gegen den SV Lindenhardt gab Heumann da als erstes Etappenziel aus \u2013 startet die SpVgg nun stattdessen mit einem Ausw\u00e4rtsdreier in Kirchenlaibach, ist er \u2013 trotz des etwas nervigen Mittagstermins \u2013 sicherlich auch nicht unzufrieden.<\/p>\n<p><strong>Der Spieltag in der \u00dcbersicht:<\/strong><\/p>\n<ul>\n<li><strong><\/strong>TSV Kirchenlaibach II \u2013 SpVgg Goldkronach<\/li>\n<li>SV Mistelgau II \u2013 Sportring Bayreuth (beide Anpfiff 13 Uhr)<\/li>\n<li>SV Lindenhardt \u2013 SSV Warmensteinach<\/li>\n<li>SV Kirchahorn \u2013 TSV Bischofsgr\u00fcn<\/li>\n<li>ASV Laineck \u2013 ASV Nemmersdorf<\/li>\n<li>1. FC Creu\u00dfen \u2013 SV R\u00f6hrenhof<\/li>\n<li>TSV Bad Berneck \u2013 SV Gesees II<\/li>\n<li>SV Weidenberg \u2013 Post-SV Bayreuth (alle Anpfiff 15 Uhr)<\/li>\n<\/ul>\n","protected":false},"excerpt":{"rendered":"<p>Das f\u00fcr Sonntag, 24. M\u00e4rz, angesetzte Ausw\u00e4rtsspiel beim TSV Kirchenlaibach II f\u00e4llt wahrscheinlich aus. Wie am Mittag gemeldet wurde, wird der Verband wohl den kompletten Spieltag am Wochenende absagen. Grund daf\u00fcr sind die anhaltend winterlichen Verh\u00e4ltnisse in weiten Teilen des Spielkreises. Nach Angaben des BFV sollen die Partien an Fronleichnam, Donnerstag, 30. Mai, nachgeholt werden. [&hellip;]<\/p>\n","protected":false},"author":1,"featured_media":1586,"comment_status":"open","ping_status":"closed","sticky":false,"template":"","format":"standard","meta":{"footnotes":""},"categories":[5],"tags":[141,45,60,82],"class_list":["post-1973","post","type-post","status-publish","format-standard","has-post-thumbnail","hentry","category-1-mannschaft","tag-auftakt","tag-auswarts","tag-kirchenlaibach","tag-winterpause"],"_links":{"self":[{"href":"https:\/\/spvgg-goldkronach.com\/1946\/wp-json\/wp\/v2\/posts\/1973","targetHints":{"allow":["GET"]}}],"collection":[{"href":"https:\/\/spvgg-goldkronach.com\/1946\/wp-json\/wp\/v2\/posts"}],"about":[{"href":"https:\/\/spvgg-goldkronach.com\/1946\/wp-json\/wp\/v2\/types\/post"}],"author":[{"embeddable":true,"href":"https:\/\/spvgg-goldkronach.com\/1946\/wp-json\/wp\/v2\/users\/1"}],"replies":[{"embeddable":true,"href":"https:\/\/spvgg-goldkronach.com\/1946\/wp-json\/wp\/v2\/comments?post=1973"}],"version-history":[{"count":9,"href":"https:\/\/spvgg-goldkronach.com\/1946\/wp-json\/wp\/v2\/posts\/1973\/revisions"}],"predecessor-version":[{"id":1983,"href":"https:\/\/spvgg-goldkronach.com\/1946\/wp-json\/wp\/v2\/posts\/1973\/revisions\/1983"}],"wp:featuredmedia":[{"embeddable":true,"href":"https:\/\/spvgg-goldkronach.com\/1946\/wp-json\/wp\/v2\/media\/1586"}],"wp:attachment":[{"href":"https:\/\/spvgg-goldkronach.com\/1946\/wp-json\/wp\/v2\/media?parent=1973"}],"wp:term":[{"taxonomy":"category","embeddable":true,"href":"https:\/\/spvgg-goldkronach.com\/1946\/wp-json\/wp\/v2\/categories?post=1973"},{"taxonomy":"post_tag","embeddable":true,"href":"https:\/\/spvgg-goldkronach.com\/1946\/wp-json\/wp\/v2\/tags?post=1973"}],"curies":[{"name":"wp","href":"https:\/\/api.w.org\/{rel}","templated":true}]}}