{"id":1749,"date":"2012-10-05T16:03:43","date_gmt":"2012-10-05T14:03:43","guid":{"rendered":"http:\/\/spvgg-goldkronach.com\/1946\/?p=1749"},"modified":"2017-02-06T10:52:54","modified_gmt":"2017-02-06T09:52:54","slug":"derby","status":"publish","type":"post","link":"https:\/\/spvgg-goldkronach.com\/1946\/2012\/10\/derby\/","title":{"rendered":"Derby!"},"content":{"rendered":"<p><strong>Es ist nicht zu \u00fcbersehen. Der <em>Nordbayerische Kurier<\/em> schreibt in seiner heutigen Ausgabe von einem &#8222;der prestigetr\u00e4chtigsten Derbys im Landkreis&#8220;, das Fu\u00dfballportal <em>anpfiff<\/em> hat die Partie selbstredend zum Topspiel erkl\u00e4rt und Goldkronach fiebert dem ersten Punktspiel-Derby seit dem 18. April 2008 mit zunehmender Vorfreude und Spannung entgegen.<\/strong><\/p>\n<div id=\"attachment_1752\" style=\"width: 310px\" class=\"wp-caption alignleft\"><img loading=\"lazy\" decoding=\"async\" aria-describedby=\"caption-attachment-1752\" class=\"size-medium wp-image-1752\" title=\"Presse vor dem Derby\" src=\"https:\/\/spvgg-goldkronach.com\/1946\/wp-content\/uploads\/2012\/10\/pressezeugfuersweb400px-300x225.jpg\" alt=\"Presse vor dem Derby\" width=\"300\" height=\"225\" srcset=\"https:\/\/spvgg-goldkronach.com\/1946\/wp-content\/uploads\/2012\/10\/pressezeugfuersweb400px-300x225.jpg 300w, https:\/\/spvgg-goldkronach.com\/1946\/wp-content\/uploads\/2012\/10\/pressezeugfuersweb400px.jpg 400w\" sizes=\"auto, (max-width: 300px) 100vw, 300px\" \/><p id=\"caption-attachment-1752\" class=\"wp-caption-text\">Die Berichterstattung im Vorfeld des Derbys ist durchaus umfangreich.<\/p><\/div>\n<p>Daf\u00fcr gibt es manchen Grund. Ob Spielvereinigung oder ASV, beide Mannschaften, die sich am Sonntag ab 15 Uhr gegen\u00fcber stehen werden, lieferten zuletzt starke Leistungen ab. Vier Spiele ohne Niederlage, dazu der furiose Sieg beim Tabellendritten in Laineck \u2013 das ist die Ansage, mit der die Rot-Schwarzen in die Partie ziehen. Die blau-gelbe Seite kann sich nach zehn Punkten aus den vergangenen vier Spielen sogar noch st\u00e4rker im Aufwind w\u00e4hnen. Ihre Pokalspiele am Mittwoch gewannen beide Teams ebenso \u2013 auch wenn die Nemmersdorfer weiterkamen, weil Kreisligist FC Marktleugast nicht anreiste.<\/p>\n<p><strong>Beim ASV steht alles zum Besten<\/strong><\/p>\n<p>Auch von der gedr\u00fcckten Stimmung ob des wenig erfolgreichen Saisonstarts ist bei der SpVgg nicht mehr viel zu sp\u00fcren. Dass die junge Elf Fortschritte macht, ist nicht zu \u00fcbersehen, obgleich Trainer Heumann noch viel Arbeit vor sich hat. Er muss zum Derby auch wieder auf einige Verletzte verzichten. Immerhin scheint sich im Einzelfall Besserung abzuzeichnen, ob etwa Ingo Scharnagel am Sonntag spielen kann, war Mitte der Woche noch nicht ganz klar. Zweifellos w\u00e4re das eine Personalie, die der in Laineck stellenweise brillianten, aber eben inkonstanten und mitunter anf\u00e4lligen jungen Mannschaft zus\u00e4tzliche Routine und Sicherheit verleihen k\u00f6nnte.<\/p>\n<div id=\"attachment_1726\" style=\"width: 310px\" class=\"wp-caption alignright\"><a href=\"https:\/\/spvgg-goldkronach.com\/1946\/wp-content\/uploads\/2012\/09\/web_11.jpg\"><img loading=\"lazy\" decoding=\"async\" aria-describedby=\"caption-attachment-1726\" class=\"size-medium wp-image-1726\" title=\"ASV Laineck \u2013 SpVgg Goldkronach 3:4\" src=\"https:\/\/spvgg-goldkronach.com\/1946\/wp-content\/uploads\/2012\/09\/web_11-300x225.jpg\" alt=\"ASV Laineck \u2013 SpVgg Goldkronach 3:4\" width=\"300\" height=\"225\" srcset=\"https:\/\/spvgg-goldkronach.com\/1946\/wp-content\/uploads\/2012\/09\/web_11-300x225.jpg 300w, https:\/\/spvgg-goldkronach.com\/1946\/wp-content\/uploads\/2012\/09\/web_11.jpg 400w\" sizes=\"auto, (max-width: 300px) 100vw, 300px\" \/><\/a><p id=\"caption-attachment-1726\" class=\"wp-caption-text\">Jubeln die Gronicher auch am Sonntag? Seit neun Jahren hat die SpVgg zu Hause kein Derby verloren.<\/p><\/div>\n<p>Beim ASV, dessen Zielsetzung mit dem einfachen Wort &#8222;Klassenerhalt&#8220; etwas klarer gesteckt war als das diffuse &#8222;Mitspielen im oberen Mittelfeld&#8220; der SpVgg, steht derzeit ohnehin fast alles zum Besten. Neuzugang Str\u00f6msd\u00f6rfer trifft am Flie\u00dfband und erf\u00fcllt damit genau den Wunsch, den man mit seiner Verpflichtung ge\u00e4u\u00dfert hatte; in den Spielen gegen die Teams im unteren Tabellenfeld zeigten die Nemmersdorfer erstaunliche Souver\u00e4nit\u00e4t; das Konzept, die Mannschaft nach dem Aufstieg nur sehr begrenzt mit neuem Personal auszustatten, geht auf.<\/p>\n<p><strong>Neun Jahre ohne Heimniederlage<\/strong><\/p>\n<p>So stehen die sportlichen Vorzeichen f\u00fcr das Duell gut: Die Zuschauer d\u00fcrfen einen spannenden Vergleich erwarten und mit einem Spiel auf Augenh\u00f6he rechnen, auch wenn Nemmersdorfs Trainer J\u00f6rg Dumbach in der Presse etwas tiefstapelte und verlauten lie\u00df, er sei im Derby mit einem Punkt zufrieden. F\u00fcr Goldkronach ist das Spiel Gelegenheit, die Wende zur erfolgreichen Saison endg\u00fcltig zu vollziehen. Und nat\u00fcrlich eine sehr erfreuliche Serie weiter auszubauen.<\/p>\n<p>Denn es ist lange her, dass der ASV Nemmersdorf zuletzt an der Kronach gewann. Die zuschauertr\u00e4chtigen Derbys waren zwar stets eine knappe Sache, die Spielvereinigung hat jedoch seit dem 24. August 2003, also seit gut neun Jahren, nicht mehr zu Hause gegen den Stadtrivalen verloren. Selbst beim letzten Spiel im April 2008, als sich die Nemmersdorfer mitten im Schlussspurt ihrer Meisterschaftssaison befanden, siegten die Gastgeber. Tilo Seebach entschied die umk\u00e4mpften Partie mit seinem goldenen Tor und sorgte daf\u00fcr, dass die dann kurzzeitig klassentieferen Gronicher stets eine passende Antwort auf Sticheleien parat hatten.<\/p>\n<p><strong>Kein normales Spiel<\/strong><\/p>\n<div id=\"attachment_1750\" style=\"width: 310px\" class=\"wp-caption alignleft\"><img loading=\"lazy\" decoding=\"async\" aria-describedby=\"caption-attachment-1750\" class=\"size-medium wp-image-1750\" title=\"SpVgg Goldkronach - ASV Nemmersdorf 4:2\" src=\"https:\/\/spvgg-goldkronach.com\/1946\/wp-content\/uploads\/2012\/10\/vsASV-002_00012_web-300x69.jpg\" alt=\"SpVgg Goldkronach - ASV Nemmersdorf 4:2\" width=\"300\" height=\"69\" srcset=\"https:\/\/spvgg-goldkronach.com\/1946\/wp-content\/uploads\/2012\/10\/vsASV-002_00012_web-300x69.jpg 300w, https:\/\/spvgg-goldkronach.com\/1946\/wp-content\/uploads\/2012\/10\/vsASV-002_00012_web.jpg 477w\" sizes=\"auto, (max-width: 300px) 100vw, 300px\" \/><p id=\"caption-attachment-1750\" class=\"wp-caption-text\">Im Derby darf man schon mal deutlich werden: &quot;Ihr habt keine Fans! Ihr habt keine Stadtrechte! Ihr habt keine Chance!&quot; am 2. September 2004.<\/p><\/div>\n<p>Dass selbst die j\u00fcngere Vergangenheit viele solcher Geschichten rund um die Begegnung zu erz\u00e4hlen wei\u00df, zeigt die Tradition und Bedeutung des Derbys. Es ist tats\u00e4chlich eines der hei\u00dfesten im Fu\u00dfballkreis. Mit dem nahenden Termin best\u00e4tigt es sich: Den Spielen gegen Bad Berneck oder Ramsenthal, zum Beispiel, konnte man aufgrund der r\u00e4umlichen N\u00e4he zwischen den Vereinen den Stempel &#8222;Derby&#8220; zwar aufdr\u00fccken \u2013 ein Ersatz f\u00fcr das Original konnten sie jedoch nie sein.<\/p>\n<p>Die Berichterstattung, die Spannung im Umfeld, alles fiebert auf den Sonntag hin. &#8222;Kommst&#8216; zum Derby?&#8220; \u2013 Ausw\u00e4rtige und Ehemalige haben sich angek\u00fcndigt, ein bisschen kribbelt&#8217;s schon. Ein faires Spiel soll es sein, bei dem der Sport im Vordergrund steht. Ein normales hingegen \u2013 das ist es sicher nicht. Und deshalb sind der Worte nun genug verloren. Sonntag, 7. Oktober, 13 Uhr: SpVgg Goldkronach II \u2013 ASV Nemmersdorf II. 15 Uhr: SpVgg Goldkronach \u2013 ASV Nemmersdorf.<\/p>\n<p><strong>Eine Stadt \u2013 ein Verein! Vorw\u00e4rts Goldkronach!<\/strong><\/p>\n","protected":false},"excerpt":{"rendered":"<p>Es ist nicht zu \u00fcbersehen. Der Nordbayerische Kurier schreibt in seiner heutigen Ausgabe von einem &#8222;der prestigetr\u00e4chtigsten Derbys im Landkreis&#8220;, das Fu\u00dfballportal anpfiff hat die Partie selbstredend zum Topspiel erkl\u00e4rt und Goldkronach fiebert dem ersten Punktspiel-Derby seit dem 18. April 2008 mit zunehmender Vorfreude und Spannung entgegen. Daf\u00fcr gibt es manchen Grund. Ob Spielvereinigung oder [&hellip;]<\/p>\n","protected":false},"author":1,"featured_media":1751,"comment_status":"open","ping_status":"closed","sticky":false,"template":"","format":"standard","meta":{"footnotes":""},"categories":[5,674,6],"tags":[181,322,57,183,170,130,187,323,116],"class_list":["post-1749","post","type-post","status-publish","format-standard","has-post-thumbnail","hentry","category-1-mannschaft","category-spvgg-goldkronach-pressespiegel","category-2-mannschaft","tag-anpfiff","tag-asv-nemmersdorf","tag-derby","tag-heumann","tag-kurier","tag-presse","tag-scharnagel","tag-stadtduell","tag-vorschau"],"_links":{"self":[{"href":"https:\/\/spvgg-goldkronach.com\/1946\/wp-json\/wp\/v2\/posts\/1749","targetHints":{"allow":["GET"]}}],"collection":[{"href":"https:\/\/spvgg-goldkronach.com\/1946\/wp-json\/wp\/v2\/posts"}],"about":[{"href":"https:\/\/spvgg-goldkronach.com\/1946\/wp-json\/wp\/v2\/types\/post"}],"author":[{"embeddable":true,"href":"https:\/\/spvgg-goldkronach.com\/1946\/wp-json\/wp\/v2\/users\/1"}],"replies":[{"embeddable":true,"href":"https:\/\/spvgg-goldkronach.com\/1946\/wp-json\/wp\/v2\/comments?post=1749"}],"version-history":[{"count":8,"href":"https:\/\/spvgg-goldkronach.com\/1946\/wp-json\/wp\/v2\/posts\/1749\/revisions"}],"predecessor-version":[{"id":4804,"href":"https:\/\/spvgg-goldkronach.com\/1946\/wp-json\/wp\/v2\/posts\/1749\/revisions\/4804"}],"wp:featuredmedia":[{"embeddable":true,"href":"https:\/\/spvgg-goldkronach.com\/1946\/wp-json\/wp\/v2\/media\/1751"}],"wp:attachment":[{"href":"https:\/\/spvgg-goldkronach.com\/1946\/wp-json\/wp\/v2\/media?parent=1749"}],"wp:term":[{"taxonomy":"category","embeddable":true,"href":"https:\/\/spvgg-goldkronach.com\/1946\/wp-json\/wp\/v2\/categories?post=1749"},{"taxonomy":"post_tag","embeddable":true,"href":"https:\/\/spvgg-goldkronach.com\/1946\/wp-json\/wp\/v2\/tags?post=1749"}],"curies":[{"name":"wp","href":"https:\/\/api.w.org\/{rel}","templated":true}]}}